{"id":75023,"date":"2023-05-23T12:13:54","date_gmt":"2023-05-23T10:13:54","guid":{"rendered":"https:\/\/www.mojevrijeme.hr\/magazin\/?p=75023"},"modified":"2023-05-23T12:24:32","modified_gmt":"2023-05-23T10:24:32","slug":"djedova-tuga-nisam-im-dao-stan-za-kaznu-ne-znam-kako-mi-izgledaju-unuci","status":"publish","type":"post","link":"https:\/\/www.mojevrijeme.hr\/magazin\/2023\/05\/djedova-tuga-nisam-im-dao-stan-za-kaznu-ne-znam-kako-mi-izgledaju-unuci\/","title":{"rendered":"Djedova tuga: Nisam im dao stan, za kaznu ne znam kako mi izgledaju unuci"},"content":{"rendered":"\n<p>Nikada dovoljno ponavljanja da nepo\u0161tivanje majke i oca ima nesagledive posljedice, kao i da nepo\u0161tivanje roditelja supru\u017enika ili partnera mo\u017ee zavaditi najmanje tri obitelji koje samo pate i dublje padaju u rivalstvo, zavist, gotovo mr\u017enju. <\/p>\n\n\n\n<p>Kroz toliko smo tragi\u010dnih primjera pokazali besmisao inzistiranja na uvjerenju jedne strane da je uvijek u pravu, dok se drugu krivi za sve \u0161to ne valja. Pa opet, toliko je nesretnih sudbina i dalje oko nas, ba\u0161 poput sudbine nesretnog djeda koji nam je napisao pismo prepuno tuge. Koliko je ubijen u pojam najbolje govori zadnja re\u010denica njegova pisma, koja glasi: &#8220;Sva\u0111a ima svugdje, ali sutra je novi dan i novi po\u010detak. Samo, pitam se, za koga?&#8221;<\/p>\n\n\n\n<p>Evo \u0161to se dogodilo na\u0161em \u010ditatelju hrvatskih korijena, koji \u017eivi u \u0160vicarskoj. &#8220;Po zanimanju sam enolog, u \u0160vicarskoj \u017eivim i jo\u0161 uvijek radim. S prvom suprugom dobio sam dvoje djece, sin danas ima 31, a k\u0107i 26 godina. S drugom \u017eenom imam jednu k\u0107er od 18 godina, svi su ovdje ro\u0111eni. Sve je bilo dobro dok mi se sin nije o\u017eenio za na\u0161u djevojku. Sve je puklo u trenutku kad sam im obe\u0107ao stan, s napomenom da \u0107u im ga predati kad postanem djed.&#8221;<\/p><div id=\"mojev-1955817089\" class=\"mojev-u-tekstu mojev-entity-placement\" style=\"margin-left: auto;margin-right: auto;text-align: center;\"><div class=\"mojev-adlabel\">oglas<\/div><div style=\"height: 250px;\"><script async src=\"https:\/\/pagead2.googlesyndication.com\/pagead\/js\/adsbygoogle.js?client=ca-pub-8106111766207173\"\r\n     crossorigin=\"anonymous\"><\/script>\r\n<!-- Prikazni 1 u tekstu -->\r\n<ins class=\"adsbygoogle\"\r\n     style=\"display:block\"\r\n     data-ad-client=\"ca-pub-8106111766207173\"\r\n     data-ad-slot=\"8535551207\"\r\n     data-ad-format=\"auto\"\r\n     data-full-width-responsive=\"true\"><\/ins>\r\n<script>\r\n     (adsbygoogle = window.adsbygoogle || []).push({});\r\n<\/script><\/div><\/div><br style=\"clear: both; display: block; float: none;\"\/>\n\n\n\n<p>Potom su, ka\u017ee, po\u010deli pritisci i to ponajvi\u0161e od snahe. Stalno su ga pitali kada \u0107e im prepisati stan i sve ga je to, obja\u0161njava, podsje\u0107alo na film Psiho. <\/p>\n\n\n\n<p>&#8220;Ta \u017eena je od mog sina napravila slijepca i sve se urotilo protiv nas. Kad sam vidio kud to vodi, rekao sam sinu da mu zbog konstantnog pritiska njegove \u017eene ne\u0107u prepisati stan. Ali on nema svoje &#8220;ja&#8221;. Ona govori kroz njega, a nas ne vidi. Ne smije re\u0107i niti &#8220;a&#8221;, ne smije odgovoriti na niti jedno pitanje dok mu supruga ne odobri.&#8221;<\/p>\n\n\n\n<p>Ono \u0161to je najgore, ka\u017ee na\u0161 \u010ditatelj, je to \u0161to nema kontakta s unucima. &#8220;Ne znam kako mi unuka i unuk izgledaju, ne dolaze, ne javljaju se, ne poznaju nas. Sin mi je kao &#8216;zabetoniran&#8217;. Ne smije i ne\u0107e poduzeti ni\u0161ta, a na moj prigovor, slu\u0161am ono \u0161to mu je \u017eena nalo\u017eila da ka\u017ee. Slu\u0161am, i to s \u00a0&#8216;knedlom u grlu&#8217;. Njezine rije\u010di i argumenti prevladavaju i on kao otac obitelji uop\u0107e nema pravo glasa.&#8221;<\/p>\n\n\n\n<p>Sin, dodaje, u suprugu i njenu obitelj gleda kao u svetinju. &#8220;Ja i svi s na\u0161e strane, nakon 15 godina alimentacija koju sam mu pla\u0107ao, mi smo nule. Nigdje nisam bio i ni\u0161ta nisam vidio. Samo sam se odricao za djecu, ali to njegovoj dragoj i njemu vi\u0161e nije va\u017eno. Sin mi i dan danas stalno ne\u0161to prigovara, \u010dak i zbog sitnica o kojima se nema \u0161to pri\u010dati. &#8220;<\/p>\n\n\n\n<p>&#8220;Odustali smo. Znam da u svakoj obitelji ima nesuglasica, ali ako je sve samo interes s druge strane, mene tu nema. Sva\u0111a ima svugdje, ali sutra je novi dan i novi po\u010detak. Samo, pitam se, za koga?\u201d zaklju\u010duje u potresnom pismu.<\/p>\n\n\n\n<p>I za kraj, osvijestimo da djeci ne koristimo time \u0161to im branimo da imaju dvije bake i dva djeda &#8211; ova pri\u010da neka nam bude poticaj za preispitivanje.<\/p>\n\n\n\n<div id=\"crveno\"><\/p>\n\n\n\n<h3 class=\"wp-block-heading\">Zanima nas va\u0161a pri\u010da<\/h3>\n\n\n\n<p>\u017delite li i vi, posve anonimno, podijeliti svoje iskustvo i vi\u0111enje ove teme s nama i na\u0161im \u010ditateljima, mo\u017eete to u\u010diniti putem web obrasca <a rel=\"noreferrer noopener\" href=\"https:\/\/www.mojevrijeme.hr\/magazin\/povjerljivo\/\" target=\"_blank\">Povjerljivo<\/a>. Napi\u0161ite svoju pri\u010du!<\/p>\n\n\n\n<p><\/div>\n<div id=\"mojev-1270608438\" class=\"mojev-kraj-teksta mojev-entity-placement\" style=\"margin-bottom: 20px;margin-left: auto;margin-right: auto;text-align: center;\"><div class=\"mojev-adlabel\">oglas<\/div><div style=\"height: 250px;\"><script async src=\"https:\/\/pagead2.googlesyndication.com\/pagead\/js\/adsbygoogle.js?client=ca-pub-8106111766207173\"\r\n     crossorigin=\"anonymous\"><\/script>\r\n<!-- Display-1 -->\r\n<ins class=\"adsbygoogle\"\r\n     style=\"display:block\"\r\n     data-ad-client=\"ca-pub-8106111766207173\"\r\n     data-ad-slot=\"1465712950\"\r\n     data-ad-format=\"auto\"\r\n     data-full-width-responsive=\"true\"><\/ins>\r\n<script>\r\n     (adsbygoogle = window.adsbygoogle || []).push({});\r\n<\/script><\/div><\/div>","protected":false},"excerpt":{"rendered":"<p>Kad razgovaram s ljudima tre\u0107e \u017eivotne dobi najvi\u0161e me diraju uzdasi onih koji su nad\u017eivjeli svoju djecu, koji su te\u0161ko bolesni, a zatim i onih koje su \u017eiva djeca otpisala. Da apsurd bude ve\u0107i, naj\u010de\u0161\u0107e to okretanje le\u0111a roditeljima bude zbog imovine i naj\u010de\u0161\u0107e su ta djeca danas odrasli ljudi kojima su majka i otac pru\u017eili obrazovanje i osposobili ih za \u017eivot. Gramzivost doista ne poznaje granice, uvjerio nas je i opet jedan utu\u010den djed.<\/p>\n","protected":false},"author":17,"featured_media":75074,"comment_status":"closed","ping_status":"closed","sticky":false,"template":"","format":"standard","meta":{"footnotes":""},"categories":[2],"tags":[918,3437,2748],"class_list":["post-75023","post","type-post","status-publish","format-standard","has-post-thumbnail","hentry","category-mozaik","tag-imovina","tag-obiteljski-odnosi","tag-raspolaganje-imovinom"],"_links":{"self":[{"href":"https:\/\/www.mojevrijeme.hr\/magazin\/wp-json\/wp\/v2\/posts\/75023","targetHints":{"allow":["GET"]}}],"collection":[{"href":"https:\/\/www.mojevrijeme.hr\/magazin\/wp-json\/wp\/v2\/posts"}],"about":[{"href":"https:\/\/www.mojevrijeme.hr\/magazin\/wp-json\/wp\/v2\/types\/post"}],"author":[{"embeddable":true,"href":"https:\/\/www.mojevrijeme.hr\/magazin\/wp-json\/wp\/v2\/users\/17"}],"replies":[{"embeddable":true,"href":"https:\/\/www.mojevrijeme.hr\/magazin\/wp-json\/wp\/v2\/comments?post=75023"}],"version-history":[{"count":0,"href":"https:\/\/www.mojevrijeme.hr\/magazin\/wp-json\/wp\/v2\/posts\/75023\/revisions"}],"wp:featuredmedia":[{"embeddable":true,"href":"https:\/\/www.mojevrijeme.hr\/magazin\/wp-json\/wp\/v2\/media\/75074"}],"wp:attachment":[{"href":"https:\/\/www.mojevrijeme.hr\/magazin\/wp-json\/wp\/v2\/media?parent=75023"}],"wp:term":[{"taxonomy":"category","embeddable":true,"href":"https:\/\/www.mojevrijeme.hr\/magazin\/wp-json\/wp\/v2\/categories?post=75023"},{"taxonomy":"post_tag","embeddable":true,"href":"https:\/\/www.mojevrijeme.hr\/magazin\/wp-json\/wp\/v2\/tags?post=75023"}],"curies":[{"name":"wp","href":"https:\/\/api.w.org\/{rel}","templated":true}]}}