{"id":75054,"date":"2023-05-23T10:53:19","date_gmt":"2023-05-23T08:53:19","guid":{"rendered":"https:\/\/www.mojevrijeme.hr\/magazin\/?p=75054"},"modified":"2023-05-23T11:02:34","modified_gmt":"2023-05-23T09:02:34","slug":"mladi-srbi-zele-novu-jugoslaviju-imamo-isti-jezik-i-mentalitet","status":"publish","type":"post","link":"https:\/\/www.mojevrijeme.hr\/magazin\/2023\/05\/mladi-srbi-zele-novu-jugoslaviju-imamo-isti-jezik-i-mentalitet\/","title":{"rendered":"Mladi Srbi \u017eele novu Jugoslaviju: To je prirodno"},"content":{"rendered":"\n<p>&#8220;Svake godine, mala skupina starijih ljudi u izno\u0161enim uniformama iz Drugog svjetskog rata ukra\u0161enim komunisti\u010dkim rekvizitima, stoje u redu u Beogradu kako bi odali po\u010dast svom biv\u0161em vo\u0111i, Josipu Brozu Titu.&#8221; Uvod je to u prilog kojim AFP obja\u0161njava novi fenomen koji se bilje\u017ei u Srbiji.<\/p>\n\n\n\n<p>Naime, kako pi\u0161e dopisnik AFP-a iz Beograda, usred \u017eestokog nacionalizma koji je uobi\u010dajen u Srbiji i ve\u0107em dijelu Balkana, sve vi\u0161e mladih prihva\u0107a &#8220;jugoslavenski&#8221; identitet iz pro\u0161losti. Dapa\u010de, zamjetan je broj oni koji su se na popisu stanovni\u0161tva izjasnili kao Jugoslaveni. <\/p>\n\n\n\n<p>Me\u0111u njima je i student <strong>Ivan Cvetkovi\u0107<\/strong> (23) koji za sebe ka\u017ee da je dijete iz mije\u0161anog braka pa smatra da ima vi\u0161e od jedne nacionalnosti. &#8220;Na Balkanu dijelimo isti jezik, povijest i mentalitet&#8221;, rekao je AFP-u. &#8220;Biti Jugoslaven je za mene samo prirodno.&#8221;<\/p><div id=\"mojev-343671112\" class=\"mojev-u-tekstu mojev-entity-placement\" style=\"margin-left: auto;margin-right: auto;text-align: center;\"><div class=\"mojev-adlabel\">oglas<\/div><div style=\"height: 250px;\"><script async src=\"https:\/\/pagead2.googlesyndication.com\/pagead\/js\/adsbygoogle.js?client=ca-pub-8106111766207173\"\r\n     crossorigin=\"anonymous\"><\/script>\r\n<!-- Prikazni 1 u tekstu -->\r\n<ins class=\"adsbygoogle\"\r\n     style=\"display:block\"\r\n     data-ad-client=\"ca-pub-8106111766207173\"\r\n     data-ad-slot=\"8535551207\"\r\n     data-ad-format=\"auto\"\r\n     data-full-width-responsive=\"true\"><\/ins>\r\n<script>\r\n     (adsbygoogle = window.adsbygoogle || []).push({});\r\n<\/script><\/div><\/div><br style=\"clear: both; display: block; float: none;\"\/>\n\n\n\n<p>Obnova jugoslavenskog identiteta jo\u0161 je u povojima, ali postaje sve o\u010ditija, posebno u Srbiji. Tijekom posljednjeg popisa stanovni\u0161tva u Srbiji, 2022. godine, otprilike 27.000 ljudi proglasilo se Jugoslavenima, \u0161to je porast u odnosu na 23.000 iz 2011. godine. Zanimljiv je to podatak u zemlji s padaju\u0107om populacijom. Za mnoge, to je tako\u0111er oblik prosvjeda protiv nacionalizma.<\/p>\n\n\n\n<p>&#8220;Nismo biv\u0161i Jugoslaveni. Mi smo budu\u0107i Jugoslaveni&#8221;, rekao je AFP-u novosadski glazbenik i radijski voditelj <strong>Da\u0161ko Milinovi\u0107<\/strong>. &#8220;Ovo se ne odnosi na biv\u0161u Jugoslaviju, ve\u0107 na budu\u0107u.&#8221; Pro\u0161le je godine i za BBC objasnio ovaj svoj stav. &#8220;Kad razmi\u0161ljam gdje sebe vidim na Zemlji, u kojoj kulturi, u kojem sustavu zajedni\u010dkih pogleda na svijet, onda je Jugoslaven najbli\u017ee \u0161to mogu re\u0107i. Sve ovo manje od Jugoslavije meni je nedovoljno i neprecizno&#8221;, kazao je krajem pro\u0161le godine. <\/p>\n\n\n\n<div id=\"crveno\"><\/p>\n\n\n\n<h3 class=\"wp-block-heading\">Zanima nas va\u0161a pri\u010da<\/h3>\n\n\n\n<p>\u017delite li i vi, posve anonimno, podijeliti svoje iskustvo i vi\u0111enje ove teme s nama i na\u0161im \u010ditateljima, mo\u017eete to u\u010diniti putem web obrasca <a rel=\"noreferrer noopener\" href=\"https:\/\/www.mojevrijeme.hr\/magazin\/povjerljivo\/\" target=\"_blank\">Povjerljivo<\/a>. Napi\u0161ite svoju pri\u010du!<\/p>\n\n\n\n<p><\/div>\n\n\n\n<p><\/p>\n<div id=\"mojev-3202042815\" class=\"mojev-kraj-teksta mojev-entity-placement\" style=\"margin-bottom: 20px;margin-left: auto;margin-right: auto;text-align: center;\"><div class=\"mojev-adlabel\">oglas<\/div><div style=\"height: 250px;\"><script async src=\"https:\/\/pagead2.googlesyndication.com\/pagead\/js\/adsbygoogle.js?client=ca-pub-8106111766207173\"\r\n     crossorigin=\"anonymous\"><\/script>\r\n<!-- Display-1 -->\r\n<ins class=\"adsbygoogle\"\r\n     style=\"display:block\"\r\n     data-ad-client=\"ca-pub-8106111766207173\"\r\n     data-ad-slot=\"1465712950\"\r\n     data-ad-format=\"auto\"\r\n     data-full-width-responsive=\"true\"><\/ins>\r\n<script>\r\n     (adsbygoogle = window.adsbygoogle || []).push({});\r\n<\/script><\/div><\/div>","protected":false},"excerpt":{"rendered":"<p>Novo jugoslavenstvo je oblik prosvjeda protiv nacionalizama kojima su natopljene dr\u017eave nastale raspadom Jugoslavije. Agence France-Presse javlja da je ovaj fenomen najuo\u010dljiviji u Srbiji. <\/p>\n","protected":false},"author":1,"featured_media":37996,"comment_status":"closed","ping_status":"closed","sticky":false,"template":"","format":"standard","meta":{"footnotes":""},"categories":[2,9],"tags":[188,1281,638],"class_list":["post-75054","post","type-post","status-publish","format-standard","has-post-thumbnail","hentry","category-mozaik","category-vijesti","tag-jugoslavija","tag-nacionalizam","tag-srbija"],"_links":{"self":[{"href":"https:\/\/www.mojevrijeme.hr\/magazin\/wp-json\/wp\/v2\/posts\/75054","targetHints":{"allow":["GET"]}}],"collection":[{"href":"https:\/\/www.mojevrijeme.hr\/magazin\/wp-json\/wp\/v2\/posts"}],"about":[{"href":"https:\/\/www.mojevrijeme.hr\/magazin\/wp-json\/wp\/v2\/types\/post"}],"author":[{"embeddable":true,"href":"https:\/\/www.mojevrijeme.hr\/magazin\/wp-json\/wp\/v2\/users\/1"}],"replies":[{"embeddable":true,"href":"https:\/\/www.mojevrijeme.hr\/magazin\/wp-json\/wp\/v2\/comments?post=75054"}],"version-history":[{"count":0,"href":"https:\/\/www.mojevrijeme.hr\/magazin\/wp-json\/wp\/v2\/posts\/75054\/revisions"}],"wp:featuredmedia":[{"embeddable":true,"href":"https:\/\/www.mojevrijeme.hr\/magazin\/wp-json\/wp\/v2\/media\/37996"}],"wp:attachment":[{"href":"https:\/\/www.mojevrijeme.hr\/magazin\/wp-json\/wp\/v2\/media?parent=75054"}],"wp:term":[{"taxonomy":"category","embeddable":true,"href":"https:\/\/www.mojevrijeme.hr\/magazin\/wp-json\/wp\/v2\/categories?post=75054"},{"taxonomy":"post_tag","embeddable":true,"href":"https:\/\/www.mojevrijeme.hr\/magazin\/wp-json\/wp\/v2\/tags?post=75054"}],"curies":[{"name":"wp","href":"https:\/\/api.w.org\/{rel}","templated":true}]}}