{"id":75089,"date":"2023-05-24T09:38:25","date_gmt":"2023-05-24T07:38:25","guid":{"rendered":"https:\/\/www.mojevrijeme.hr\/magazin\/?p=75089"},"modified":"2023-06-05T11:24:56","modified_gmt":"2023-06-05T09:24:56","slug":"prekasno-se-razvela-trosio-je-pijan-od-vardara-do-triglava-a-ja-sam-pobjegla-u-bolest","status":"publish","type":"post","link":"https:\/\/www.mojevrijeme.hr\/magazin\/2023\/05\/prekasno-se-razvela-trosio-je-pijan-od-vardara-do-triglava-a-ja-sam-pobjegla-u-bolest\/","title":{"rendered":"Prekasni razvod: Tro\u0161io je pijan od Vardara do Triglava, ja sam oboljela"},"content":{"rendered":"\n<p>Obitelj u kojoj vlada psihi\u010dko nasilje trpi polako, ali sigurno. U po\u010detku se sve opravdava, gaji se nada u preokret, u to da \u0107e vuk promijeniti \u0107ud. Da nakon 17 godina patnje mo\u017ee biti kasno za razvod, govori sudbina gospo\u0111e Mile &#8211; od svojih ranih \u010detrdesetih ona je na lijekovima za \u0161titnja\u010du, a nesretna k\u0107i je s 18 godina bezglavo pobjegla \u017eivjeti s prvim koji je nai\u0161ao.<\/p>\n\n\n\n<h3 class=\"wp-block-heading\">Srednjo\u0161kolska ljubav<\/h3>\n\n\n\n<p>&#8220;Odrasla sam na selu u Zagorju, na samoj granici sa Slovenijom. Roditelji su vidjeli da mi ide \u0161kola, pa su me s 14 godina poslali u srednju grafi\u010dku u Zagreb. Pred kraj \u0161kolovanja upoznala sam budu\u0107eg supruga, on je tada zavr\u0161avao trgova\u010dku. Nakon mature odlu\u010dili smo se o\u017eeniti pa se vi\u0161e nikad nisam vratila u svoju voljenu obitelj&#8221;, zapo\u010dela je svoju pri\u010du gospo\u0111a Mila.<\/p>\n\n\n\n<h3 class=\"wp-block-heading\">Zatomila svoje bi\u0107e<\/h3>\n\n\n\n<p>Prvih godinu dana \u017eivjeli su, ka\u017ee, kod njegovih roditelja, imali su svoju sobu u stanu. &#8220;Tu sam se napatila jer sam potpuno zatomila svoje bi\u0107e, samo sam pazila da svekrvu ili svekra ne\u010dim ne uznemirim, bojala sam se u\u0107i u njezinu kuhinju, bojala sam da \u0107u svoje cipele staviti na tu\u0111e mjesto, uvijek sam si zadnja stavljala hranu u tanjur. Ipak, bila sam zaljubljena i puna nade i \u017eivjela sam za dan kad \u0107emo kupiti vlastiti stan. To me dr\u017ealo, to je bila moja mantra&#8221;, povjerila nam je gospo\u0111a Mila.<\/p><div id=\"mojev-3112118134\" class=\"mojev-u-tekstu mojev-entity-placement\" style=\"margin-left: auto;margin-right: auto;text-align: center;\"><div class=\"mojev-adlabel\">oglas<\/div><div style=\"height: 250px;\"><script async src=\"https:\/\/pagead2.googlesyndication.com\/pagead\/js\/adsbygoogle.js?client=ca-pub-8106111766207173\"\r\n     crossorigin=\"anonymous\"><\/script>\r\n<!-- Prikazni 1 u tekstu -->\r\n<ins class=\"adsbygoogle\"\r\n     style=\"display:block\"\r\n     data-ad-client=\"ca-pub-8106111766207173\"\r\n     data-ad-slot=\"8535551207\"\r\n     data-ad-format=\"auto\"\r\n     data-full-width-responsive=\"true\"><\/ins>\r\n<script>\r\n     (adsbygoogle = window.adsbygoogle || []).push({});\r\n<\/script><\/div><\/div><br style=\"clear: both; display: block; float: none;\"\/>\n\n\n\n<p>Oboje su, ka\u017ee, dobili posao u struci, dobro im je i\u0161lo. Bilo je to sredinom \u0161ezdesetih, uselili su se u 50 kvadrata u novogradnji. &#8220;Mislila sam da me od tog trenutka vi\u0161e nikakva nevolja ne mo\u017ee sna\u0107i, da me \u010deka \u017eivot iz snova. Bila sam ubrzo i najsretnija trudnica i potom, kad nam se rodila djevoj\u010dica, najsretnija majka. Ona je bila moj \u017eivot, moje sve. Ali, kako su godine prolazile, brak su po\u010dele nagrizati nesuglasice&#8221;, govori nam.<\/p>\n\n\n\n<p>Bilo je to, ka\u017ee, vrijeme kad su trgova\u010dki putnici obilazili cijelu Jugoslaviju. Mogli su nepojmljivo mnogo zaraditi, ali su na tim putovanjima dolazili u kojekakva isku\u0161enja. &#8220;Najprije je po\u010delo s alkoholom, vra\u0107ao bi se nakon tri dana s puta sav unere\u0111en. Ljudi moji, ja sam mu morala vaditi nov\u010danice koje bi virile iz d\u017eepova na sakou i hla\u010dama, on bi \u010dastio po birtijama od Vardara pa do Triglava i jo\u0161 za kraj tu po na\u0161oj Tre\u0161njevci. Taj nikad nije pojma imao koliko gotovine ima kod sebe. Da mu nisam uzimala onaj preostali novac koji ne bi stigao potro\u0161iti i da ga nisam spremala za crne dane, ni\u0161ta ne bi imali&#8221;, govori gospo\u0111a Mila.<\/p>\n\n\n\n<p>Naposljetku je, ka\u017ee, osvijestila i da je nevjeran. &#8220;Na kraju vi\u0161e nisam znala gdje je, \u0161to je, ni s kim je. Moje su ruke bile vezane, trebalo je podizati k\u0107er. No, tuga mi je nagrizala zdravlje, godinama sam trpjela, nije ni \u010dudo. Zarekla sam se da \u0107u izdr\u017eati dok mi k\u0107i ne zavr\u0161i srednju \u0161kolu, dok ne sazrije. Kad sam vidjela da je dovoljno zrela da mo\u017ee shvatiti i podnijeti razvod, odva\u017eila sam se izbaciti joj oca iz stana. U to vrijeme neza\u0161ti\u0107enoj \u017eeni bilo je te\u017ee nego danas napraviti takav potez, bez obzira na financijsku neovisnost. Rastavljenu \u017eenu su tada bili u stanju \u017eivu pojesti, od vlastite obitelji nadalje&#8221;, napominje.<\/p>\n\n\n\n<h3 class=\"wp-block-heading\">Podr\u0161ke niotkuda<\/h3>\n\n\n\n<p>Nedostajala joj je, ka\u017ee, podr\u0161ka, netko kome se mogla obratiti i pojadati. Na poslu je bila u mu\u0161kom okru\u017eenju, majka je \u017eivjela daleko na selu, svi bez automobila. Susjede u zgradi su jedva \u010dekale da imaju koga ogovarati, svi su je gledali kao da ima kugu. &#8220;Umjesto da o\u010daj izbacim van, grizao me iznutra. Na moju nesre\u0107u i taj neki moj ponos nije mi dopu\u0161tao da barem nekome priznam da sam nesretna, jadna, poni\u017eavana. A bila sam \u017ertva njegovog alkoholizma, raspr\u010dkavanja imovine, zanemarivanja, nevjere, visokih tonova. Na kraju sam se ozbiljno razboljela, najprije su mi se pogor\u0161ale alergije, potom sam oboljela na \u0161titnja\u010du. Tu je va\u017eno re\u0107i i da u vrijeme najve\u0107e nesre\u0107e nisam napunila ni \u010detrdeseti ro\u0111endan. Izgledala sam kao da imam najmanje deset godina vi\u0161e&#8221;, pri\u010da nesretna umirovljenica.<\/p>\n\n\n\n<p>Najte\u017ee joj pada, ka\u017ee, \u0161to je mislila da ostankom u nesretnom braku \u0161titi k\u0107er, a ona je od malih nogu osje\u0107ala maj\u010dinu nevolju i \u010dekala kad \u0107e pobje\u0107i. &#8220;K\u0107i je oti\u0161la s prvim koji je nai\u0161ao, samo da pobjegne, nije vi\u0161e mogla trpjeti moju bolesnu tugu. Meni se jo\u0161 ponekad javi, njega cijeli \u017eivot mrzi iz dna du\u0161e i on za nju ne postoji. Mislim da ba\u0161 zbog takvog djetinjstva ni ona nije uspjela posti\u0107i sre\u0107u u braku. Izjeda me to sve i danas, ne znam kako sam jo\u0161 \u017eiva, kako se jo\u0161 vu\u010dem do ljekarne, kad sam u prijevremenu mirovinu zbog kroni\u010dne bolesti oti\u0161la s 51 godinom. Ali, ne biramo kad \u0107emo s ovog svijeta&#8221;, rekla je umornim glasom gospo\u0111a Mila.<\/p>\n\n\n\n<div id=\"crveno\"><\/p>\n\n\n\n<h3 class=\"wp-block-heading\">Zanima nas va\u0161a pri\u010da<\/h3>\n\n\n\n<p>\u017delite li i vi, posve anonimno, podijeliti svoje iskustvo i vi\u0111enje ove teme s nama i na\u0161im \u010ditateljima, mo\u017eete to u\u010diniti putem web obrasca <a rel=\"noreferrer noopener\" href=\"https:\/\/www.mojevrijeme.hr\/magazin\/povjerljivo\/\" target=\"_blank\">Povjerljivo<\/a>. Napi\u0161ite svoju pri\u010du!<\/p>\n\n\n\n<p><\/div>\n<div id=\"mojev-2617088607\" class=\"mojev-kraj-teksta mojev-entity-placement\" style=\"margin-bottom: 20px;margin-left: auto;margin-right: auto;text-align: center;\"><div class=\"mojev-adlabel\">oglas<\/div><div style=\"height: 250px;\"><script async src=\"https:\/\/pagead2.googlesyndication.com\/pagead\/js\/adsbygoogle.js?client=ca-pub-8106111766207173\"\r\n     crossorigin=\"anonymous\"><\/script>\r\n<!-- Display-1 -->\r\n<ins class=\"adsbygoogle\"\r\n     style=\"display:block\"\r\n     data-ad-client=\"ca-pub-8106111766207173\"\r\n     data-ad-slot=\"1465712950\"\r\n     data-ad-format=\"auto\"\r\n     data-full-width-responsive=\"true\"><\/ins>\r\n<script>\r\n     (adsbygoogle = window.adsbygoogle || []).push({});\r\n<\/script><\/div><\/div>","protected":false},"excerpt":{"rendered":"<p>\u017divotna pri\u010da gospo\u0111e Mile (81) vra\u0107a nas u vrijeme kad je razvod za \u017eenu u kasnim tridesetima bio stra\u0161an \u010din, sramota za obitelj, kad su informacije o pravima bile manje dostupne, a okolina bila nepravedni sudac i progonitelj. Ona je gotovo 17 godina odga\u0111ala neizbje\u017eno, trpjela poni\u017eenja, raspr\u010dkavanje imovine, suprugov alkoholizam, nevjeru, visoke tonove, sve dok nije pukla i otjerala ga. Tada je, tvrdi, ve\u0107 bilo kasno i za nju i za k\u0107i \u2013 nikad se nisu oporavile od svega \u0161to su pro\u017eivljavale.<\/p>\n","protected":false},"author":17,"featured_media":75144,"comment_status":"closed","ping_status":"closed","sticky":false,"template":"","format":"standard","meta":{"footnotes":""},"categories":[3552],"tags":[99,1436,252],"class_list":["post-75089","post","type-post","status-publish","format-standard","has-post-thumbnail","hentry","category-povjerljivo","tag-alkoholizam","tag-povjerljivo","tag-razvod"],"_links":{"self":[{"href":"https:\/\/www.mojevrijeme.hr\/magazin\/wp-json\/wp\/v2\/posts\/75089","targetHints":{"allow":["GET"]}}],"collection":[{"href":"https:\/\/www.mojevrijeme.hr\/magazin\/wp-json\/wp\/v2\/posts"}],"about":[{"href":"https:\/\/www.mojevrijeme.hr\/magazin\/wp-json\/wp\/v2\/types\/post"}],"author":[{"embeddable":true,"href":"https:\/\/www.mojevrijeme.hr\/magazin\/wp-json\/wp\/v2\/users\/17"}],"replies":[{"embeddable":true,"href":"https:\/\/www.mojevrijeme.hr\/magazin\/wp-json\/wp\/v2\/comments?post=75089"}],"version-history":[{"count":0,"href":"https:\/\/www.mojevrijeme.hr\/magazin\/wp-json\/wp\/v2\/posts\/75089\/revisions"}],"wp:featuredmedia":[{"embeddable":true,"href":"https:\/\/www.mojevrijeme.hr\/magazin\/wp-json\/wp\/v2\/media\/75144"}],"wp:attachment":[{"href":"https:\/\/www.mojevrijeme.hr\/magazin\/wp-json\/wp\/v2\/media?parent=75089"}],"wp:term":[{"taxonomy":"category","embeddable":true,"href":"https:\/\/www.mojevrijeme.hr\/magazin\/wp-json\/wp\/v2\/categories?post=75089"},{"taxonomy":"post_tag","embeddable":true,"href":"https:\/\/www.mojevrijeme.hr\/magazin\/wp-json\/wp\/v2\/tags?post=75089"}],"curies":[{"name":"wp","href":"https:\/\/api.w.org\/{rel}","templated":true}]}}