{"id":75101,"date":"2023-05-23T10:00:00","date_gmt":"2023-05-23T08:00:00","guid":{"rendered":"https:\/\/www.mojevrijeme.hr\/magazin\/?p=75101"},"modified":"2023-05-23T15:52:10","modified_gmt":"2023-05-23T13:52:10","slug":"predstavljeni-rezultati-projekta-eppr-sufinancirala-ga-je-europska-unija","status":"publish","type":"post","link":"https:\/\/www.mojevrijeme.hr\/magazin\/2023\/05\/predstavljeni-rezultati-projekta-eppr-sufinancirala-ga-je-europska-unija\/","title":{"rendered":"Predstavljeni rezultati projekta EPPR, sufinancirala ga je Europska unija"},"content":{"rendered":"\n<p>Dr\u017eavna geodetska uprava predstavila je rezultate projekta pod nazivom <strong>\u201eEvidentiranje posebnog pravnog re\u017eima kao doprinos u\u010dinkovitijem upravljanju u za\u0161ti\u0107enim podru\u010djima\u201c. <\/strong>Projekt skra\u0107enog naziva EPPR proveden je u 8 nacionalnih parkova i 10 parkova prirode unutar kojih su i 2 stroga rezervata, a oni \u010dine za\u0161ti\u0107ena podru\u010dja Republike Hrvatske i dio su europske ekolo\u0161ke mre\u017ee Natura 2000.<\/p>\n\n\n\n<p>Za ve\u0107inu za\u0161ti\u0107enih podru\u010dja se do provo\u0111enja ovog projekta nije to\u010dno znalo koje katastarske \u010destice se nalaze unutar njihovih granica i one nisu postojale u slu\u017ebenim registrima. Zbog nepreciznih vanjskih granica za\u0161ti\u0107enih podru\u010dja tijela koja njima upravljaju nailazila su na pote\u0161ko\u0107e tijekom spre\u010davanja radnji koje su u suprotnosti sa Zakonom o za\u0161titi prirode<\/p>\n\n\n\n<p>\u201e<em>Projekt EPPR je bio iznimno opse\u017ean projekt na kojem su bili anga\u017eirani brojni stru\u010dnjaci iz Dr\u017eavne geodetske uprave, ali i vanjski suradnici koji su projekt proveli na terenu u suradnji s nacionalnim parkovima, parkovima prirode i vlasnicima nekretnina. Rije\u010d je o ogromnom prostoru koji obuhva\u0107a oko 8% kopnene povr\u0161ine Republike Hrvatske. Dr\u017eavna geodetska uprava je, kao nositelj projekta EPPR, postavila temelj za u\u010dinkovito provo\u0111enje Zakona o za\u0161titi prirode i za odr\u017eivo upravljanje bioraznoliko\u0161\u0107u za\u0161ti\u0107enih podru\u010dja. Uz to, Dr\u017eavna geodetska uprava ovom i sli\u010dnim inicijativama stvara temelje za ure\u0111eno dru\u0161tvo u kojemu su a\u017eurni podaci o nekretninama koji su dostupni u realnom vremenu osnova za gospodarski rast i razvoj dru\u0161tva.<\/em>\u201c, izjavio je glavni ravnatelj Dr\u017eavne geodetske uprave, <strong>Antonio \u0160usti\u0107<\/strong>.<\/p><div id=\"mojev-2382789309\" class=\"mojev-u-tekstu mojev-entity-placement\" style=\"margin-left: auto;margin-right: auto;text-align: center;\"><div class=\"mojev-adlabel\">oglas<\/div><div style=\"height: 250px;\"><script async src=\"https:\/\/pagead2.googlesyndication.com\/pagead\/js\/adsbygoogle.js?client=ca-pub-8106111766207173\"\r\n     crossorigin=\"anonymous\"><\/script>\r\n<!-- Prikazni 1 u tekstu -->\r\n<ins class=\"adsbygoogle\"\r\n     style=\"display:block\"\r\n     data-ad-client=\"ca-pub-8106111766207173\"\r\n     data-ad-slot=\"8535551207\"\r\n     data-ad-format=\"auto\"\r\n     data-full-width-responsive=\"true\"><\/ins>\r\n<script>\r\n     (adsbygoogle = window.adsbygoogle || []).push({});\r\n<\/script><\/div><\/div><br style=\"clear: both; display: block; float: none;\"\/>\n\n\n\n<figure class=\"wp-block-image size-large\"><img loading=\"lazy\" decoding=\"async\" width=\"740\" height=\"444\" src=\"https:\/\/www.mojevrijeme.hr\/magazin\/wp-content\/uploads\/2023\/05\/sustic-kreitmeyer-740x444.jpg\" alt=\"\" class=\"wp-image-75104\" srcset=\"https:\/\/www.mojevrijeme.hr\/magazin\/wp-content\/uploads\/2023\/05\/sustic-kreitmeyer-740x444.jpg 740w, https:\/\/www.mojevrijeme.hr\/magazin\/wp-content\/uploads\/2023\/05\/sustic-kreitmeyer-636x382.jpg 636w, https:\/\/www.mojevrijeme.hr\/magazin\/wp-content\/uploads\/2023\/05\/sustic-kreitmeyer-768x461.jpg 768w, https:\/\/www.mojevrijeme.hr\/magazin\/wp-content\/uploads\/2023\/05\/sustic-kreitmeyer-1536x922.jpg 1536w, https:\/\/www.mojevrijeme.hr\/magazin\/wp-content\/uploads\/2023\/05\/sustic-kreitmeyer-1500x900.jpg 1500w, https:\/\/www.mojevrijeme.hr\/magazin\/wp-content\/uploads\/2023\/05\/sustic-kreitmeyer-1600x960.jpg 1600w, https:\/\/www.mojevrijeme.hr\/magazin\/wp-content\/uploads\/2023\/05\/sustic-kreitmeyer-590x354.jpg 590w, https:\/\/www.mojevrijeme.hr\/magazin\/wp-content\/uploads\/2023\/05\/sustic-kreitmeyer-400x240.jpg 400w, https:\/\/www.mojevrijeme.hr\/magazin\/wp-content\/uploads\/2023\/05\/sustic-kreitmeyer.jpg 2000w\" sizes=\"auto, (max-width: 740px) 100vw, 740px\" \/><figcaption class=\"wp-element-caption\">Antonio \u0160usti\u0107 i igor Kreitmeyer (foto: PR)<\/figcaption><\/figure>\n\n\n\n<p>Provedbom projektnih aktivnosti izra\u0111ena je geodetsko-tehni\u010dka dokumentacija koja je neophodna za evidentiranje posebnog pravnog re\u017eima i preduvjet za upis prava prvokupa u slu\u017ebene registre unutar granica za\u0161ti\u0107enih podru\u010dja iz kategorije strogi rezervat (SR), nacionalni park (NP) i park prirode (PP), te je osiguran pristup informacijama i transparentnost podataka \u0161iroj javnosti. U provedbu projekta je od samog po\u010detka bilo uklju\u010deno Ministarstvo gospodarstva i odr\u017eivog razvoja.<\/p>\n\n\n\n<p>\u201e<em>Ovaj projekt \u0107e imati dugoro\u010dan utjecaj na upravljanje nacionalnim parkovima i parkovima prirode. Javne ustanove sada znaju to\u010dne granice svojih podru\u010dja, a svi nositelji prava na nekretninama unutar parkova imaju transparentnu informaciju o tome. Brojni vlasnici nekretnina u nacionalnim parkovima sada imaju i novu katastarsku izmjeru svojih nekretnina bez dodatnih tro\u0161kova. O\u010duvana priroda nam je saveznik u borbi protiv klimatskih promjena, a ona je, uz sunce i more glavni razlog dolaska turista u Lijepu na\u0161u. Biti vlasnik nekretnine unutar ili u blizini za\u0161ti\u0107enih podru\u010dja danas je bogatstvo!<\/em>\u201c, izjavio je ravnatelj Uprave za za\u0161titu prirode Ministarstva gospodarstva i odr\u017eivog razvoja, <strong>Igor Kreitmeyer<\/strong>.<\/p>\n\n\n\n<p>Katastarska izmjera je provedena unutar granica 6 nacionalnih parkova (ukupna povr\u0161ina NP Risnjak, NP Krka, NP Sjeverni Velebit, NP Brijuni, NP Paklenica i na dijelu povr\u0161ine NP Plitvi\u010dka jezera). Izmjera nije bila predvi\u0111ena za one NP za koje je provedena prethodnih godina (ukupna povr\u0161ina NP Mljet i NP Kornati, dio povr\u0161ine NP Plitvi\u010dka jezera). Za sva podru\u010dja nacionalnih parkova i parkova prirode je utvr\u0111ena vanjska granica parkova.<\/p>\n\n\n\n<p>\u201e<em>Sve \u010destice na kojima je proveden ovaj projekt sada u katastru i zemlji\u0161noj knjizi imaju oznaku posebnog pravnog re\u017eima. To dr\u017eavnoj upravi, lokalnim samoupravama i nositeljima prava nad nekretninama donosi a\u017eurirane i digitalno dostupne podatke. Dr\u017eavna geodetska uprava kontinuirano radi na a\u017euriranju i digitalizaciji katastarskih podataka, a projekt EPPR je jedan u nizu projekata koji su dio vi\u0161egodi\u0161njeg rada na modernizaciji cijelog sustava<\/em>\u201c, izjavila je voditeljica projekta EPPR i na\u010delnica Sektora za katastarske izmjere i infrastrukturu Dr\u017eavne geodetske uprave, <strong>Branka Vorel Jur\u010devi\u0107<\/strong>.<\/p>\n\n\n\n<figure class=\"wp-block-image size-large\"><img loading=\"lazy\" decoding=\"async\" width=\"740\" height=\"444\" src=\"https:\/\/www.mojevrijeme.hr\/magazin\/wp-content\/uploads\/2023\/05\/branka-vorel-740x444.jpg\" alt=\"\" class=\"wp-image-75105\" srcset=\"https:\/\/www.mojevrijeme.hr\/magazin\/wp-content\/uploads\/2023\/05\/branka-vorel-740x444.jpg 740w, https:\/\/www.mojevrijeme.hr\/magazin\/wp-content\/uploads\/2023\/05\/branka-vorel-636x382.jpg 636w, https:\/\/www.mojevrijeme.hr\/magazin\/wp-content\/uploads\/2023\/05\/branka-vorel-768x461.jpg 768w, https:\/\/www.mojevrijeme.hr\/magazin\/wp-content\/uploads\/2023\/05\/branka-vorel-1536x922.jpg 1536w, https:\/\/www.mojevrijeme.hr\/magazin\/wp-content\/uploads\/2023\/05\/branka-vorel-1500x900.jpg 1500w, https:\/\/www.mojevrijeme.hr\/magazin\/wp-content\/uploads\/2023\/05\/branka-vorel-1600x960.jpg 1600w, https:\/\/www.mojevrijeme.hr\/magazin\/wp-content\/uploads\/2023\/05\/branka-vorel-590x354.jpg 590w, https:\/\/www.mojevrijeme.hr\/magazin\/wp-content\/uploads\/2023\/05\/branka-vorel-400x240.jpg 400w, https:\/\/www.mojevrijeme.hr\/magazin\/wp-content\/uploads\/2023\/05\/branka-vorel.jpg 2000w\" sizes=\"auto, (max-width: 740px) 100vw, 740px\" \/><figcaption class=\"wp-element-caption\">Branka Vorel Jur\u010devi\u0107 (foto. PR)<\/figcaption><\/figure>\n\n\n\n<p>Nacionalni parkovi i parkovi prirode od sada mogu jednostavnije upravljati podru\u010djima u svojoj nadle\u017enosti.<\/p>\n\n\n\n<p>\u201e<em>Nacionalni parkovi i parkovi prirode u Hrvatskoj sve nas \u010dine ponosnima kad govorimo o ljepotama Hrvatske. Svjesni smo trenutka u kojemu je za\u0161tita prirode prioritet i \u010dinimo sve kako bi prirodne ljepote i posebnosti ostale u naslje\u0111e brojnim generacijama. Projekt EPPR je zna\u010dajno unaprijedio sustav upravljanja ovim podru\u010djima i pomo\u0107i \u0107e nam u svakodnevnom radu jer sada ipak znamo gdje su nam granice i kako \u0107emo dodatno sa\u010duvati prostor u skladu sa Zakonom o za\u0161titi prirode<\/em>\u201c, izjavila je ravnateljica Nacionalnog parka Paklenica, <strong>Natalija Anda\u010di\u0107<\/strong>.<\/p>\n\n\n\n<p>Dr\u017eavna geodetska uprava (DGU) korisnik je bespovratnih sredstava u okviru Operativnog programa \u201eKonkurentnost i kohezija 2014.-2020. (OPKK) Specifi\u010dnog cilja 6iii2 \u201eUspostava okvira za odr\u017eivo upravljanje bioraznoliko\u0161\u0107u, primarno ekolo\u0161kom mre\u017eom Natura 2000\u201c kojim se financira projekt \u201eEvidentiranje posebnog pravnog re\u017eima kao doprinos u\u010dinkovitijem upravljanju za\u0161ti\u0107enim podru\u010djima\u201c (EPPR).<\/p>\n\n\n\n<p>Projekt je sufinanciran u iznosu 4.137.464,30 \u20ac (31.173.724,75) kn, a ukupna vrijednost projekta je 4.867.605,02 \u20ac (36.674.970,00 kn). Projekt EPPR je zapo\u010deo 1. velja\u010de 2019., a rok za zavr\u0161etak je 15. svibnja 2023.<\/p>\n<div id=\"mojev-632342143\" class=\"mojev-kraj-teksta mojev-entity-placement\" style=\"margin-bottom: 20px;margin-left: auto;margin-right: auto;text-align: center;\"><div class=\"mojev-adlabel\">oglas<\/div><div style=\"height: 250px;\"><script async src=\"https:\/\/pagead2.googlesyndication.com\/pagead\/js\/adsbygoogle.js?client=ca-pub-8106111766207173\"\r\n     crossorigin=\"anonymous\"><\/script>\r\n<!-- Display-1 -->\r\n<ins class=\"adsbygoogle\"\r\n     style=\"display:block\"\r\n     data-ad-client=\"ca-pub-8106111766207173\"\r\n     data-ad-slot=\"1465712950\"\r\n     data-ad-format=\"auto\"\r\n     data-full-width-responsive=\"true\"><\/ins>\r\n<script>\r\n     (adsbygoogle = window.adsbygoogle || []).push({});\r\n<\/script><\/div><\/div>","protected":false},"excerpt":{"rendered":"<p>Sve \u010destice na kojima je proveden ovaj projekt sada u katastru i zemlji\u0161noj knjizi imaju oznaku posebnog pravnog re\u017eima. To dr\u017eavnoj upravi, lokalnim samoupravama i nositeljima prava nad nekretninama donosi a\u017eurirane i digitalno dostupne podatke.<\/p>\n","protected":false},"author":1,"featured_media":75103,"comment_status":"closed","ping_status":"closed","sticky":false,"template":"","format":"standard","meta":{"footnotes":""},"categories":[9],"tags":[3519],"class_list":["post-75101","post","type-post","status-publish","format-standard","has-post-thumbnail","hentry","category-vijesti","tag-nacionalni-parkovi"],"_links":{"self":[{"href":"https:\/\/www.mojevrijeme.hr\/magazin\/wp-json\/wp\/v2\/posts\/75101","targetHints":{"allow":["GET"]}}],"collection":[{"href":"https:\/\/www.mojevrijeme.hr\/magazin\/wp-json\/wp\/v2\/posts"}],"about":[{"href":"https:\/\/www.mojevrijeme.hr\/magazin\/wp-json\/wp\/v2\/types\/post"}],"author":[{"embeddable":true,"href":"https:\/\/www.mojevrijeme.hr\/magazin\/wp-json\/wp\/v2\/users\/1"}],"replies":[{"embeddable":true,"href":"https:\/\/www.mojevrijeme.hr\/magazin\/wp-json\/wp\/v2\/comments?post=75101"}],"version-history":[{"count":0,"href":"https:\/\/www.mojevrijeme.hr\/magazin\/wp-json\/wp\/v2\/posts\/75101\/revisions"}],"wp:featuredmedia":[{"embeddable":true,"href":"https:\/\/www.mojevrijeme.hr\/magazin\/wp-json\/wp\/v2\/media\/75103"}],"wp:attachment":[{"href":"https:\/\/www.mojevrijeme.hr\/magazin\/wp-json\/wp\/v2\/media?parent=75101"}],"wp:term":[{"taxonomy":"category","embeddable":true,"href":"https:\/\/www.mojevrijeme.hr\/magazin\/wp-json\/wp\/v2\/categories?post=75101"},{"taxonomy":"post_tag","embeddable":true,"href":"https:\/\/www.mojevrijeme.hr\/magazin\/wp-json\/wp\/v2\/tags?post=75101"}],"curies":[{"name":"wp","href":"https:\/\/api.w.org\/{rel}","templated":true}]}}