{"id":75147,"date":"2023-05-24T11:08:32","date_gmt":"2023-05-24T09:08:32","guid":{"rendered":"https:\/\/www.mojevrijeme.hr\/magazin\/?p=75147"},"modified":"2023-05-24T11:08:35","modified_gmt":"2023-05-24T09:08:35","slug":"koliko-se-moze-zaraditi-u-njemackoj-puno-ako-ste-prave-struke","status":"publish","type":"post","link":"https:\/\/www.mojevrijeme.hr\/magazin\/2023\/05\/koliko-se-moze-zaraditi-u-njemackoj-puno-ako-ste-prave-struke\/","title":{"rendered":"Koliko se mo\u017ee zaraditi u Njema\u010dkoj? Puno, ako ste prave struke"},"content":{"rendered":"\n<p>Ljudi u Njema\u010dkoj s visokim obrazovanjem op\u0107enito zara\u0111uju vi\u0161e u kasnijem profesionalnom \u017eivotu, potvr\u0111uju statisti\u010dki podaci, javlja dpa. Kako prenosi <a href=\"https:\/\/www.poslovni.hr\/europska-unija\/evo-tko-u-njemackoj-zaraduje-gotovo-9-000-eura-mjesecno-4391448\" target=\"_blank\" rel=\"noreferrer noopener\">Fenix Magazin<\/a>, stalno zaposleni sa zavr\u0161enim stru\u010dnim obrazovanjem u travnju pro\u0161le godine u prosjeku su zaradili 3.521 euro bruto, pokazalo je u utorak usporedno izvje\u0161\u0107e njema\u010dkog Ureda za statistiku.<\/p>\n\n\n\n<p>Bez stru\u010dne diplome prosje\u010dna pla\u0107a iznosila je 2.817 eura, odnosno 700 eura manje od one sa zavr\u0161enom stru\u010dnom spremom. Pla\u0107a zaposlenika s polo\u017eenim magistarskim ispitom u prosjeku je iznosila 4.826 eura i bila je vi\u0161a od pla\u0107e zaposlenika sa zavr\u0161enim osnovnim studijem (4.551 euro).<\/p>\n\n\n\n<p>Akademski gra\u0111ani sa zavr\u0161enim magistarskim studijem zara\u0111ivali su u prosjeku 6.188 eura mjese\u010dno. Na samom vrhu, s prosjekom od .8687 eura, na\u0161li su se doktori znanosti ili profesori. Svi iznosi odnose se samo na pla\u0107u bez dodatnih primanja iz radnog odnosa.<\/p><div id=\"mojev-3816944139\" class=\"mojev-u-tekstu mojev-entity-placement\" style=\"margin-left: auto;margin-right: auto;text-align: center;\"><div class=\"mojev-adlabel\">oglas<\/div><div style=\"height: 250px;\"><script async src=\"https:\/\/pagead2.googlesyndication.com\/pagead\/js\/adsbygoogle.js?client=ca-pub-8106111766207173\"\r\n     crossorigin=\"anonymous\"><\/script>\r\n<!-- Prikazni 1 u tekstu -->\r\n<ins class=\"adsbygoogle\"\r\n     style=\"display:block\"\r\n     data-ad-client=\"ca-pub-8106111766207173\"\r\n     data-ad-slot=\"8535551207\"\r\n     data-ad-format=\"auto\"\r\n     data-full-width-responsive=\"true\"><\/ins>\r\n<script>\r\n     (adsbygoogle = window.adsbygoogle || []).push({});\r\n<\/script><\/div><\/div><br style=\"clear: both; display: block; float: none;\"\/>\n\n\n\n<p>Dr\u017eavni zavod za statistiku izradio je i interaktivni model usporedbe pla\u0107a, koji mo\u017ee uzeti u obzir i druge faktore poput radnog sta\u017ea u tvrtki, regiji ili vrsti djelatnosti.<\/p>\n\n\n\n<p>Postoji i veliki jaz u primanjima izme\u0111u pojedinih zanimanja. Tako s prosje\u010dnih 3.559 eura njegovateljice starijih osoba zara\u0111uju dvostruko vi\u0161e od frizerki (1.778 eura). Najvi\u0161e pla\u0107e \u2013 8.739 eura \u2013 imaju piloti.<\/p>\n<div id=\"mojev-3093877607\" class=\"mojev-kraj-teksta mojev-entity-placement\" style=\"margin-bottom: 20px;margin-left: auto;margin-right: auto;text-align: center;\"><div class=\"mojev-adlabel\">oglas<\/div><div style=\"height: 250px;\"><script async src=\"https:\/\/pagead2.googlesyndication.com\/pagead\/js\/adsbygoogle.js?client=ca-pub-8106111766207173\"\r\n     crossorigin=\"anonymous\"><\/script>\r\n<!-- Display-1 -->\r\n<ins class=\"adsbygoogle\"\r\n     style=\"display:block\"\r\n     data-ad-client=\"ca-pub-8106111766207173\"\r\n     data-ad-slot=\"1465712950\"\r\n     data-ad-format=\"auto\"\r\n     data-full-width-responsive=\"true\"><\/ins>\r\n<script>\r\n     (adsbygoogle = window.adsbygoogle || []).push({});\r\n<\/script><\/div><\/div>","protected":false},"excerpt":{"rendered":"<p>Dr\u017eavni zavod za statistiku izradio je i interaktivni model usporedbe pla\u0107a, koji mo\u017ee uzeti u obzir i druge faktore poput radnog sta\u017ea u tvrtki, regiji ili vrsti djelatnosti.<\/p>\n","protected":false},"author":1,"featured_media":70028,"comment_status":"closed","ping_status":"closed","sticky":false,"template":"","format":"standard","meta":{"footnotes":""},"categories":[9],"tags":[127,17,179],"class_list":["post-75147","post","type-post","status-publish","format-standard","has-post-thumbnail","hentry","category-vijesti","tag-njemacka","tag-novac","tag-placa"],"_links":{"self":[{"href":"https:\/\/www.mojevrijeme.hr\/magazin\/wp-json\/wp\/v2\/posts\/75147","targetHints":{"allow":["GET"]}}],"collection":[{"href":"https:\/\/www.mojevrijeme.hr\/magazin\/wp-json\/wp\/v2\/posts"}],"about":[{"href":"https:\/\/www.mojevrijeme.hr\/magazin\/wp-json\/wp\/v2\/types\/post"}],"author":[{"embeddable":true,"href":"https:\/\/www.mojevrijeme.hr\/magazin\/wp-json\/wp\/v2\/users\/1"}],"replies":[{"embeddable":true,"href":"https:\/\/www.mojevrijeme.hr\/magazin\/wp-json\/wp\/v2\/comments?post=75147"}],"version-history":[{"count":0,"href":"https:\/\/www.mojevrijeme.hr\/magazin\/wp-json\/wp\/v2\/posts\/75147\/revisions"}],"wp:featuredmedia":[{"embeddable":true,"href":"https:\/\/www.mojevrijeme.hr\/magazin\/wp-json\/wp\/v2\/media\/70028"}],"wp:attachment":[{"href":"https:\/\/www.mojevrijeme.hr\/magazin\/wp-json\/wp\/v2\/media?parent=75147"}],"wp:term":[{"taxonomy":"category","embeddable":true,"href":"https:\/\/www.mojevrijeme.hr\/magazin\/wp-json\/wp\/v2\/categories?post=75147"},{"taxonomy":"post_tag","embeddable":true,"href":"https:\/\/www.mojevrijeme.hr\/magazin\/wp-json\/wp\/v2\/tags?post=75147"}],"curies":[{"name":"wp","href":"https:\/\/api.w.org\/{rel}","templated":true}]}}