{"id":75149,"date":"2023-05-29T19:36:10","date_gmt":"2023-05-29T17:36:10","guid":{"rendered":"https:\/\/www.mojevrijeme.hr\/magazin\/?p=75149"},"modified":"2023-06-05T11:24:46","modified_gmt":"2023-06-05T09:24:46","slug":"najgore-sto-se-majci-moze-dogoditi-kci-mi-je-umrla-na-rukama","status":"publish","type":"post","link":"https:\/\/www.mojevrijeme.hr\/magazin\/2023\/05\/najgore-sto-se-majci-moze-dogoditi-kci-mi-je-umrla-na-rukama\/","title":{"rendered":"Najgore \u0161to se majci mo\u017ee dogoditi: K\u0107i mi je umrla na rukama"},"content":{"rendered":"\n<p><em>\u017divot mora i\u0107i dalje<\/em>, govore u na\u0161em narodu kad nekog zadesi nesre\u0107a. Govorili su ljudi to i gospo\u0111i Ani kad joj je umrla k\u0107i, ali ona je svjesno odlu\u010dila i\u0107i drugim putem \u2013 prekinula je sa svime \u0161to bi je moglo izdi\u0107i iz njezine patnje.<\/p>\n\n\n\n<p>I ne bi mi nikad ispri\u010dala svoj \u017eivot i na \u0161to se osudila, da nisam zadobila njezino povjerenje kad me prije 23 godine zamolila da na engleskom napi\u0161em kratko pismo nesu\u0111enom joj zetu i obavijestim ga da mu je zaru\u010dnica preminula. &#8220;To je jedan fin gospodin, trebali su se uzeti. Da samo vidite kakav je to d\u017eentlmen, takvih nema oko nas. Onda se razboljela, Bo\u017ee dragi, da mi je bar jednog unuka ostavila. Imala bih za koga \u017eivjeti&#8221;, govorila je tada gospo\u0111a Ana.<\/p>\n\n\n\n<p>Nakon toga, njena su vrata ostala zatvorena, znam to jer smo bile susjede. Jednom, dvaput godi\u0161nje vidjela bih je ispred zgrade, na snijegu je \u010dekala taksi za Mirogoj. Ljeti je i\u0161la tramvajem, svaki dan, godinama. Kad me ugledala plakala je, govorila kroz suze da ide svom djetetu. &#8220;Gospo\u0111o Ana, mislite malo na sebe, za\u0161to se ka\u017enjavate, va\u0161a k\u0107i to ne bi voljela. Iza\u0111ite malo me\u0111u ljude, na\u0111ite si neku zanimaciju&#8221;, govorila bih joj, a ona ponavljala da za nju \u017eivota vi\u0161e nema, sve njezino je na sada na groblju.<\/p><div id=\"mojev-1342388009\" class=\"mojev-u-tekstu mojev-entity-placement\" style=\"margin-left: auto;margin-right: auto;text-align: center;\"><div class=\"mojev-adlabel\">oglas<\/div><div style=\"height: 250px;\"><script async src=\"https:\/\/pagead2.googlesyndication.com\/pagead\/js\/adsbygoogle.js?client=ca-pub-8106111766207173\"\r\n     crossorigin=\"anonymous\"><\/script>\r\n<!-- Prikazni 1 u tekstu -->\r\n<ins class=\"adsbygoogle\"\r\n     style=\"display:block\"\r\n     data-ad-client=\"ca-pub-8106111766207173\"\r\n     data-ad-slot=\"8535551207\"\r\n     data-ad-format=\"auto\"\r\n     data-full-width-responsive=\"true\"><\/ins>\r\n<script>\r\n     (adsbygoogle = window.adsbygoogle || []).push({});\r\n<\/script><\/div><\/div><br style=\"clear: both; display: block; float: none;\"\/>\n\n\n\n<p>Imala je 60 godina kad je izgubila k\u0107i, bila je jo\u0161 u snazi, nisam je nikad gnjavila pitanjima jer je postavila zid. Prije nekoliko dana u\u0161la sam u njezin stan s gerontodoma\u0107icom, rekla mi je na hodniku da je gospo\u0111a Ana jako lo\u0161e, slomila je i ruku, morat \u0107e u dom jer ne mo\u017ee vi\u0161e sama. Kad me ugledala, zaplakala je, a potom otvorila du\u0161u.<\/p>\n\n\n\n<h3 class=\"wp-block-heading\">Traume od malih nogu<\/h3>\n\n\n\n<p>&#8220;Cijeli \u017eivot patnja, samo patnja. \u017divot na selu u Moslavini, nas petero djece. Tata me kao curicu vodio sa sobom kad je i\u0161ao kositi, livada je bila uz u rijeku u koju sam pala. Uhvatila sam se \u010dudom za jednu granu i jedva mi je \u017eivot spasio. Traume imam od malih nogu&#8221;, zapo\u010dela je svoju pri\u010du. <\/p>\n\n\n\n<p>Vrlo se mlada udala u grad, ali u braku nije bilo sre\u0107e. &#8220;Suprug mi nikad lijepu rije\u010d nije rekao, tretirao me kao da sam mu ku\u0107na pomo\u0107nica. Ban\u010dio je okolo, a ja sam se sve vi\u0161e vezala uz na\u0161u k\u0107i. Na kraju nas je ostavio, ni osmoljetku jo\u0161 nije bila zavr\u0161ila. Moj \u017eivot je bila ona. Radila sam svaki dan do dva, potom se posvetila ku\u0107i i djetetu. Za drugo nije bilo mjesta u mom \u017eivotu&#8221;, rekla je.<\/p>\n\n\n\n<p>K\u0107i je uvijek bila najbolja u\u010denica. &#8220;Upisala je te\u017eak fakultet, cijele no\u0107i ja bih uz nju ostajala budna, kuhala joj \u010daj, radila pala\u010dinke. Ni\u0161ta mi nije bilo te\u0161ko. Onda je polo\u017eila voza\u010dki, to je bilo lijepo razdoblje jer smo i\u0161le do mora, u Trst, na izlete. Poslije sam joj pomogla da otvori svoju firmu. Ja sam rano oti\u0161la u penziju, nisam imala ni pedeset godina, rije\u0161ila sam si prijevremenu jer sam se znala gu\u0161iti od alergija. K\u0107eri sam u uredu bila tajnica, \u010distila sam, do\u010dekivala stranke, rje\u0161avala papire. Bile smo nerazdvojne&#8221;, doznajem.<\/p>\n\n\n\n<h3 class=\"wp-block-heading\">Tri godine bolesti<\/h3>\n\n\n\n<p>Potom je k\u0107i na\u0161la de\u010dka, stranca. &#8220;Govorila sam ja njoj, ako \u017eeli, nek&#8217; odseli k njemu, nek ima barem jedno dijete. Ali nije me slu\u0161ala. Govorila je, da me ne\u0107e ostaviti samu, da to ne dolazi u obzir. Taj de\u010dko je \u010desto dolazio u Hrvatsku, odsjeli bi njih dvoje u hotelu, dolazili k meni na ru\u010dak. Voljeli su se. Ne znam kako bi to zavr\u0161ilo, ali onda se ona razboljela&#8221;, govorila je gospo\u0111a Ana.<\/p>\n\n\n\n<p>K\u0107i je tada imala svega 36 godina, bolest se u prvi mah nije \u010dinila opasnom. &#8220;Imala je taj tamni iscjedak, oti\u0161la ginekologu, re\u010deno joj je da nije ni\u0161ta opasno, da \u0107e joj probati sa\u010duvati jajnike da mo\u017ee roditi. Slo\u017eila se s tim. Gajile smo nadu, svakih je nekoliko mjeseci i\u0161la na kontrole. Nakon nepune tri godine, osjetila je ne\u0161to na trbuhu \u2013 u nekoliko mjeseci, tumor je buknuo. Hitna, bolnica, svi mogu\u0107i lije\u010dnici, sve mogu\u0107e veze sam potegla. Ni\u0161ta nije pomoglo, za operaciju odjednom prekasno, ona mi je nao\u010digled kopnila, na rukama umrla&#8221;, te\u0161kom je mukom govorila kroz jecaj.<\/p>\n\n\n\n<p>Tada sam lak\u0161e razumjela za\u0161to se gospo\u0111a Ana nakon smrti k\u0107eri osudila na toliku patnju. &#8220;Za\u0161to sam ja jo\u0161 \u017eiva, kad mog djeteta ve\u0107 23 godine nema&#8221;, jecala je.<\/p>\n\n\n\n<p>Otkad ne mo\u017ee na groblje, ka\u017ee, ni do balkona se vi\u0161e ne odvu\u010de. Tuga, tablete za smirenje, lijekovi za srce, istro\u0161eni kuk, uzeli su danak. Potpisat \u0107e da pristaje oti\u0107i u dom za starije. Ne \u017eeli govoriti \u0161to \u0107e s imovinom, imala je samo k\u0107i jedinicu i ima nekoliko daljnjih ro\u0111aka od kojih je s dvoje u kontaktu. Pogladila sam je po ruci, pogledale smo se znaju\u0107i da se mo\u017eda vidimo zadnji put. Ah, \u017eivote!<\/p>\n\n\n\n<div id=\"crveno\"><\/p>\n\n\n\n<h3 class=\"wp-block-heading\">Zanima nas va\u0161a pri\u010da<\/h3>\n\n\n\n<p>\u017delite li i vi, posve anonimno, podijeliti svoje iskustvo i vi\u0111enje ove teme s nama i na\u0161im \u010ditateljima, mo\u017eete to u\u010diniti putem web obrasca <a rel=\"noreferrer noopener\" href=\"https:\/\/www.mojevrijeme.hr\/magazin\/povjerljivo\/\" target=\"_blank\">Povjerljivo<\/a>. Napi\u0161ite svoju pri\u010du!<\/p>\n\n\n\n<p><\/div>\n<div id=\"mojev-2789312270\" class=\"mojev-kraj-teksta mojev-entity-placement\" style=\"margin-bottom: 20px;margin-left: auto;margin-right: auto;text-align: center;\"><div class=\"mojev-adlabel\">oglas<\/div><div style=\"height: 250px;\"><script async src=\"https:\/\/pagead2.googlesyndication.com\/pagead\/js\/adsbygoogle.js?client=ca-pub-8106111766207173\"\r\n     crossorigin=\"anonymous\"><\/script>\r\n<!-- Display-1 -->\r\n<ins class=\"adsbygoogle\"\r\n     style=\"display:block\"\r\n     data-ad-client=\"ca-pub-8106111766207173\"\r\n     data-ad-slot=\"1465712950\"\r\n     data-ad-format=\"auto\"\r\n     data-full-width-responsive=\"true\"><\/ins>\r\n<script>\r\n     (adsbygoogle = window.adsbygoogle || []).push({});\r\n<\/script><\/div><\/div>","protected":false},"excerpt":{"rendered":"<p>Nakon oblaka dolazi sunce, ka\u017ee stara uzre\u010dica, ali gospo\u0111a Ana (83) ka\u017ee da su je \u017eivotne nesre\u0107e toliko satrle da ona samo \u017eeli ostati u svojoj tuzi. Nije se, ka\u017ee, nasmijala ve\u0107 23 godine, a nikad vi\u0161e ni ne\u0107e. Tako se zarekla kad je njezina k\u0107i izgubila bitku s rakom jajnika.<\/p>\n","protected":false},"author":17,"featured_media":75679,"comment_status":"closed","ping_status":"closed","sticky":false,"template":"","format":"standard","meta":{"footnotes":""},"categories":[3552],"tags":[1800,1436,3536],"class_list":["post-75149","post","type-post","status-publish","format-standard","has-post-thumbnail","hentry","category-povjerljivo","tag-korota","tag-povjerljivo","tag-smrt-djeteta"],"_links":{"self":[{"href":"https:\/\/www.mojevrijeme.hr\/magazin\/wp-json\/wp\/v2\/posts\/75149","targetHints":{"allow":["GET"]}}],"collection":[{"href":"https:\/\/www.mojevrijeme.hr\/magazin\/wp-json\/wp\/v2\/posts"}],"about":[{"href":"https:\/\/www.mojevrijeme.hr\/magazin\/wp-json\/wp\/v2\/types\/post"}],"author":[{"embeddable":true,"href":"https:\/\/www.mojevrijeme.hr\/magazin\/wp-json\/wp\/v2\/users\/17"}],"replies":[{"embeddable":true,"href":"https:\/\/www.mojevrijeme.hr\/magazin\/wp-json\/wp\/v2\/comments?post=75149"}],"version-history":[{"count":0,"href":"https:\/\/www.mojevrijeme.hr\/magazin\/wp-json\/wp\/v2\/posts\/75149\/revisions"}],"wp:featuredmedia":[{"embeddable":true,"href":"https:\/\/www.mojevrijeme.hr\/magazin\/wp-json\/wp\/v2\/media\/75679"}],"wp:attachment":[{"href":"https:\/\/www.mojevrijeme.hr\/magazin\/wp-json\/wp\/v2\/media?parent=75149"}],"wp:term":[{"taxonomy":"category","embeddable":true,"href":"https:\/\/www.mojevrijeme.hr\/magazin\/wp-json\/wp\/v2\/categories?post=75149"},{"taxonomy":"post_tag","embeddable":true,"href":"https:\/\/www.mojevrijeme.hr\/magazin\/wp-json\/wp\/v2\/tags?post=75149"}],"curies":[{"name":"wp","href":"https:\/\/api.w.org\/{rel}","templated":true}]}}