{"id":75153,"date":"2023-05-24T22:32:09","date_gmt":"2023-05-24T20:32:09","guid":{"rendered":"https:\/\/www.mojevrijeme.hr\/magazin\/?p=75153"},"modified":"2023-05-24T22:32:12","modified_gmt":"2023-05-24T20:32:12","slug":"u-ruskom-napadu-na-ukrajinu-najvise-stradavaju-starije-osobe","status":"publish","type":"post","link":"https:\/\/www.mojevrijeme.hr\/magazin\/2023\/05\/u-ruskom-napadu-na-ukrajinu-najvise-stradavaju-starije-osobe\/","title":{"rendered":"U ruskom napadu na Ukrajinu najvi\u0161e stradavaju starije osobe"},"content":{"rendered":"\n<p>U ruskoj invaziji na Ukrajinu stariji ljudi pate i umiru po nesrazmjerno visokoj stopi, pokazalo je izvje\u0161\u0107e UN-a, a neki su umrli jer nisu mogli do\u0107i do prijeko potrebnih lijekova ili napustiti svoje podrume u kojima su se skrivali.<\/p>\n\n\n\n<p>Izvje\u0161\u0107e koje su sastavili promatra\u010di UN-a za ljudska prava pokazalo je da je oko tre\u0107ina civila ubijenih u prvoj godini rata, odnosno 1346 od 4187 dokumentiranih \u017ertava, bilo starije od 60 godina.<\/p>\n\n\n\n<p>Reuters pi\u0161e da je UN otkrio da su starije osobe iznimno te\u0161ko pogo\u0111ene nestancima struje zbog ruskih napada na kriti\u010dnu infrastrukturu od listopada 2022. zbog \u010dega su mnogi bili zarobljeni u svojim stanovima na katu dok liftovi nisu radili. Drugi su morali biti evakuirani u \u017eurbi, ponekad u kolicima jer nije bilo vremena da se donesu njihova pomagala za kretanje. Mnogi su zato i ostali.<\/p><div id=\"mojev-806985501\" class=\"mojev-u-tekstu mojev-entity-placement\" style=\"margin-left: auto;margin-right: auto;text-align: center;\"><div class=\"mojev-adlabel\">oglas<\/div><div style=\"height: 250px;\"><script async src=\"https:\/\/pagead2.googlesyndication.com\/pagead\/js\/adsbygoogle.js?client=ca-pub-8106111766207173\"\r\n     crossorigin=\"anonymous\"><\/script>\r\n<!-- Prikazni 1 u tekstu -->\r\n<ins class=\"adsbygoogle\"\r\n     style=\"display:block\"\r\n     data-ad-client=\"ca-pub-8106111766207173\"\r\n     data-ad-slot=\"8535551207\"\r\n     data-ad-format=\"auto\"\r\n     data-full-width-responsive=\"true\"><\/ins>\r\n<script>\r\n     (adsbygoogle = window.adsbygoogle || []).push({});\r\n<\/script><\/div><\/div><br style=\"clear: both; display: block; float: none;\"\/>\n\n\n\n<p>Rusija je u vi\u0161e navrata demantirala ga\u0111anje civila i civilne infrastrukture u Ukrajini. UN je zabilje\u017eio najmanje 18500 \u017ertava (uklju\u010duju\u0107i vi\u0161e od 6660 ubijenih) na teritoriju pod kontrolom vlade u Kijevu otkako je Rusija pokrenula svoju potpunu invaziju u velja\u010di 2022.<\/p>\n<div id=\"mojev-3747958313\" class=\"mojev-kraj-teksta mojev-entity-placement\" style=\"margin-bottom: 20px;margin-left: auto;margin-right: auto;text-align: center;\"><div class=\"mojev-adlabel\">oglas<\/div><div style=\"height: 250px;\"><script async src=\"https:\/\/pagead2.googlesyndication.com\/pagead\/js\/adsbygoogle.js?client=ca-pub-8106111766207173\"\r\n     crossorigin=\"anonymous\"><\/script>\r\n<!-- Display-1 -->\r\n<ins class=\"adsbygoogle\"\r\n     style=\"display:block\"\r\n     data-ad-client=\"ca-pub-8106111766207173\"\r\n     data-ad-slot=\"1465712950\"\r\n     data-ad-format=\"auto\"\r\n     data-full-width-responsive=\"true\"><\/ins>\r\n<script>\r\n     (adsbygoogle = window.adsbygoogle || []).push({});\r\n<\/script><\/div><\/div>","protected":false},"excerpt":{"rendered":"<p>Oko tre\u0107ina civila ubijenih u prvoj godini rata bilo je starije od 60 godina. <\/p>\n","protected":false},"author":4,"featured_media":57881,"comment_status":"closed","ping_status":"closed","sticky":false,"template":"","format":"standard","meta":{"footnotes":""},"categories":[9],"tags":[3062,66,2431],"class_list":["post-75153","post","type-post","status-publish","format-standard","has-post-thumbnail","hentry","category-vijesti","tag-rat-u-ukrajini","tag-smrt","tag-stariji"],"_links":{"self":[{"href":"https:\/\/www.mojevrijeme.hr\/magazin\/wp-json\/wp\/v2\/posts\/75153","targetHints":{"allow":["GET"]}}],"collection":[{"href":"https:\/\/www.mojevrijeme.hr\/magazin\/wp-json\/wp\/v2\/posts"}],"about":[{"href":"https:\/\/www.mojevrijeme.hr\/magazin\/wp-json\/wp\/v2\/types\/post"}],"author":[{"embeddable":true,"href":"https:\/\/www.mojevrijeme.hr\/magazin\/wp-json\/wp\/v2\/users\/4"}],"replies":[{"embeddable":true,"href":"https:\/\/www.mojevrijeme.hr\/magazin\/wp-json\/wp\/v2\/comments?post=75153"}],"version-history":[{"count":0,"href":"https:\/\/www.mojevrijeme.hr\/magazin\/wp-json\/wp\/v2\/posts\/75153\/revisions"}],"wp:featuredmedia":[{"embeddable":true,"href":"https:\/\/www.mojevrijeme.hr\/magazin\/wp-json\/wp\/v2\/media\/57881"}],"wp:attachment":[{"href":"https:\/\/www.mojevrijeme.hr\/magazin\/wp-json\/wp\/v2\/media?parent=75153"}],"wp:term":[{"taxonomy":"category","embeddable":true,"href":"https:\/\/www.mojevrijeme.hr\/magazin\/wp-json\/wp\/v2\/categories?post=75153"},{"taxonomy":"post_tag","embeddable":true,"href":"https:\/\/www.mojevrijeme.hr\/magazin\/wp-json\/wp\/v2\/tags?post=75153"}],"curies":[{"name":"wp","href":"https:\/\/api.w.org\/{rel}","templated":true}]}}