{"id":75264,"date":"2023-05-25T06:54:00","date_gmt":"2023-05-25T04:54:00","guid":{"rendered":"https:\/\/www.mojevrijeme.hr\/magazin\/?p=75264"},"modified":"2023-05-24T23:54:40","modified_gmt":"2023-05-24T21:54:40","slug":"ministar-primorac-iznio-plan-za-rast-mirovina-ako-bude-bit-ce","status":"publish","type":"post","link":"https:\/\/www.mojevrijeme.hr\/magazin\/2023\/05\/ministar-primorac-iznio-plan-za-rast-mirovina-ako-bude-bit-ce\/","title":{"rendered":"Ministar Primorac iznio plan za rast mirovina: Ako bude, bit \u0107e"},"content":{"rendered":"\n<p>Gostuju\u0107i u programu RTL-a, ministar financija<strong> Marko Primorac<\/strong> kratko se dotaknuo i mirovina. Podsjetimo, danas predstavljenom poreznom reformom Vlada od 1. sije\u010dnja 2023. godine smanjuje izdvajanje iz pla\u0107e za osnovno mirovinsko osiguranje. <\/p>\n\n\n\n<p>Iako se ranije govorilo o smanjivanju stope za 1. mirovinski stup, Vlada se odlu\u010dila <a href=\"https:\/\/www.mojevrijeme.hr\/magazin\/2023\/05\/evo-komu-i-kako-vlada-smanjuje-doprinose-za-mirovinsko\/\" data-type=\"post\" data-id=\"75170\" target=\"_blank\" rel=\"noreferrer noopener\">na olak\u0161icu u dvije kategorije<\/a>; onima koji imaju bruto pla\u0107u do 700 eura i onima koji imaju bruto pla\u0107u do 1.300 eura. <\/p>\n\n\n\n<p>&#8220;Ako govorimo o prvom mirovinskom stupu &#8211; to je bio jedini na\u010din da pomognemo onima koji nisu u poreznim \u0161karama. Rastere\u0107enjem u sustavu doprinosa za mirovinsko osiguranje omogu\u0107avamo porast neto pla\u0107a onima koji ne pla\u0107aju porez na dohodak.&#8221;<\/p><div id=\"mojev-3103595032\" class=\"mojev-u-tekstu mojev-entity-placement\" style=\"margin-left: auto;margin-right: auto;text-align: center;\"><div class=\"mojev-adlabel\">oglas<\/div><div style=\"height: 250px;\"><script async src=\"https:\/\/pagead2.googlesyndication.com\/pagead\/js\/adsbygoogle.js?client=ca-pub-8106111766207173\"\r\n     crossorigin=\"anonymous\"><\/script>\r\n<!-- Prikazni 1 u tekstu -->\r\n<ins class=\"adsbygoogle\"\r\n     style=\"display:block\"\r\n     data-ad-client=\"ca-pub-8106111766207173\"\r\n     data-ad-slot=\"8535551207\"\r\n     data-ad-format=\"auto\"\r\n     data-full-width-responsive=\"true\"><\/ins>\r\n<script>\r\n     (adsbygoogle = window.adsbygoogle || []).push({});\r\n<\/script><\/div><\/div><br style=\"clear: both; display: block; float: none;\"\/>\n\n\n\n<p>&#8220;Mirovine \u0107e rasti onim tempom kojim budu trebale. Imamo kontinuirano indeksaciju mirovina koja se obavlja dvogodi\u0161nje prema utvr\u0111enoj formuli vezanoj uz porast potro\u0161a\u010dkih cijena i prosje\u010dne pla\u0107e. Na taj na\u010din \u0107e se indeksirati i utvr\u0111ivati i u budu\u0107nosti&#8221;, kazao je Primorac. <\/p>\n\n\n\n<p>&#8220;Ako bude mogu\u0107nosti za dodatna pove\u0107anja &#8211; kao \u0161to smo to \u010dinili pove\u0107anjem minimalne mirovine &#8211; i dalje \u0107emo to \u010diniti. Ovaj zahvat koji \u010dinimo u sustavu doprinosa za mirovinsko osiguranje isklju\u010divo se ti\u010de teku\u0107ih transfera&#8221;, objasnio je. <\/p>\n<div id=\"mojev-420947548\" class=\"mojev-kraj-teksta mojev-entity-placement\" style=\"margin-bottom: 20px;margin-left: auto;margin-right: auto;text-align: center;\"><div class=\"mojev-adlabel\">oglas<\/div><div style=\"height: 250px;\"><script async src=\"https:\/\/pagead2.googlesyndication.com\/pagead\/js\/adsbygoogle.js?client=ca-pub-8106111766207173\"\r\n     crossorigin=\"anonymous\"><\/script>\r\n<!-- Display-1 -->\r\n<ins class=\"adsbygoogle\"\r\n     style=\"display:block\"\r\n     data-ad-client=\"ca-pub-8106111766207173\"\r\n     data-ad-slot=\"1465712950\"\r\n     data-ad-format=\"auto\"\r\n     data-full-width-responsive=\"true\"><\/ins>\r\n<script>\r\n     (adsbygoogle = window.adsbygoogle || []).push({});\r\n<\/script><\/div><\/div>","protected":false},"excerpt":{"rendered":"<p>Ako \u0107e biti mogu\u0107nosti za daljnje pove\u0107anje, kao \u0161to je ve\u0107 pove\u0107ana minimalna mirovina, Vlada RH \u0107e to u\u010diniti, a reforma se odnosi samo na teku\u0107e transfere.<\/p>\n","protected":false},"author":1,"featured_media":72470,"comment_status":"closed","ping_status":"closed","sticky":false,"template":"","format":"standard","meta":{"footnotes":""},"categories":[9],"tags":[3457,18,971],"class_list":["post-75264","post","type-post","status-publish","format-standard","has-post-thumbnail","hentry","category-vijesti","tag-marko-primorac","tag-mirovine","tag-uskladivanje-mirovina"],"_links":{"self":[{"href":"https:\/\/www.mojevrijeme.hr\/magazin\/wp-json\/wp\/v2\/posts\/75264","targetHints":{"allow":["GET"]}}],"collection":[{"href":"https:\/\/www.mojevrijeme.hr\/magazin\/wp-json\/wp\/v2\/posts"}],"about":[{"href":"https:\/\/www.mojevrijeme.hr\/magazin\/wp-json\/wp\/v2\/types\/post"}],"author":[{"embeddable":true,"href":"https:\/\/www.mojevrijeme.hr\/magazin\/wp-json\/wp\/v2\/users\/1"}],"replies":[{"embeddable":true,"href":"https:\/\/www.mojevrijeme.hr\/magazin\/wp-json\/wp\/v2\/comments?post=75264"}],"version-history":[{"count":0,"href":"https:\/\/www.mojevrijeme.hr\/magazin\/wp-json\/wp\/v2\/posts\/75264\/revisions"}],"wp:featuredmedia":[{"embeddable":true,"href":"https:\/\/www.mojevrijeme.hr\/magazin\/wp-json\/wp\/v2\/media\/72470"}],"wp:attachment":[{"href":"https:\/\/www.mojevrijeme.hr\/magazin\/wp-json\/wp\/v2\/media?parent=75264"}],"wp:term":[{"taxonomy":"category","embeddable":true,"href":"https:\/\/www.mojevrijeme.hr\/magazin\/wp-json\/wp\/v2\/categories?post=75264"},{"taxonomy":"post_tag","embeddable":true,"href":"https:\/\/www.mojevrijeme.hr\/magazin\/wp-json\/wp\/v2\/tags?post=75264"}],"curies":[{"name":"wp","href":"https:\/\/api.w.org\/{rel}","templated":true}]}}