{"id":75288,"date":"2023-05-30T09:17:55","date_gmt":"2023-05-30T07:17:55","guid":{"rendered":"https:\/\/www.mojevrijeme.hr\/magazin\/?p=75288"},"modified":"2023-06-05T11:24:44","modified_gmt":"2023-06-05T09:24:44","slug":"kao-fikus-u-domu-je-majka-zalegla-u-krevet-ne-zeli-na-noge","status":"publish","type":"post","link":"https:\/\/www.mojevrijeme.hr\/magazin\/2023\/05\/kao-fikus-u-domu-je-majka-zalegla-u-krevet-ne-zeli-na-noge\/","title":{"rendered":"Kao fikus! U domu je majka zalegla u krevet, ne \u017eeli na noge"},"content":{"rendered":"\n<p>U razgovoru s gospodinom Darkom (56) doznajemo da su on i sestra svoju majku u jednom od zagreba\u010dkih domova za starije ostavili u najgore mogu\u0107e vrijeme, ba\u0161 kad su se svijetom po\u010dele \u0161iriti vijesti o opasnom virusu. <\/p>\n\n\n\n<p>Nisu, ka\u017ee, mogli kalkulirati oko termina njezina odlaska u dom: &#8220;Svi znamo koliko se \u010deka na mjesto i da tu nema zezancije. I doista, na samom po\u010detku te nesretne 2020. nismo mogli ni naslutiti u \u0161to \u0107e nam se svima \u017eivoti pretvoriti kroz samo nekoliko mjeseci&#8221;, rekao je gospodin Darko.<\/p>\n\n\n\n<p>Prilagodba njegove majke na novu sredinu, ljude, organizaciju dana nije tekla bez problema. Nije ona, govori nam na\u0161 sugovornik, od onih \u017eena koje se odmah prilagode gdje god se na\u0111u &#8211; plaha je, sumnji\u010dava, rezervirana dok malo ne upozna situaciju. Takva je bila uvijek, sada u poznijim godinama jo\u0161 i vi\u0161e.<\/p><div id=\"mojev-2482693494\" class=\"mojev-u-tekstu mojev-entity-placement\" style=\"margin-left: auto;margin-right: auto;text-align: center;\"><div class=\"mojev-adlabel\">oglas<\/div><div style=\"height: 250px;\"><script async src=\"https:\/\/pagead2.googlesyndication.com\/pagead\/js\/adsbygoogle.js?client=ca-pub-8106111766207173\"\r\n     crossorigin=\"anonymous\"><\/script>\r\n<!-- Prikazni 1 u tekstu -->\r\n<ins class=\"adsbygoogle\"\r\n     style=\"display:block\"\r\n     data-ad-client=\"ca-pub-8106111766207173\"\r\n     data-ad-slot=\"8535551207\"\r\n     data-ad-format=\"auto\"\r\n     data-full-width-responsive=\"true\"><\/ins>\r\n<script>\r\n     (adsbygoogle = window.adsbygoogle || []).push({});\r\n<\/script><\/div><\/div><br style=\"clear: both; display: block; float: none;\"\/>\n\n\n\n<p>&#8220;Svaki dan je zvala \u010das mene \u010das k\u0107er, moju sestru. Oboje jo\u0161 radimo, i to na odgovornim radnim mjestima, ja i u smjenama. Ima dana kad se ne stignem javiti na telefon, a kamoli oti\u0107i k majci kad joj se prohtije. A i kad bih do\u0161ao, uvijek ista pjesma i \u017ealopojke: cimerica je svojeglava, glasna, nare\u0111uje njoj koja je tek do\u0161la. Hrana joj ne odgovara. Osoblje se ne bavi dovoljno s njom. Ona to ne\u0107e mo\u0107i izdr\u017eati\u2026. Ja sam ve\u0107 ozbiljno bio lud od nje, jer je odluku o odlasku u dom donosila godinama, bez pritiska, a barem godinu dana prije sestra i ja smo je intenzivno pripremali&#8221;, govori gospodin Darko.<\/p>\n\n\n\n<p>Pripreme su uklju\u010divale, povjerio nam je, duge razgovore i temeljite dogovore \u2013 o tome da dom nije zatvor, da se iz doma mo\u017ee slobodno kretati, izlaziti, dolaziti k njima, dali su joj obe\u0107anja da \u0107e je posje\u0107ivati, da \u0107e dolaziti na obiteljske proslave i za blagdane, obe\u0107ali su joj da \u0107e za nju rije\u0161iti sve tehnikalije koje prethode.<\/p>\n\n\n\n<p>&#8220;Dogovorili smo i na\u010din financiranja doma, dakle da \u0107emo osnovni tro\u0161ak pokrivati iz njezine mirovine. Potom smo zajedno odlu\u010dili da \u0107emo njezin stan na Trnju malo urediti i odmah krenuti iznajmljivati, a sav novac od tog prihoda \u010duvati na ra\u010dunu za njezin d\u017eeparac i dodatni paket usluga u domu, koji uklju\u010duje pomo\u0107 pri osobnoj higijeni, briga o pravovremenoj nabavci lijekova, sve da ona bude mirna. Iz toga su se za nju trebale pokrivati i privatne usluge poput frizera, pedikera i \u0161to jo\u0161 bude trebalo. Svi smo se slo\u017eili oko toga i mislili smo da majka odlazi potpuno spremna&#8221;, ispri\u010dao je nadalje na\u0161 sugovornik.&nbsp;<\/p>\n\n\n\n<h3 class=\"wp-block-heading\">Prilagodbu je poremetio lockdown<\/h3>\n\n\n\n<p>I ba\u0161 kad se majka pomirila s \u010dinjenicom da povratka na staro za nju vi\u0161e nema i da se mora nekako prilagoditi i prihvatiti dane okolnosti, krenuo je u\u017eas zvan pandemija bolesti Covid-19. <\/p>\n\n\n\n<p>&#8220;U o\u017eujku je progla\u0161en <em>lockdown<\/em>, nju je to izbezumilo. Ne mo\u017ee se kad joj se prohtije kretati po odjelima, restoranu, dru\u0161tvenim prostorijama, zabranjene su posjete, to je bilo mu\u010dno za pro\u017eivljavati i njoj i nama. Zove nas, pla\u010de. Potom je pala na hodniku, iz doma su nam to bili du\u017eni javiti, ali sre\u0107om tada nije bilo ni\u0161ta stra\u0161no. Pro\u0111e mjesec ili dva, pala je s kreveta, zavr\u0161ila u bolnici na snimanju glave. A vi ne mo\u017eete blizu. Ba\u0161 me svako malo ne\u0161to uznemirilo&#8221;, povjerio nam je.<\/p>\n\n\n\n<h3 class=\"wp-block-heading\">Predala se &#8211; krevetu<\/h3>\n\n\n\n<p>Kad su ukinute stroge mjere uvedene u pandemiji, njegova majka ve\u0107 se bila predala krevetu. &#8220;Primijetili smo da je nekako sva depresivna. U dvije i pol godine ona je izgubila i ono malo \u017eivotne volje \u0161to ju je jo\u0161 imala. Sada kad se opet mo\u017ee izboriti za bolju kvalitetu \u017eivota uz dru\u017eenje, vje\u017ebe, \u010ditanje i \u0161etnje, nju podi\u017ee elektri\u010dni krevet, kao fikus je.&#8221;<\/p>\n\n\n\n<p>&#8220;Evo ve\u0107 pet mjeseci ne \u017eeli na noge, ni sestra, ni ja, ni fizioterapeuti ni lije\u010dnici vi\u0161e ne znamo je li toliko onemo\u0107ala ili je do snage uma, ne \u017eeli se pridi\u0107i. \u010cudi nas to ve\u0107 iz razloga \u0161to normalno jede, \u010dak je i oja\u010dala, nije te\u0161ko bolesna, kukovi, koljena, sve je u granicama normale za dob. \u010cini se jakom, mogla bi si jo\u0161 malo produ\u017eiti mobilnost. Sestra i ja smo naizmjence svaki drugi da kod nje, ima svega \u0161to po\u017eeli. Bistra je u glavi, pri\u010damo s njom, ali na noge ne\u0107e pa ne\u0107e. Te\u0161ko je ovako gledati majku&#8221;, uzdahnuo je gospodin Darko.<\/p>\n\n\n\n<p>Odu\u017eio nam se susret na kavi, pa smo se dotakli i cijena smje\u0161taja u dr\u017eavnom domu. Na pitanje koliko majka pla\u0107a smje\u0161taj, odgovara da cijena iznosi koji euro preko 450 eura mjese\u010dno, no oni dopla\u0107uju dodatni paket od 50 eura s nekoliko dodatnih usluga koje u\u017eiva, dakle malo vi\u0161e od 500 eura. Na to joj jednom mjese\u010dno priu\u0161te pedikera, frizera, vitamine, sve \u0161to naru\u010di. <\/p>\n\n\n\n<p>&#8220;Dobro smo pro\u0161li, ve\u0107inu toga pokrivamo iz maj\u010dine mirovine, manjim dijelom pose\u017eemo za novcem koji se na njezinom ra\u010dunu skuplja od stanarine. Bilo bi puno te\u017ee da moramo, kao mnogi, dopla\u0107ivati iz vlastitih prihoda, \u0161to bi sestra i ja dakako napravili bez pogovora. No, da i primjerice moja supruga mora dopla\u0107ivati dom za svoju majku koja ima minimalnu mirovinu, na\u0161 bi ku\u0107ni bud\u017eet bio preoptere\u0107en. A \u0161to re\u0107i, sna\u0161li bi se i tada, mi Hrvati poznati smo kao dobri \u017eongleri u takvim situacijama&#8221;, zaklju\u010duje gospodin Darko.<\/p>\n\n\n\n<div id=\"crveno\"><\/p>\n\n\n\n<h3 class=\"wp-block-heading\">Zanima nas va\u0161a pri\u010da<\/h3>\n\n\n\n<p>\u017delite li i vi, posve anonimno, podijeliti svoje iskustvo i vi\u0111enje ove teme s nama i na\u0161im \u010ditateljima, mo\u017eete to u\u010diniti putem web obrasca <a rel=\"noreferrer noopener\" href=\"https:\/\/www.mojevrijeme.hr\/magazin\/povjerljivo\/\" target=\"_blank\">Povjerljivo<\/a>. Napi\u0161ite svoju pri\u010du!<\/p>\n\n\n\n<p><\/div>\n<div id=\"mojev-54924770\" class=\"mojev-kraj-teksta mojev-entity-placement\" style=\"margin-bottom: 20px;margin-left: auto;margin-right: auto;text-align: center;\"><div class=\"mojev-adlabel\">oglas<\/div><div style=\"height: 250px;\"><script async src=\"https:\/\/pagead2.googlesyndication.com\/pagead\/js\/adsbygoogle.js?client=ca-pub-8106111766207173\"\r\n     crossorigin=\"anonymous\"><\/script>\r\n<!-- Display-1 -->\r\n<ins class=\"adsbygoogle\"\r\n     style=\"display:block\"\r\n     data-ad-client=\"ca-pub-8106111766207173\"\r\n     data-ad-slot=\"1465712950\"\r\n     data-ad-format=\"auto\"\r\n     data-full-width-responsive=\"true\"><\/ins>\r\n<script>\r\n     (adsbygoogle = window.adsbygoogle || []).push({});\r\n<\/script><\/div><\/div>","protected":false},"excerpt":{"rendered":"<p>Odlazak u dom za starije netom prije lockdowna uvedenog zbog pandemije bolesti Covid-19, za mnoge je \u0161ti\u0107enike bio fatalan. Svjedo\u010di o tome i gospodin Darko iz Zagreba \u010dija se majka Zora (79) nikad nije oporavila od \u0161oka uzrokovanog velikim zatvaranjem \u2013 kao da promjena sredine, \u017eivotnih navika, novi ljudi, druga prehrana nisu bili dovoljno stresni, sna\u0161le su je u isto vrijeme kobne zabrane posjeta, dru\u017eenja, napu\u0161tanja doma. Potonula je, ispri\u010dao je gospodin Darko za Mojevrijeme.hr, i od bistre i hitre \u017eene u samo tri godine postala depresivna i nepokretna.<\/p>\n","protected":false},"author":17,"featured_media":75691,"comment_status":"closed","ping_status":"closed","sticky":false,"template":"","format":"standard","meta":{"footnotes":""},"categories":[3552],"tags":[2430,149,2669,1436],"class_list":["post-75288","post","type-post","status-publish","format-standard","has-post-thumbnail","hentry","category-povjerljivo","tag-covid-19","tag-depresija","tag-domovi","tag-povjerljivo"],"_links":{"self":[{"href":"https:\/\/www.mojevrijeme.hr\/magazin\/wp-json\/wp\/v2\/posts\/75288","targetHints":{"allow":["GET"]}}],"collection":[{"href":"https:\/\/www.mojevrijeme.hr\/magazin\/wp-json\/wp\/v2\/posts"}],"about":[{"href":"https:\/\/www.mojevrijeme.hr\/magazin\/wp-json\/wp\/v2\/types\/post"}],"author":[{"embeddable":true,"href":"https:\/\/www.mojevrijeme.hr\/magazin\/wp-json\/wp\/v2\/users\/17"}],"replies":[{"embeddable":true,"href":"https:\/\/www.mojevrijeme.hr\/magazin\/wp-json\/wp\/v2\/comments?post=75288"}],"version-history":[{"count":0,"href":"https:\/\/www.mojevrijeme.hr\/magazin\/wp-json\/wp\/v2\/posts\/75288\/revisions"}],"wp:featuredmedia":[{"embeddable":true,"href":"https:\/\/www.mojevrijeme.hr\/magazin\/wp-json\/wp\/v2\/media\/75691"}],"wp:attachment":[{"href":"https:\/\/www.mojevrijeme.hr\/magazin\/wp-json\/wp\/v2\/media?parent=75288"}],"wp:term":[{"taxonomy":"category","embeddable":true,"href":"https:\/\/www.mojevrijeme.hr\/magazin\/wp-json\/wp\/v2\/categories?post=75288"},{"taxonomy":"post_tag","embeddable":true,"href":"https:\/\/www.mojevrijeme.hr\/magazin\/wp-json\/wp\/v2\/tags?post=75288"}],"curies":[{"name":"wp","href":"https:\/\/api.w.org\/{rel}","templated":true}]}}