{"id":75302,"date":"2023-05-25T16:47:40","date_gmt":"2023-05-25T14:47:40","guid":{"rendered":"https:\/\/www.mojevrijeme.hr\/magazin\/?p=75302"},"modified":"2023-05-25T16:49:52","modified_gmt":"2023-05-25T14:49:52","slug":"moda-za-60-plus-muskarce-ne-dozvolite-da-vam-se-smiju-iza-leda-stil-je-sve","status":"publish","type":"post","link":"https:\/\/www.mojevrijeme.hr\/magazin\/2023\/05\/moda-za-60-plus-muskarce-ne-dozvolite-da-vam-se-smiju-iza-leda-stil-je-sve\/","title":{"rendered":"Moda za 60 plus mu\u0161karce: Ne dozvolite da vam se smiju iza le\u0111a, stil je sve!"},"content":{"rendered":"\n<p>Nemojte se odje\u0107om truditi izgledati previ\u0161e mlado, radije kod kupnje birajte kvalitetne odjevne komade primjerene dobi, ali u kojima ne\u0107ete izgledati staro ili dosadno. To zna\u010di da ne morate slijepo usvojiti ba\u0161 svaki trend u obliku kri\u010davih boja ili rupa na trapericama, ali mo\u017eete svako malo osvje\u017eiti ormar novitetima iz &#8220;ozbiljnijih&#8221; du\u0107ana koji tako\u0111er prate modu. Vjerujte, trendi klasici \u0107e vam sasvim lijepo goditi!<\/p>\n\n\n\n<p>I da, percepciju mo\u017eete okrenuti u svoju korist, samo ne drasti\u010dno. Recimo, laskat \u0107e vam ako imate 60 godina i odje\u0107om uspijete posti\u0107i izgled osobe u ranim 50-ima, ili ako imate 50 godina i izgledate kao netko u ranim 40-ima. Me\u0111utim, bit \u0107ete smije\u0161ni ako imate 70 godina, a nosite odje\u0107u kao netko tko ima 25.<\/p>\n\n\n\n<p>Naposljetku, ne \u017eelite da vam iz le\u0111a pri\u010daju ste u krizi srednjih godina, znamo svi \u0161to to zna\u010di. I ne, nije fora re\u0107i &#8220;ba\u0161 me briga \u0161to drugi misle&#8221;, jer je takvo razmi\u0161ljanje u ovoj sferi proma\u0161eno. Tim slijedom, evo koje modne pogre\u0161ke morate izbjegavati ako u svojim godinama \u017eelite izgledati kao mu\u0161karac koji se dobro dr\u017ei (i koji dr\u017ei do sebe): <\/p><div id=\"mojev-727937033\" class=\"mojev-u-tekstu mojev-entity-placement\" style=\"margin-left: auto;margin-right: auto;text-align: center;\"><div class=\"mojev-adlabel\">oglas<\/div><div style=\"height: 250px;\"><script async src=\"https:\/\/pagead2.googlesyndication.com\/pagead\/js\/adsbygoogle.js?client=ca-pub-8106111766207173\"\r\n     crossorigin=\"anonymous\"><\/script>\r\n<!-- Prikazni 1 u tekstu -->\r\n<ins class=\"adsbygoogle\"\r\n     style=\"display:block\"\r\n     data-ad-client=\"ca-pub-8106111766207173\"\r\n     data-ad-slot=\"8535551207\"\r\n     data-ad-format=\"auto\"\r\n     data-full-width-responsive=\"true\"><\/ins>\r\n<script>\r\n     (adsbygoogle = window.adsbygoogle || []).push({});\r\n<\/script><\/div><\/div><br style=\"clear: both; display: block; float: none;\"\/>\n\n\n\n<h3 class=\"wp-block-heading\">1. NE trenirkama u javnosti<\/h3>\n\n\n\n<p>Trenirku ili nedajbo\u017ee atletske kratke hla\u010dice &#8211; nije primjereno nositi u javnosti, osim na sportskim terenima. Istina je, mla\u0111i mu\u0161karci danas \u010desto nose trenirke kao dio svakodnevnog stila, to je sada u trendu i nagla\u0161ava mladena\u010dki izgled. No, u trenirci \u0107e mu\u0161karac u zrelim godinama u najmanju ruku izgledati nemarno, asocirat \u0107e \u010dak na to da je lijen.<\/p>\n\n\n\n<figure class=\"wp-block-image size-large\"><img loading=\"lazy\" decoding=\"async\" width=\"740\" height=\"444\" src=\"https:\/\/www.mojevrijeme.hr\/magazin\/wp-content\/uploads\/2023\/05\/muska-moda-4-740x444.jpg\" alt=\"Moda za starije mu\u0161karce\" class=\"wp-image-75342\" srcset=\"https:\/\/www.mojevrijeme.hr\/magazin\/wp-content\/uploads\/2023\/05\/muska-moda-4-740x444.jpg 740w, https:\/\/www.mojevrijeme.hr\/magazin\/wp-content\/uploads\/2023\/05\/muska-moda-4-636x382.jpg 636w, https:\/\/www.mojevrijeme.hr\/magazin\/wp-content\/uploads\/2023\/05\/muska-moda-4-768x461.jpg 768w, https:\/\/www.mojevrijeme.hr\/magazin\/wp-content\/uploads\/2023\/05\/muska-moda-4-1536x922.jpg 1536w, https:\/\/www.mojevrijeme.hr\/magazin\/wp-content\/uploads\/2023\/05\/muska-moda-4-1500x900.jpg 1500w, https:\/\/www.mojevrijeme.hr\/magazin\/wp-content\/uploads\/2023\/05\/muska-moda-4-1600x960.jpg 1600w, https:\/\/www.mojevrijeme.hr\/magazin\/wp-content\/uploads\/2023\/05\/muska-moda-4-590x354.jpg 590w, https:\/\/www.mojevrijeme.hr\/magazin\/wp-content\/uploads\/2023\/05\/muska-moda-4-400x240.jpg 400w, https:\/\/www.mojevrijeme.hr\/magazin\/wp-content\/uploads\/2023\/05\/muska-moda-4.jpg 2000w\" sizes=\"auto, (max-width: 740px) 100vw, 740px\" \/><figcaption class=\"wp-element-caption\">ilustracija: S. Bura\/mj<\/figcaption><\/figure>\n\n\n\n<p>Istina je &#8211; kako starite, morate se vi\u0161e truditi oko izgleda i to morate osvijestiti. Ovdje je va\u017eno re\u0107i da \u0161to je u kasnijim godinama va\u0161 izgled opu\u0161teniji, manja je mogu\u0107nost da \u0107e vam to pomo\u0107i izgledati mla\u0111e!<\/p>\n\n\n\n<h3 class=\"wp-block-heading\">2.&nbsp;NE tenisicama u svim prigodama<\/h3>\n\n\n\n<p>Odaberite prilike u kojima \u0107ete nositi tenisice, poput odlaska u kupovinu namirnica, \u0161etnje ili obavljanja sitnih poslova, ili kad ste u parki\u0107u sa svojim unucima.<\/p>\n\n\n\n<p>Razmotrite stoga no\u0161enje drugih vrsta obu\u0107e. Primjerice, za grad ili odlazak na izlet s ve\u0107im dru\u0161tvom, umjesto klasi\u010dnih sportskih tenisica odaberite par lijepih ko\u017enih tenisica koje izgledaju uredno &#8211; one \u0107e se bolje uklopiti uz va\u0161u dob.<\/p>\n\n\n\n<p>U drugim situacijama, razmislite o no\u0161enju brodarica, vje\u010dnog i udobnog klasika. Ako je malo hladnije, ko\u017ene gle\u017enja\u010de, osobito ako su od bru\u0161ene ko\u017ee, mogu biti pun pogodak i pru\u017eiti savr\u0161enu ravnote\u017eu izme\u0111u le\u017eernog i dotjeranog izgleda. Svom cipelaru svakako dodajte i dobre mokasine, spasit \u0107e vas u bezbroj situacija.<\/p>\n\n\n\n<p>Oprez: svakako mislite i na udobnost svojih cipela, va\u0161a stopala u va\u0161im godinama trebaju posebnu njegu.<\/p>\n\n\n\n<h3 class=\"wp-block-heading\">3.&nbsp;&nbsp;NE \u0161iltericama za opu\u0161ten izgled<\/h3>\n\n\n\n<p>Da, da, \u0161tite vas od sunca, ali ako sa \u0161iltericom na glavi iza\u0111ete na pi\u0107e s prijateljima, izgledat \u0107ete jednako lo\u0161e kao da nosite trenirku i tenisice. Sa \u0161iltericom \u0107ete, osim \u0161to \u0107ete op\u0107enito izgledati kao mladi\u0107 u neuspjelom poku\u0161aju, ostavljati jo\u0161 dojam kao da poku\u0161avate sakriti gubitak kose, a to mo\u017eete posti\u0107i i na elegantniji na\u010din.<\/p>\n\n\n\n<p>Ako je vani, dakle, jako vru\u0107e ili \u017eelite pokriti glavu, radije odaberite neki klasi\u010dni \u0161e\u0161ir poput <em>panama<\/em> \u0161e\u0161ira (oni u dobi 50+ sjetit \u0107e se da je takav nosio i Tito). \u0160e\u0161ir prvenstveno treba pristajati va\u0161em obliku lica.<\/p>\n\n\n\n<figure class=\"wp-block-image size-large\"><img loading=\"lazy\" decoding=\"async\" width=\"740\" height=\"444\" src=\"https:\/\/www.mojevrijeme.hr\/magazin\/wp-content\/uploads\/2023\/05\/muska-moda3-740x444.jpg\" alt=\"Moda za starije mu\u0161karce\" class=\"wp-image-75343\" srcset=\"https:\/\/www.mojevrijeme.hr\/magazin\/wp-content\/uploads\/2023\/05\/muska-moda3-740x444.jpg 740w, https:\/\/www.mojevrijeme.hr\/magazin\/wp-content\/uploads\/2023\/05\/muska-moda3-636x382.jpg 636w, https:\/\/www.mojevrijeme.hr\/magazin\/wp-content\/uploads\/2023\/05\/muska-moda3-768x461.jpg 768w, https:\/\/www.mojevrijeme.hr\/magazin\/wp-content\/uploads\/2023\/05\/muska-moda3-1536x922.jpg 1536w, https:\/\/www.mojevrijeme.hr\/magazin\/wp-content\/uploads\/2023\/05\/muska-moda3-1500x900.jpg 1500w, https:\/\/www.mojevrijeme.hr\/magazin\/wp-content\/uploads\/2023\/05\/muska-moda3-1600x960.jpg 1600w, https:\/\/www.mojevrijeme.hr\/magazin\/wp-content\/uploads\/2023\/05\/muska-moda3-590x354.jpg 590w, https:\/\/www.mojevrijeme.hr\/magazin\/wp-content\/uploads\/2023\/05\/muska-moda3-400x240.jpg 400w, https:\/\/www.mojevrijeme.hr\/magazin\/wp-content\/uploads\/2023\/05\/muska-moda3.jpg 2000w\" sizes=\"auto, (max-width: 740px) 100vw, 740px\" \/><figcaption class=\"wp-element-caption\">ilustracija: S. Bura\/mj<\/figcaption><\/figure>\n\n\n\n<p>I prava frizuru mo\u017ee vam skinuti poneku godinu, osvje\u017eiti va\u0161 izgled i popraviti ukupni dojam pa budite redovni kod frizera.<\/p>\n\n\n\n<h3 class=\"wp-block-heading\">4.&nbsp;&nbsp;NE no\u0161enje uskih odjevnih komada<\/h3>\n\n\n\n<p>Prije svega, trendovi dolaze i brzo prolaze, a i\u0107i ukorak s njima vrlo je skupo. Drugo, kao mu\u0161karac s vi\u0161e iskustva i metabolizmom koji vi\u0161e nije tako brz kao u dvadesetima, znate da \u0107e uski odjevni predmeti istaknuti svaku nesavr\u0161enost i svaki vi\u0161ak kilograma. To vam ne\u0107e podariti mla\u0111i izgled, pa uskoj odje\u0107i na vrijeme recite zbogom.<\/p>\n\n\n\n<p>Ne samo da \u0107e uska majica, samterice ili odijelo istaknuti ne\u017eeljeno, ve\u0107 \u0107ete izgledati kao da tra\u017eite pa\u017enju. Stoga znajte: \u0161to ste stariji, to \u0107e trendovski komadi odje\u0107e na vama izgledati apsurdnije.<\/p>\n\n\n\n<p>\u0160to umjesto toga trebate nositi? Umjerenost je klju\u010dna &#8211; to zna\u010di da morate uklju\u010diti op\u0107eniti trend, ali na bla\u017ei na\u010din. Ako su u trendu uske hla\u010de, vi svoje malo suzite kod kroja\u010da, ali ne pretjerano. Mislite pritom i na tjelesnu gra\u0111u, ako imate primjerice jaka bedra, ne\u0161to \u0161to je vrlo usko jednostavno nije laskavo.<\/p>\n\n\n\n<h3 class=\"wp-block-heading\">5. NE trapericama koje ne laskaju va\u0161oj figuri<\/h3>\n\n\n\n<p>Jo\u0161 jedna sezonska pogre\u0161ka koju gospoda \u010dine kada poku\u0161avaju izgledati mladolikije je odabir traperica koje im ne laskaju bojom ili krojem. Iako se traperice \u010dine vrlo bazi\u010dnima, u njima mo\u017eete izgledati vrlo zastarjelo. Na primjer, ako imate Wranglerice iz 90-ih, to jednostavno nije izgled koji ovih dana izgleda dobro &#8211; vrijeme je za moderniju verziju u skladu s gra\u0111om tijela.<\/p>\n\n\n\n<p>Traperice izblijedjele varikinom, one s izvezenim detaljima, s rupama, neporubljene \u2013 to je veliki NE u zrelijoj dobi. Takve \u0107e traperice na vama poslu\u017eiti kao savr\u0161en primjer mu\u0161karca u krizi srednjih godina, koji se jednostavno previ\u0161e trudi.<\/p>\n\n\n\n<figure class=\"wp-block-image size-large\"><img loading=\"lazy\" decoding=\"async\" width=\"740\" height=\"444\" src=\"https:\/\/www.mojevrijeme.hr\/magazin\/wp-content\/uploads\/2023\/05\/muska-moda-2-740x444.jpg\" alt=\"Moda za starije mu\u0161karce\" class=\"wp-image-75344\" srcset=\"https:\/\/www.mojevrijeme.hr\/magazin\/wp-content\/uploads\/2023\/05\/muska-moda-2-740x444.jpg 740w, https:\/\/www.mojevrijeme.hr\/magazin\/wp-content\/uploads\/2023\/05\/muska-moda-2-636x382.jpg 636w, https:\/\/www.mojevrijeme.hr\/magazin\/wp-content\/uploads\/2023\/05\/muska-moda-2-768x461.jpg 768w, https:\/\/www.mojevrijeme.hr\/magazin\/wp-content\/uploads\/2023\/05\/muska-moda-2-1536x922.jpg 1536w, https:\/\/www.mojevrijeme.hr\/magazin\/wp-content\/uploads\/2023\/05\/muska-moda-2-1500x900.jpg 1500w, https:\/\/www.mojevrijeme.hr\/magazin\/wp-content\/uploads\/2023\/05\/muska-moda-2-1600x960.jpg 1600w, https:\/\/www.mojevrijeme.hr\/magazin\/wp-content\/uploads\/2023\/05\/muska-moda-2-590x354.jpg 590w, https:\/\/www.mojevrijeme.hr\/magazin\/wp-content\/uploads\/2023\/05\/muska-moda-2-400x240.jpg 400w, https:\/\/www.mojevrijeme.hr\/magazin\/wp-content\/uploads\/2023\/05\/muska-moda-2.jpg 2000w\" sizes=\"auto, (max-width: 740px) 100vw, 740px\" \/><figcaption class=\"wp-element-caption\">ilustracija: S. Bura\/mj<\/figcaption><\/figure>\n\n\n\n<p>Ako \u017eelite izgledati mla\u0111e, ali i dalje ukusno, morate prona\u0107i zlatnu sredinu izme\u0111u najmodernijih stvari i vrlo klasi\u010dnih stilova. To zna\u010di da \u0107ete birati traperice koje nisu ni preuske, ni pre\u0161iroke i koje nisu ni presvijetle ni pretamne. Lak\u0161e je nego \u0161to zvu\u010di na prvu.<\/p>\n\n\n\n<h3 class=\"wp-block-heading\">6. NE kri\u010davim bojama i napadnim uzorcima<\/h3>\n\n\n\n<p>Napadne boje i uzorci svakako su na\u010din da privu\u010dete ne\u010diju pa\u017enju, ali na starijem mu\u0161karcu djeluju kao da je vrlo nesiguran u sebe. To nije ne\u0161to \u0161to \u017eelite da ljudi misle o vama. \u0160to biste trebali obu\u0107i umjesto toga? <\/p>\n\n\n\n<p>To \u0161to morate presko\u010diti ru\u017ei\u010daste hla\u010de u kombinaciji s cvjetnom ko\u0161uljom, ne zna\u010di da uop\u0107e ne mo\u017eete uklopiti boju ili uzorke. Uvijek mo\u017eete koristiti hrabre boje ili \u0161arene uzorke, ali u malim dozama. Primjerice, izaberite prugastu ko\u0161ulju, ili malo hrabriju kravatu ili gumbe, ili mo\u017eda \u010dak i hla\u010de. Ali ako imate jedan odva\u017ean predmet, neka ostatak stajlinga bude nenapadan!<\/p>\n\n\n\n<p>Tako\u0111er, pazite kako \u0107ete upariti napadan uzorak i hrabru boju. Ru\u017ei\u010daste i bijele pruge mogle bi biti previ\u0161e, ali sme\u0111a i bijela sasvim prihvatljive, ta je shema boja vrlo klasi\u010dna.<\/p>\n\n\n\n<p>Isto vrijedi i za \u010darape. Umjesto da nosite lude \u010darape s dinosaurima, nabavite par dvobojnih prugastih \u010darapa koje imaju suptilne varijacije boja; dobro pristaju uz va\u0161e hla\u010de, izgledaju moderno i svje\u017ee, ali ne u mjeri u kojoj bi izgledale komi\u010dno. \u010carape mogu pomo\u0107i da izgledate moderno, ali ne smiju izgledati djetinjasto.<\/p>\n\n\n\n<h3 class=\"wp-block-heading\">7.&nbsp;&nbsp;NE kori\u0161tenje mladena\u010dkih i napadnih parfema<\/h3>\n\n\n\n<p>Poku\u0161avaju\u0107i djelovati mla\u0111e, mnogi stariji mu\u0161karci tra\u017ee mladala\u010dki, hrabar ili slatkasto lagan miris u nadi da \u0107e ljudi misliti da su mla\u0111i. Na\u017ealost, stariji gospodin koji miri\u0161e poput tinejd\u017eera \u0161alje druga\u010dije signale.<\/p>\n\n\n\n<p>Umjesto toga, nabavite kvalitetan miris prilago\u0111en godi\u0161njem dobu, poput laganijih mirisa za ljeto. Mo\u017eete se osloniti i na popularne brendove koji jesu skuplji, ali me\u0111u njima su se dokazali vje\u010dni klasici za gospodu u godinama.<\/p>\n\n\n\n<h3 class=\"wp-block-heading\">Bonus savjet:<\/h3>\n\n\n\n<p>Da, vanjski izgled je va\u017ean, ali ljudi ponekad zaborave na tjelesne mirise poput lo\u0161eg zadaha. I ako se istu\u0161iraju i koristite najbolji parfem, zbog lo\u0161eg zadaha mogu djelovati jako staro. Najgore je to \u0161to vam ve\u0107ina ljudi nikad ne\u0107e u lice re\u0107i da imate lo\u0161 zadah, jedino bi vam voljena osoba ili netko tko vam je jako blizak mogao dati iskren odgovor. Utvrdite uzrok problema i svakako redovito perite zube te koristite vodicu za ispiranje usta.<\/p>\n<div id=\"mojev-3349129680\" class=\"mojev-kraj-teksta mojev-entity-placement\" style=\"margin-bottom: 20px;margin-left: auto;margin-right: auto;text-align: center;\"><div class=\"mojev-adlabel\">oglas<\/div><div style=\"height: 250px;\"><script async src=\"https:\/\/pagead2.googlesyndication.com\/pagead\/js\/adsbygoogle.js?client=ca-pub-8106111766207173\"\r\n     crossorigin=\"anonymous\"><\/script>\r\n<!-- Display-1 -->\r\n<ins class=\"adsbygoogle\"\r\n     style=\"display:block\"\r\n     data-ad-client=\"ca-pub-8106111766207173\"\r\n     data-ad-slot=\"1465712950\"\r\n     data-ad-format=\"auto\"\r\n     data-full-width-responsive=\"true\"><\/ins>\r\n<script>\r\n     (adsbygoogle = window.adsbygoogle || []).push({});\r\n<\/script><\/div><\/div>","protected":false},"excerpt":{"rendered":"<p>Divno je i krasno kad mu\u0161karac prati modu i odijeva se izvan-serijski, ali mu\u0161karac u zrelim godinama mo\u017ee izgledati nakaradno i tragikomi\u010dno ako za modom pose\u017ee kako bi izgledao kao veseli mladi\u0107. U redu, mo\u017eda \u0107e djed u srednjim \u0161ezdesetima u parki\u0107u s unu\u010dicom izgledati sasvim u redu u \u017eutim tenisicama, ali to mu ne\u0107e pro\u0107i kad joj ide na sve\u010danu \u0161kolsku priredbu. Donosimo nekoliko savjeta kako ipak mo\u017eete izgledati dobro i mu\u017eevno (u redu, i malo mla\u0111e), ali na pozitivan na\u010din.<\/p>\n","protected":false},"author":1,"featured_media":75345,"comment_status":"closed","ping_status":"closed","sticky":false,"template":"","format":"standard","meta":{"footnotes":""},"categories":[86],"tags":[276,123,3501],"class_list":["post-75302","post","type-post","status-publish","format-standard","has-post-thumbnail","hentry","category-stil-i-ljepota","tag-moda","tag-muskarci","tag-odijevanje"],"_links":{"self":[{"href":"https:\/\/www.mojevrijeme.hr\/magazin\/wp-json\/wp\/v2\/posts\/75302","targetHints":{"allow":["GET"]}}],"collection":[{"href":"https:\/\/www.mojevrijeme.hr\/magazin\/wp-json\/wp\/v2\/posts"}],"about":[{"href":"https:\/\/www.mojevrijeme.hr\/magazin\/wp-json\/wp\/v2\/types\/post"}],"author":[{"embeddable":true,"href":"https:\/\/www.mojevrijeme.hr\/magazin\/wp-json\/wp\/v2\/users\/1"}],"replies":[{"embeddable":true,"href":"https:\/\/www.mojevrijeme.hr\/magazin\/wp-json\/wp\/v2\/comments?post=75302"}],"version-history":[{"count":0,"href":"https:\/\/www.mojevrijeme.hr\/magazin\/wp-json\/wp\/v2\/posts\/75302\/revisions"}],"wp:featuredmedia":[{"embeddable":true,"href":"https:\/\/www.mojevrijeme.hr\/magazin\/wp-json\/wp\/v2\/media\/75345"}],"wp:attachment":[{"href":"https:\/\/www.mojevrijeme.hr\/magazin\/wp-json\/wp\/v2\/media?parent=75302"}],"wp:term":[{"taxonomy":"category","embeddable":true,"href":"https:\/\/www.mojevrijeme.hr\/magazin\/wp-json\/wp\/v2\/categories?post=75302"},{"taxonomy":"post_tag","embeddable":true,"href":"https:\/\/www.mojevrijeme.hr\/magazin\/wp-json\/wp\/v2\/tags?post=75302"}],"curies":[{"name":"wp","href":"https:\/\/api.w.org\/{rel}","templated":true}]}}