{"id":75363,"date":"2023-05-26T08:43:52","date_gmt":"2023-05-26T06:43:52","guid":{"rendered":"https:\/\/www.mojevrijeme.hr\/magazin\/?p=75363"},"modified":"2023-05-26T08:45:27","modified_gmt":"2023-05-26T06:45:27","slug":"zagreb-uvodi-maksimalne-stope-poreza-na-dohodak","status":"publish","type":"post","link":"https:\/\/www.mojevrijeme.hr\/magazin\/2023\/05\/zagreb-uvodi-maksimalne-stope-poreza-na-dohodak\/","title":{"rendered":"Zagreb uvodi maksimalne stope poreza na dohodak"},"content":{"rendered":"\n<p>Nakon \u0161to je <strong>Vlada RH<\/strong> i slu\u017ebeno objavila da namjerava ukinuti prirez od <strong>1. sije\u010dnja 2024.<\/strong> godine, najve\u0107i hrvatski gradovi razmi\u0161ljaju strategiju kako nadomjestiti novac koji \u0107e im tim \u010dinom biti izbijen iz blagajne. <\/p>\n\n\n\n<p>&#8220;Grad Zagreb \u0107e ukidanjem prireza ostati bez milijardu kuna (ili 10 posto) prihoda. Istovremeno, zbog ilegalnog deficita koji je akumulirala biv\u0161a vlast, mi pet godina zaredom moramo imati vi\u0161ak prihoda u prora\u010dunu&#8221;, objavio je na Facebooku zagreba\u010dki gradona\u010delnik <strong>Tomislav Toma\u0161evi\u0107<\/strong>. <\/p>\n\n\n\n<p>&#8220;Grad Zagreb \u0107e uvesti maksimalne stope poreza na dohodak kako bi kompenzirao gubitak prireza (a \u010dak i nakon toga imat \u0107emo oko 40 milijuna eura prihoda manje na godi\u0161njoj razini). To je socijalno pravednije od podizanja cijena usluga, jer prirez (kao i novi porez) pla\u0107a samo 30 posto Zagrep\u010dana s najvi\u0161im pla\u0107ama&#8221;, kazao je. <\/p><div id=\"mojev-3911038461\" class=\"mojev-u-tekstu mojev-entity-placement\" style=\"margin-left: auto;margin-right: auto;text-align: center;\"><div class=\"mojev-adlabel\">oglas<\/div><div style=\"height: 250px;\"><script async src=\"https:\/\/pagead2.googlesyndication.com\/pagead\/js\/adsbygoogle.js?client=ca-pub-8106111766207173\"\r\n     crossorigin=\"anonymous\"><\/script>\r\n<!-- Prikazni 1 u tekstu -->\r\n<ins class=\"adsbygoogle\"\r\n     style=\"display:block\"\r\n     data-ad-client=\"ca-pub-8106111766207173\"\r\n     data-ad-slot=\"8535551207\"\r\n     data-ad-format=\"auto\"\r\n     data-full-width-responsive=\"true\"><\/ins>\r\n<script>\r\n     (adsbygoogle = window.adsbygoogle || []).push({});\r\n<\/script><\/div><\/div><br style=\"clear: both; display: block; float: none;\"\/>\n\n\n\n<p>Podsjetimo, po\u010detkom mjeseca Toma\u0161evi\u0107 je objasnio \u0161to bi se dogodilo kada bi ovaj manjak rasporedili na sve gra\u0111ane Zagreba. Za primjer je uzeo ZET koji ostvaruje 270 milijuna godi\u0161nje od prodaje karata. Prirez Grada Zagreba je oko 950 milijuna kuna i ZET-u su potrebne subvencije Grada iz prora\u010duna da cijena karte bude ovakva kakva jest, skoro kao prihod od prireza.<\/p>\n\n\n\n<p>&#8220;Ako ne bi bilo subvencija karata tramvajskog prometa, cijena bi bila \u010detiri-pet puta ve\u0107a, a vrti\u0107i bi bili 2.000 kuna mjese\u010dno&#8221;, kazao je Toma\u0161evi\u0107.<\/p>\n<div id=\"mojev-2982593254\" class=\"mojev-kraj-teksta mojev-entity-placement\" style=\"margin-bottom: 20px;margin-left: auto;margin-right: auto;text-align: center;\"><div class=\"mojev-adlabel\">oglas<\/div><div style=\"height: 250px;\"><script async src=\"https:\/\/pagead2.googlesyndication.com\/pagead\/js\/adsbygoogle.js?client=ca-pub-8106111766207173\"\r\n     crossorigin=\"anonymous\"><\/script>\r\n<!-- Display-1 -->\r\n<ins class=\"adsbygoogle\"\r\n     style=\"display:block\"\r\n     data-ad-client=\"ca-pub-8106111766207173\"\r\n     data-ad-slot=\"1465712950\"\r\n     data-ad-format=\"auto\"\r\n     data-full-width-responsive=\"true\"><\/ins>\r\n<script>\r\n     (adsbygoogle = window.adsbygoogle || []).push({});\r\n<\/script><\/div><\/div>","protected":false},"excerpt":{"rendered":"<p>Vladinom namjerom ukidanja prireza, metropola \u0107e ostati bez desetine prihoda. Kako \u0107e zakrpati nastalu rupu koriste\u0107i rje\u0161enje koje je ponudio premijer Plenkovi\u0107, objasnio je gradona\u010delnik Tomislav Toma\u0161evi\u0107.<\/p>\n","protected":false},"author":1,"featured_media":71665,"comment_status":"closed","ping_status":"closed","sticky":false,"template":"","format":"standard","meta":{"footnotes":""},"categories":[9],"tags":[17,573,3523,2670,39],"class_list":["post-75363","post","type-post","status-publish","format-standard","has-post-thumbnail","hentry","category-vijesti","tag-novac","tag-porezi","tag-prirez","tag-tomislav-tomasevic","tag-zagreb"],"_links":{"self":[{"href":"https:\/\/www.mojevrijeme.hr\/magazin\/wp-json\/wp\/v2\/posts\/75363","targetHints":{"allow":["GET"]}}],"collection":[{"href":"https:\/\/www.mojevrijeme.hr\/magazin\/wp-json\/wp\/v2\/posts"}],"about":[{"href":"https:\/\/www.mojevrijeme.hr\/magazin\/wp-json\/wp\/v2\/types\/post"}],"author":[{"embeddable":true,"href":"https:\/\/www.mojevrijeme.hr\/magazin\/wp-json\/wp\/v2\/users\/1"}],"replies":[{"embeddable":true,"href":"https:\/\/www.mojevrijeme.hr\/magazin\/wp-json\/wp\/v2\/comments?post=75363"}],"version-history":[{"count":0,"href":"https:\/\/www.mojevrijeme.hr\/magazin\/wp-json\/wp\/v2\/posts\/75363\/revisions"}],"wp:featuredmedia":[{"embeddable":true,"href":"https:\/\/www.mojevrijeme.hr\/magazin\/wp-json\/wp\/v2\/media\/71665"}],"wp:attachment":[{"href":"https:\/\/www.mojevrijeme.hr\/magazin\/wp-json\/wp\/v2\/media?parent=75363"}],"wp:term":[{"taxonomy":"category","embeddable":true,"href":"https:\/\/www.mojevrijeme.hr\/magazin\/wp-json\/wp\/v2\/categories?post=75363"},{"taxonomy":"post_tag","embeddable":true,"href":"https:\/\/www.mojevrijeme.hr\/magazin\/wp-json\/wp\/v2\/tags?post=75363"}],"curies":[{"name":"wp","href":"https:\/\/api.w.org\/{rel}","templated":true}]}}