{"id":75386,"date":"2023-06-25T08:17:26","date_gmt":"2023-06-25T06:17:26","guid":{"rendered":"https:\/\/www.mojevrijeme.hr\/magazin\/?p=75386"},"modified":"2023-06-25T08:22:53","modified_gmt":"2023-06-25T06:22:53","slug":"glumica-svima-porucila-u-mojoj-kuci-zabranjene-su-rijeci-penzija-i-starenje","status":"publish","type":"post","link":"https:\/\/www.mojevrijeme.hr\/magazin\/2023\/06\/glumica-svima-porucila-u-mojoj-kuci-zabranjene-su-rijeci-penzija-i-starenje\/","title":{"rendered":"Glumica svima poru\u010dila: U mojoj ku\u0107i zabranjene su rije\u010di penzija i starenje"},"content":{"rendered":"\n<p>Niti jedna industrija nije tako otvoreno posve\u0107ena mladolikosti kao \u0161oubiznis. Istra\u017eivanje zaklade Annenberg otkrilo je da je u vi\u0161e od tisu\u0107u snimljenih filmova izme\u0111u 2007. i 2017. glumilo samo 25 posto \u017eena koje su imale vi\u0161e od 40 godina!<\/p>\n\n\n\n<p>Iako se sve vi\u0161e govori o dobnoj diskriminaciji, daleko smo od cilja. \u017dene su u jo\u0161 nepovoljnijem polo\u017eaju od mu\u0161karaca jer se smatra da su najprivla\u010dnije u svojim 20-ima, dok mu\u0161karci vrhunac privla\u010dnosti dosti\u017eu u 40-im godinama. Istra\u017eivanja su \u010dak pokazala kako<strong> Harrison Ford<\/strong>,<strong> Denzel Washington <\/strong>i <strong>George Clooney<\/strong> igraju likove svoje dobi, ali \u017eene koje im glume partnerice redovito budu mla\u0111e.<\/p>\n\n\n\n<p>Postoje dakako sna\u017ene slavne \u017eene koje prkose izbacivanju iz filmskog svijeta jednom kad pre\u0111u 50 godina. One uporno mijenjaju percepciju starenja i vlastitim primjerom svjedo\u010de da se mo\u017eemo ostvariti u svakoj \u017eivotnoj dobi. Ovo su njihova razmi\u0161ljanja o starenju:<\/p><div id=\"mojev-1806199385\" class=\"mojev-u-tekstu mojev-entity-placement\" style=\"margin-left: auto;margin-right: auto;text-align: center;\"><div class=\"mojev-adlabel\">oglas<\/div><div style=\"height: 250px;\"><script async src=\"https:\/\/pagead2.googlesyndication.com\/pagead\/js\/adsbygoogle.js?client=ca-pub-8106111766207173\"\r\n     crossorigin=\"anonymous\"><\/script>\r\n<!-- Prikazni 1 u tekstu -->\r\n<ins class=\"adsbygoogle\"\r\n     style=\"display:block\"\r\n     data-ad-client=\"ca-pub-8106111766207173\"\r\n     data-ad-slot=\"8535551207\"\r\n     data-ad-format=\"auto\"\r\n     data-full-width-responsive=\"true\"><\/ins>\r\n<script>\r\n     (adsbygoogle = window.adsbygoogle || []).push({});\r\n<\/script><\/div><\/div><br style=\"clear: both; display: block; float: none;\"\/>\n\n\n\n<h3 class=\"wp-block-heading\">Helen Mirren (77)<\/h3>\n\n\n\n<p>&#8220;Paradoksalno je da se u poznijoj \u017eivotnoj dobi osje\u0107ate udobnije u svojoj ko\u017ei, unato\u010d tome \u0161to vam godine daju manje razloga za to. Kad si mlad i lijep, paranoi\u010dan si i nesretan. Mislim da je jedna od najve\u0107ih prednosti starenja upravo to \u0161to se osloba\u0111ate odre\u0111enih kompleksa.&#8221;<\/p>\n\n\n\n<h3 class=\"wp-block-heading\">Judi Dench (88)<\/h3>\n\n\n\n<p>&#8220;Rije\u010d <em>umirovljenje<\/em> je najnepristojnija rije\u010d u mom rje\u010dniku. A <em>star<\/em> je jo\u0161 jedna. Ne dopu\u0161tam da se te rije\u010di izgovaraju u mojoj ku\u0107i. Ili da se netko naziva starim. Ne \u017eelim nijednu od tih starih rije\u010di. Volim rije\u010d <em>entuzijasti\u010dan<\/em>, a volim i rije\u010d <em>cut<\/em> (prekid) jer to zna\u010di da je na setu zavr\u0161ilo snimanje.&#8221;<\/p>\n\n\n\n<h3 class=\"wp-block-heading\">Jane Fonda (85)<\/h3>\n\n\n\n<p>&#8220;Jo\u0161 uvijek \u017eivimo sa starom paradigmom prema kojoj se \u017eivotni ciklus prikazuje kao luk. To je metafora, stara metafora: Rodite se, dosegnite vrhunac u srednjim godinama, i propadnete u dotrajalost. Starost kao patologija. No danas mnogi ljudi &#8211; filozofi, umjetnici, lije\u010dnici, znanstvenici &#8211; ponovno razmatraju ono \u0161to ja nazivam &#8216;tre\u0107im \u010dinom&#8217; &#8211; posljednja tri desetlje\u0107a \u017eivota. Pitate me koji bi novi metafori\u010dki prikaz \u017eivotnog ciklusa bio bolji? Bila bi to stepenica &#8211; uzlazni uspon ljudskog duha, koji nas vodi prema mudrosti, cjelovitosti i autenti\u010dnosti.&#8221;<\/p>\n\n\n\n<h3 class=\"wp-block-heading\">Kate Winslet (47)<\/h3>\n\n\n\n<p>&#8220;Ne mogu shvatiti kako netko mo\u017ee misliti da \u017eene s godinama gube ljepotu. S godinama dolazi samopouzdanje, a dobar izgled proizlazi upravo iz samopouzdanja koje nosimo u sebi.&#8221;<\/p>\n\n\n\n<h3 class=\"wp-block-heading\">Emma Thompson (64)<\/h3>\n\n\n\n<p>&#8220;Nikad se nisam osje\u0107ala tako mo\u0107no i smireno kao upravo sada, u ovim godinama. Jednostavno me ba\u0161 briga za sve, jer sam prestara da previ\u0161e marim. To je tako sjajan osje\u0107aj. Ne smijete me osu\u0111ivati. Ja sam svoja, nije mi va\u017eno \u0161to vi mislite.&#8221;<\/p>\n\n\n\n<h3 class=\"wp-block-heading\">Sigourney Weaver (73)<\/h3>\n\n\n\n<p>&#8220;Kad si mlad, toliko se toga slijeva prema tebi, ne mo\u017ee\u0161 sve upiti. Prelijeva se po tebi kao vodopad. Kad si stariji, manje je intenzivno, a ti si sposoban to primiti&#8221;<\/p>\n\n\n\n<h3 class=\"wp-block-heading\">Jamie Lee Curtis (64)<\/h3>\n\n\n\n<p>&#8220;Zgro\u017eena sam \u0161to konstantno koristimo izraz <em>antiageing<\/em>, odnosno &#8216;protiv starenja&#8217;. \u010cim se spomene starost, tu su kreme protiv starenja, napitci protiv starenja, estetske operacije protiv starenja, da ne nabrajam dalje. Ali mogu vam re\u0107i da je starenje jednako prirodno kao meko\u0107a i miris bebe. Starenje je ljudska evolucija u svojoj \u010distoj formi.&#8221;<\/p>\n\n\n\n<h3 class=\"wp-block-heading\">Melissa McCarthy (52)<\/h3>\n\n\n\n<p>&#8220;\u0160to ste stariji, to ste zanimljiviji kao osoba. Toliko ste toga pro\u0161li, vidjeli i nau\u010dili i zato zra\u010dite samopouzdanjem osobe koja o \u017eivotu zna vi\u0161e. Pogled na svijet koji dolazi s iskustvom uvijek je uzbudljiviji.&#8221;<\/p>\n\n\n\n<h3 class=\"wp-block-heading\">Viola Davis (57)<\/h3>\n\n\n\n<p>&#8220;Ono \u0161to me najvi\u0161e oslobodilo straha od starenja je samosvijest. Vlastitu vrijednost nikad nisam procjenjivala na temelju svog izgleda ili bilo \u010dega fizi\u010dkog. Pro\u0161la sam mnogo toga u \u017eivotu, a ono \u0161to mi je najvi\u0161e pomoglo je sna\u017ean karakter i optimizam.&#8221;<\/p>\n\n\n\n<h3 class=\"wp-block-heading\">Frances McDormand (65)<\/h3>\n\n\n\n<p>&#8220;\u017divimo u svijetu u kojem nitko ne \u017eeli odrasti, zrelost nije cilj. Ne smatra se darom. Ne\u0161to se dogodilo na kulturolo\u0161kom planu: nitko ne bi smio biti stariji od 45 godina \u2013 ni po izgledu, ni po odjevnom stilu, na\u010dinu \u0161minkanja, stavu. Svi se odijevaju poput tinejd\u017eera. Svi boje kosu. Svi se brinu o zategnutom licu&#8230; A kad izgledate starije zapravo samo \u0161aljete signal da ste netko tko ispod te sijede kose \u010duva katalog vrijednih informacija, i to je divno.&#8221;<\/p>\n\n\n\n<div id=\"crveno\"><\/p>\n\n\n\n<h3 class=\"wp-block-heading\">Zanima nas va\u0161a pri\u010da<\/h3>\n\n\n\n<p>\u017delite li i vi, posve anonimno, podijeliti svoje iskustvo i vi\u0111enje ove teme s nama i na\u0161im \u010ditateljima, mo\u017eete to u\u010diniti putem web obrasca <a rel=\"noreferrer noopener\" href=\"https:\/\/www.mojevrijeme.hr\/magazin\/povjerljivo\/\" target=\"_blank\">Povjerljivo<\/a>. Napi\u0161ite svoju pri\u010du!<\/p>\n\n\n\n<p><\/div>\n<div id=\"mojev-911016815\" class=\"mojev-kraj-teksta mojev-entity-placement\" style=\"margin-bottom: 20px;margin-left: auto;margin-right: auto;text-align: center;\"><div class=\"mojev-adlabel\">oglas<\/div><div style=\"height: 250px;\"><script async src=\"https:\/\/pagead2.googlesyndication.com\/pagead\/js\/adsbygoogle.js?client=ca-pub-8106111766207173\"\r\n     crossorigin=\"anonymous\"><\/script>\r\n<!-- Display-1 -->\r\n<ins class=\"adsbygoogle\"\r\n     style=\"display:block\"\r\n     data-ad-client=\"ca-pub-8106111766207173\"\r\n     data-ad-slot=\"1465712950\"\r\n     data-ad-format=\"auto\"\r\n     data-full-width-responsive=\"true\"><\/ins>\r\n<script>\r\n     (adsbygoogle = window.adsbygoogle || []).push({});\r\n<\/script><\/div><\/div>","protected":false},"excerpt":{"rendered":"<p>Te\u0161ko se veseliti starenju kada ne vidite nikog starijeg oko sebe. S toliko usmjerenosti na mladost (i kako ostati mlad) u na\u0161em dru\u0161tvu, skloniji smo gledati unatrag i \u017ealiti za onim \u0161to smo izgubili, nego stremiti naprijed prema svemu dobrom \u0161to tek dolazi. I iako se u modernom svijetu to ne isti\u010de ba\u0161 \u010desto, \u017eivot ide dalje i kad napunimo 40, 50, 60 godina \u2013 zapravo, mo\u017ee biti nevjerojatno dobar! Pro\u010ditajte \u0161to o svojim zrelim godinama ka\u017eu slavne glumice &#8211; poticajno je!<\/p>\n","protected":false},"author":17,"featured_media":78108,"comment_status":"closed","ping_status":"closed","sticky":false,"template":"","format":"standard","meta":{"footnotes":""},"categories":[2],"tags":[3584,80],"class_list":["post-75386","post","type-post","status-publish","format-standard","has-post-thumbnail","hentry","category-mozaik","tag-glumice","tag-starenje"],"_links":{"self":[{"href":"https:\/\/www.mojevrijeme.hr\/magazin\/wp-json\/wp\/v2\/posts\/75386","targetHints":{"allow":["GET"]}}],"collection":[{"href":"https:\/\/www.mojevrijeme.hr\/magazin\/wp-json\/wp\/v2\/posts"}],"about":[{"href":"https:\/\/www.mojevrijeme.hr\/magazin\/wp-json\/wp\/v2\/types\/post"}],"author":[{"embeddable":true,"href":"https:\/\/www.mojevrijeme.hr\/magazin\/wp-json\/wp\/v2\/users\/17"}],"replies":[{"embeddable":true,"href":"https:\/\/www.mojevrijeme.hr\/magazin\/wp-json\/wp\/v2\/comments?post=75386"}],"version-history":[{"count":0,"href":"https:\/\/www.mojevrijeme.hr\/magazin\/wp-json\/wp\/v2\/posts\/75386\/revisions"}],"wp:featuredmedia":[{"embeddable":true,"href":"https:\/\/www.mojevrijeme.hr\/magazin\/wp-json\/wp\/v2\/media\/78108"}],"wp:attachment":[{"href":"https:\/\/www.mojevrijeme.hr\/magazin\/wp-json\/wp\/v2\/media?parent=75386"}],"wp:term":[{"taxonomy":"category","embeddable":true,"href":"https:\/\/www.mojevrijeme.hr\/magazin\/wp-json\/wp\/v2\/categories?post=75386"},{"taxonomy":"post_tag","embeddable":true,"href":"https:\/\/www.mojevrijeme.hr\/magazin\/wp-json\/wp\/v2\/tags?post=75386"}],"curies":[{"name":"wp","href":"https:\/\/api.w.org\/{rel}","templated":true}]}}