{"id":75440,"date":"2023-05-26T14:28:40","date_gmt":"2023-05-26T12:28:40","guid":{"rendered":"https:\/\/www.mojevrijeme.hr\/magazin\/?p=75440"},"modified":"2023-05-26T14:31:09","modified_gmt":"2023-05-26T12:31:09","slug":"raste-porez-na-vikendice-ovo-su-nove-tarife","status":"publish","type":"post","link":"https:\/\/www.mojevrijeme.hr\/magazin\/2023\/05\/raste-porez-na-vikendice-ovo-su-nove-tarife\/","title":{"rendered":"Uskoro drasti\u010dno raste porez na vikendice, ovo su nove tarife"},"content":{"rendered":"\n<p>U&nbsp;novom poreznom paketu Vlada je udovoljila gradovima i op\u0107inama koji su ve\u0107 dulje vrijeme tra\u017eili da se pove\u0107a gornja granica poreza na ku\u0107e za odmor. Novi raspon iznosit \u0107e od 0,60 do pet eura po \u010detvornom metru korisne povr\u0161ine, a sad je bio od 0,66 do 1,99 eura. <\/p>\n\n\n\n<p>Mo\u017ee se o\u010dekivati da \u0107e ve\u0107ina lokalnih jedinica 1. sije\u010dnja 2024. dignuti porez na maksimalan iznos, \u0161to \u0107e biti sna\u017ean udarac po d\u017eepu za vlasnike vikendica i apartmana.<\/p>\n\n\n\n<h3 class=\"wp-block-heading\">Koliko je to u eurima?<\/h3>\n\n\n\n<p>Prema dosada\u0161njem rasponu poreza od 0,66 do 1,99 eura za vikendicu ili apartman od 50 kvadrata, kakve ve\u0107ina ljudi ima, vlasnik je pla\u0107ao minimalno 33 eura, a maksimalno 100 eura, ovisno o tome koliko su gradski ili op\u0107inski oci bili milostivi. Idu\u0107e godine oni sretniji pla\u0107at \u0107e 30 eura, a ondje gdje porez bude pet eura, \u0161to se mo\u017ee o\u010dekivati u ve\u0107ini lokalnih jedinica, vlasnik \u0107e morati iske\u0161irati 250 eura na godinu.<\/p><div id=\"mojev-3610300064\" class=\"mojev-u-tekstu mojev-entity-placement\" style=\"margin-left: auto;margin-right: auto;text-align: center;\"><div class=\"mojev-adlabel\">oglas<\/div><div style=\"height: 250px;\"><script async src=\"https:\/\/pagead2.googlesyndication.com\/pagead\/js\/adsbygoogle.js?client=ca-pub-8106111766207173\"\r\n     crossorigin=\"anonymous\"><\/script>\r\n<!-- Prikazni 1 u tekstu -->\r\n<ins class=\"adsbygoogle\"\r\n     style=\"display:block\"\r\n     data-ad-client=\"ca-pub-8106111766207173\"\r\n     data-ad-slot=\"8535551207\"\r\n     data-ad-format=\"auto\"\r\n     data-full-width-responsive=\"true\"><\/ins>\r\n<script>\r\n     (adsbygoogle = window.adsbygoogle || []).push({});\r\n<\/script><\/div><\/div><br style=\"clear: both; display: block; float: none;\"\/>\n\n\n\n<p>Za vikendicu ili apartman od 30 kvadrata maksimalni porez iznosi 60 eura godi\u0161nje, a idu\u0107e godine bit \u0107e 150 eura ili \u010dak 110 eura vi\u0161e.<\/p>\n\n\n\n<p>Za vikendicu ili apartman od 70 kvadrata sad maksimalni porez iznosi 140 eura godi\u0161nje, a idu\u0107e godine bit \u0107e 350 eura ili \u010dak 210 eura vi\u0161e.<\/p>\n\n\n\n<p>Vlasnici ku\u0107a za odmor od 100 kvadrata trenutno za porez najvi\u0161e izdvajaju 200 eura, a prema novoj ra\u010dunici, to \u0107e ih na godinu ko\u0161tati 500 eura \u2013 \u010dak 300 eura vi\u0161e nego ove godine, donosi&nbsp;<strong><a href=\"https:\/\/www.tportal.hr\/biznis\/clanak\/uskoro-ogromno-povecanje-poreza-na-vikendice-izracunali-smo-koliko-cete-placati-foto-20230525?meta_refresh=1\" target=\"_blank\" rel=\"noreferrer noopener\">tportal<\/a><\/strong>.<\/p>\n\n\n\n<h3 class=\"wp-block-heading\">Tko podnosi prijavu?<\/h3>\n\n\n\n<p>Svaki vlasnik nekretnine koji je, sukladno odredbama Zakona o lokalnim porezima, koristi povremeno ili sezonski treba je prijaviti poreznicima radi utvr\u0111ivanja porezne obveze.<\/p>\n\n\n\n<h3 class=\"wp-block-heading\">\u0160to se smatra vikendicom?<\/h3>\n\n\n\n<p>Prema Zakonu o lokalnim porezima, ku\u0107om za odmor smatra svaka zgrada, dio zgrade ili stan koji se koristi povremeno ili sezonski. Zna\u010di, glavni kriterij za utvr\u0111ivanje statusa ku\u0107e za odmor je \u010dinjenica da se ta nekretnina koristi povremeno ili sezonski ili ima drugu namjenu.<\/p>\n\n\n\n<p>Sukladno tome, ku\u0107om za odmor ne smatra se nekretnina koja se koristi cijele godine, i to neovisno o tome koristi li je vlasnik za svoje stanovanje ili je ona u trajnom najmu, kao ni nekretnina pogodna za stanovanje koja se uop\u0107e ne koristi, pi\u0161e&nbsp;<strong><a rel=\"noreferrer noopener\" href=\"https:\/\/www.tportal.hr\/biznis\/clanak\/uskoro-ogromno-povecanje-poreza-na-vikendice-izracunali-smo-koliko-cete-placati-foto-20230525?meta_refresh=1\" target=\"_blank\">tportal<\/a><\/strong>.<\/p>\n<div id=\"mojev-3539099078\" class=\"mojev-kraj-teksta mojev-entity-placement\" style=\"margin-bottom: 20px;margin-left: auto;margin-right: auto;text-align: center;\"><div class=\"mojev-adlabel\">oglas<\/div><div style=\"height: 250px;\"><script async src=\"https:\/\/pagead2.googlesyndication.com\/pagead\/js\/adsbygoogle.js?client=ca-pub-8106111766207173\"\r\n     crossorigin=\"anonymous\"><\/script>\r\n<!-- Display-1 -->\r\n<ins class=\"adsbygoogle\"\r\n     style=\"display:block\"\r\n     data-ad-client=\"ca-pub-8106111766207173\"\r\n     data-ad-slot=\"1465712950\"\r\n     data-ad-format=\"auto\"\r\n     data-full-width-responsive=\"true\"><\/ins>\r\n<script>\r\n     (adsbygoogle = window.adsbygoogle || []).push({});\r\n<\/script><\/div><\/div>","protected":false},"excerpt":{"rendered":"<p>Velik dio hrvatskih gra\u0111ana starijih generacija posjeduje ku\u0107e za odmor koje su svojevrsna nekretninska \u0161tednja jo\u0161 iz vremena biv\u0161e dr\u017eave. Po prvi puta od po\u010detka devedesetih, otvorena je mogu\u0107nost za podizanje poreza na vikendice, o \u010demu \u0107e odlu\u010diti lokalne vlasti. <\/p>\n","protected":false},"author":1,"featured_media":75444,"comment_status":"closed","ping_status":"closed","sticky":false,"template":"","format":"standard","meta":{"footnotes":""},"categories":[9],"tags":[3004,17,573,3528],"class_list":["post-75440","post","type-post","status-publish","format-standard","has-post-thumbnail","hentry","category-vijesti","tag-nekretninska-stednja","tag-novac","tag-porezi","tag-vikendice"],"_links":{"self":[{"href":"https:\/\/www.mojevrijeme.hr\/magazin\/wp-json\/wp\/v2\/posts\/75440","targetHints":{"allow":["GET"]}}],"collection":[{"href":"https:\/\/www.mojevrijeme.hr\/magazin\/wp-json\/wp\/v2\/posts"}],"about":[{"href":"https:\/\/www.mojevrijeme.hr\/magazin\/wp-json\/wp\/v2\/types\/post"}],"author":[{"embeddable":true,"href":"https:\/\/www.mojevrijeme.hr\/magazin\/wp-json\/wp\/v2\/users\/1"}],"replies":[{"embeddable":true,"href":"https:\/\/www.mojevrijeme.hr\/magazin\/wp-json\/wp\/v2\/comments?post=75440"}],"version-history":[{"count":0,"href":"https:\/\/www.mojevrijeme.hr\/magazin\/wp-json\/wp\/v2\/posts\/75440\/revisions"}],"wp:featuredmedia":[{"embeddable":true,"href":"https:\/\/www.mojevrijeme.hr\/magazin\/wp-json\/wp\/v2\/media\/75444"}],"wp:attachment":[{"href":"https:\/\/www.mojevrijeme.hr\/magazin\/wp-json\/wp\/v2\/media?parent=75440"}],"wp:term":[{"taxonomy":"category","embeddable":true,"href":"https:\/\/www.mojevrijeme.hr\/magazin\/wp-json\/wp\/v2\/categories?post=75440"},{"taxonomy":"post_tag","embeddable":true,"href":"https:\/\/www.mojevrijeme.hr\/magazin\/wp-json\/wp\/v2\/tags?post=75440"}],"curies":[{"name":"wp","href":"https:\/\/api.w.org\/{rel}","templated":true}]}}