{"id":75627,"date":"2023-05-29T06:35:32","date_gmt":"2023-05-29T04:35:32","guid":{"rendered":"https:\/\/www.mojevrijeme.hr\/magazin\/?p=75627"},"modified":"2023-06-05T11:24:50","modified_gmt":"2023-06-05T09:24:50","slug":"zet-je-otperjao-salje-novac-ali-za-djecu-ne-pita-zasto-mladi-tako-lako-napustaju-brak","status":"publish","type":"post","link":"https:\/\/www.mojevrijeme.hr\/magazin\/2023\/05\/zet-je-otperjao-salje-novac-ali-za-djecu-ne-pita-zasto-mladi-tako-lako-napustaju-brak\/","title":{"rendered":"&#8216;Zet je otperjao, \u0161alje novac, ali za djecu ne pita. Za\u0161to mladi tako lako napu\u0161taju brak?&#8217;"},"content":{"rendered":"\n<p>Odmetnuti zet poljuljao je gospo\u0111i Danici vjeru u ljude, kad je oti\u0161ao danima je i no\u0107ima prevrtala po glavi \u0161to joj se to doga\u0111alo pred nosom, a da nije vidjela. <\/p>\n\n\n\n<p>&#8220;Kad se k\u0107i udala, suprug i ja dali smo im da si urede stan na katu i u potkrovlju ku\u0107e. Tu su se rodile obje na\u0161e unuke, bili smo velika, lijepa obitelj. Kad je suprug umro, zet je preuzeo puno obaveza oko ku\u0107e, kosio je, orezivao vo\u0107ke i ukrasno grmlje, popravio \u0161to je trebalo, zvao majstore kad je trebalo, ma svega se la\u0107ao. Bila sam ponosna na njega, voljela sam ga kao sina, svaki dan smo se vi\u0111ali barem u prolazu. Ja nisam vidjela da je on tako nezadovoljan&#8221;, govori nam.<\/p>\n\n\n\n<p>S ocem su unuke, ka\u017ee, imale prijateljski odnos, dok su bile male stalno su se &#8220;vukle po njemu&#8221;, vodio ih je u vrti\u0107, na izvan\u0161kolske aktivnosti, sudjelovao je u svakom njihovom danu. Sve mo\u017ee razumjeti, ka\u017ee, i da su ga obaveze preopteretile, i da su pla\u0107e kod nas bile male, i da je dugo u braku pa se zasitio, ali nikako ne mo\u017ee shvatiti kako se zbog djece nije mogao primiriti. <\/p><div id=\"mojev-3225765035\" class=\"mojev-u-tekstu mojev-entity-placement\" style=\"margin-left: auto;margin-right: auto;text-align: center;\"><div class=\"mojev-adlabel\">oglas<\/div><div style=\"height: 250px;\"><script async src=\"https:\/\/pagead2.googlesyndication.com\/pagead\/js\/adsbygoogle.js?client=ca-pub-8106111766207173\"\r\n     crossorigin=\"anonymous\"><\/script>\r\n<!-- Prikazni 1 u tekstu -->\r\n<ins class=\"adsbygoogle\"\r\n     style=\"display:block\"\r\n     data-ad-client=\"ca-pub-8106111766207173\"\r\n     data-ad-slot=\"8535551207\"\r\n     data-ad-format=\"auto\"\r\n     data-full-width-responsive=\"true\"><\/ins>\r\n<script>\r\n     (adsbygoogle = window.adsbygoogle || []).push({});\r\n<\/script><\/div><\/div><br style=\"clear: both; display: block; float: none;\"\/>\n\n\n\n<p>&#8220;Pitam se kako ih je mogao ostaviti i kako ih nakon \u0161to je oti\u0161ao nije imao potrebu \u010de\u0161\u0107e vi\u0111ati, dolaziti im na ro\u0111endane, pri\u010desti, na \u0161kolske predstave. Bio bi red i da majku svoje djece nazove i raspituje se malo za njih, znamo da mu djevoj\u010dice preko mobitela nikad ne\u0107e re\u0107i sve \u0161to bi kao otac trebao znati. Ali ni\u0161ta on nju ne pita&#8221;, otkriva nam gospo\u0111a Danica.<\/p>\n\n\n\n<p>\u201dNe mogu to shvatiti, jednostavno ne mogu. Svega sam se naslu\u0161ala u \u017eivotu, ali kad ti netko drugi pri\u010da, slu\u0161a\u0161, izrazi\u0161 svoje \u017ealjenje, no ne osjeti\u0161 na svojoj ko\u017ei pa te ne dotakne tako. A kad tebe netko iznevjeri, kad misli\u0161 da ga poznaje\u0161 i preko dvadeset ga godina gleda\u0161 kao vlastitog sina, onda te takav potez pogodi kao grom.&#8221;<\/p>\n\n\n\n<p>&#8220;Ja za zeta ni danas ne mogu re\u0107i da je zao \u010dovjek, samo se trudim shvatiti kako je mogu\u0107e da je djecu tako ostavio, kako mo\u017ee \u017eivjeti s tim&#8221;, govori gospo\u0111a Danica i dodaje da je biv\u0161em zetu tada jedan prijatelj sredio da do\u0111e raditi u Austriju. Kako je naglasila, shva\u0107a da je to dug put, da je gorivo skupo, ali ipak su male djevoj\u010dice bile u pitanju, mogao je dolaziti kad su ga trebale.<\/p>\n\n\n\n<h3 class=\"wp-block-heading\">Sve hladniji odnos s djecom<\/h3>\n\n\n\n<p>&#8220;U po\u010detku je, nakon nekoliko mjeseci, do\u0161ao autom po djecu i odveo ih k sebi na vikend. Poslije je jo\u0161 samo starijoj unuci do\u0161ao u Zagreb na ro\u0111endan koji je u travnju. Onda ni\u0161ta do kasnog kolovoza, kad su i\u0161le na more s njim. Na ro\u0111endane, pri\u010desti, predstave vi\u0161e nije dolazio. Kad su curice bile jo\u0161 male, gledale su stalno gdje je, ho\u0107e li se pojaviti, suze sam brisala. Evo sada je starijoj i krizmu propustio, ali ga ona vi\u0161e nije i\u0161\u010dekivala.&#8221;<\/p>\n\n\n\n<p>&#8220;Zvat \u0107e ih vjerujem opet na ljeto, samo one sada idu sve te\u017ea srca. Nestale su one istinske i tople spone s ocem. Bojim se da ne\u0107e htjeti s njim vi\u0161e, pri\u010dam ja s njima dosta o tome, one rastu, imaju svoje dru\u0161tvo. A moja k\u0107i se pomirila sa svime, dobro, barem joj pla\u0107a alimentaciju, ali voljela bih da si na\u0111e nekoga da ne ostane sama&#8221;, govori na\u0161a sugovornica.<\/p>\n\n\n\n<h3 class=\"wp-block-heading\">Pet godina se pita za\u0161to<\/h3>\n\n\n\n<p>Danas, kad se raspada svaki tre\u0107i brak, na razvod se doista vi\u0161e ne gleda kao na smak svijeta. Pa ipak, bakama i djedovima koji su odgajani u tradicionalnim obiteljima i u vrijeme kad je razvod bio sramota i ne\u0161to najgore \u0161to se mo\u017ee dogoditi \u0161iroj obitelji, i danas je stra\u0161no kad im se djeca razvedu. Mnogi se nikad ne pomire s tim, a upravo je gospo\u0111a Danica jedna od njih. <\/p>\n\n\n\n<p>&#8220;Ja sam odgojena da se brak ne napu\u0161ta i da se u braku treba malo potrpjeti s obje strane. Nekad se nije samo tako i\u0161lo na rastavu kao danas. I suprug i ja smo u jednom trenutku na\u0161eg braka upali u \u017ervanj obaveza, ali nikad niti jedno od nas nije pomislilo pobje\u0107i od toga. Mi smo odgojeni da supru\u017enika po\u0161tuje\u0161 i dr\u017ei\u0161 se reda i ide\u0161 dalje i kad je naporno. A moj zet je lijepo odlu\u010dio oti\u0107i. Otperjao i zbogom obaveze. Ode\u0161 i ne pita\u0161. Mogao si je i bli\u017ee posao na\u0107i, da mo\u017ee vi\u0111ati djecu. Ovako, neshvatljivo&#8221;, govori uznemireno.<\/p>\n\n\n\n<p>Dobro je, ka\u017ee, \u0161to je i ona bila jo\u0161 u snazi kad je oti\u0161ao, jer je k\u0107i na poslu bila do pet, \u0161est sati nave\u010der. &#8220;Vjerujte mi, k\u0107i i ja smo, dok djevoj\u010dice nisu malo stasale, obje radile sto na sat da sve stignemo. Ja vi\u0161e kod ku\u0107e i po velikom dvori\u0161tu, ona na poslu i poslije s djecom oko zada\u0107a i sli\u010dno. Ne znam \u0161to bi ona da mene nije bilo. Svaka \u010dast samohranim majkama kojima se to dogodi i uspiju same djecu postaviti na noge. Ima ih i koje se za alimentaciju nate\u017eu, to tek nije za ljude&#8221;, govori razo\u010darano gospo\u0111a Danica.<\/p>\n\n\n\n<div id=\"crveno\"><\/p>\n\n\n\n<h3 class=\"wp-block-heading\">Zanima nas va\u0161a pri\u010da<\/h3>\n\n\n\n<p>\u017delite li i vi, posve anonimno, podijeliti svoje iskustvo i vi\u0111enje ove teme s nama i na\u0161im \u010ditateljima, mo\u017eete to u\u010diniti putem web obrasca <a rel=\"noreferrer noopener\" href=\"https:\/\/www.mojevrijeme.hr\/magazin\/povjerljivo\/\" target=\"_blank\">Povjerljivo<\/a>. Napi\u0161ite svoju pri\u010du!<\/p>\n\n\n\n<p><\/div>\n<div id=\"mojev-1752376846\" class=\"mojev-kraj-teksta mojev-entity-placement\" style=\"margin-bottom: 20px;margin-left: auto;margin-right: auto;text-align: center;\"><div class=\"mojev-adlabel\">oglas<\/div><div style=\"height: 250px;\"><script async src=\"https:\/\/pagead2.googlesyndication.com\/pagead\/js\/adsbygoogle.js?client=ca-pub-8106111766207173\"\r\n     crossorigin=\"anonymous\"><\/script>\r\n<!-- Display-1 -->\r\n<ins class=\"adsbygoogle\"\r\n     style=\"display:block\"\r\n     data-ad-client=\"ca-pub-8106111766207173\"\r\n     data-ad-slot=\"1465712950\"\r\n     data-ad-format=\"auto\"\r\n     data-full-width-responsive=\"true\"><\/ins>\r\n<script>\r\n     (adsbygoogle = window.adsbygoogle || []).push({});\r\n<\/script><\/div><\/div>","protected":false},"excerpt":{"rendered":"<p>U \u017eivotu se zna dogoditi da s nekim \u017eivimo desetlje\u0107e, dva, tri, i mislimo da ga poznajemo kao sebe samog. Tako je i gospo\u0111a Danica (77) iz Zagreba bila uvjerena da poznaje svog zeta (45), ta \u017eivjeli su u istoj ku\u0107i preko dvadeset godina i obo\u017eavala ga je. Vra\u0161ki se stoga, ispri\u010dala nam je, \u0161okirala kad je prije pet godina, ve\u0107 spakiran, rekao da odlazi u Austriju, da napu\u0161ta \u017eenu i dvije k\u0107eri koje su tada imale pet i sedam godina.<\/p>\n","protected":false},"author":17,"featured_media":75643,"comment_status":"closed","ping_status":"closed","sticky":false,"template":"","format":"standard","meta":{"footnotes":""},"categories":[3552],"tags":[3437,1436,252,3373,1068],"class_list":["post-75627","post","type-post","status-publish","format-standard","has-post-thumbnail","hentry","category-povjerljivo","tag-obiteljski-odnosi","tag-povjerljivo","tag-razvod","tag-svekrve","tag-zetovi"],"_links":{"self":[{"href":"https:\/\/www.mojevrijeme.hr\/magazin\/wp-json\/wp\/v2\/posts\/75627","targetHints":{"allow":["GET"]}}],"collection":[{"href":"https:\/\/www.mojevrijeme.hr\/magazin\/wp-json\/wp\/v2\/posts"}],"about":[{"href":"https:\/\/www.mojevrijeme.hr\/magazin\/wp-json\/wp\/v2\/types\/post"}],"author":[{"embeddable":true,"href":"https:\/\/www.mojevrijeme.hr\/magazin\/wp-json\/wp\/v2\/users\/17"}],"replies":[{"embeddable":true,"href":"https:\/\/www.mojevrijeme.hr\/magazin\/wp-json\/wp\/v2\/comments?post=75627"}],"version-history":[{"count":0,"href":"https:\/\/www.mojevrijeme.hr\/magazin\/wp-json\/wp\/v2\/posts\/75627\/revisions"}],"wp:featuredmedia":[{"embeddable":true,"href":"https:\/\/www.mojevrijeme.hr\/magazin\/wp-json\/wp\/v2\/media\/75643"}],"wp:attachment":[{"href":"https:\/\/www.mojevrijeme.hr\/magazin\/wp-json\/wp\/v2\/media?parent=75627"}],"wp:term":[{"taxonomy":"category","embeddable":true,"href":"https:\/\/www.mojevrijeme.hr\/magazin\/wp-json\/wp\/v2\/categories?post=75627"},{"taxonomy":"post_tag","embeddable":true,"href":"https:\/\/www.mojevrijeme.hr\/magazin\/wp-json\/wp\/v2\/tags?post=75627"}],"curies":[{"name":"wp","href":"https:\/\/api.w.org\/{rel}","templated":true}]}}