{"id":7569,"date":"2016-05-28T19:15:07","date_gmt":"2016-05-28T17:15:07","guid":{"rendered":"http:\/\/www.mojevrijeme.hr\/magazin\/?p=7569"},"modified":"2023-12-09T20:36:12","modified_gmt":"2023-12-09T19:36:12","slug":"spika-pohvalio-karamarkova-i-hdz-ova-muda","status":"publish","type":"post","link":"https:\/\/www.mojevrijeme.hr\/magazin\/2016\/05\/spika-pohvalio-karamarkova-i-hdz-ova-muda\/","title":{"rendered":"\u0160pika  pohvalio Karamarkova i HDZ-ova muda"},"content":{"rendered":"<p>U jeku afere \u201eKonzultantica\u201c i najve\u0107ih napetosti me\u0111u vladaju\u0107ima, HDZ je odr\u017eao Op\u0107i sabor na kojem se birao strana\u010dki vrh i zamjenik \u0161efa stranke Tomislava Karamarka. Jedan od gostiju-govornika bio je i <strong>Milivoj \u0160pika<\/strong>, \u010delnik <strong>Bloka umirovljenici zajedno<\/strong> (BUZ) koji je dio Domoljubne koalicije.<\/p>\n<p>\u201eUz Tomislava Karamarka imate vodstvo, bit \u0107u malo vulgaran, s mudima. Koji \u0107e znati udariti \u0161akom o stol i znati povesti hrvatski narod u bolje sutra\u201c, rekao je \u0160pika pa je jo\u0161 jednom prisegnuo na vjernost Domoljubnoj koaliciji.<\/p>\n<p>\u201eBUZ se prvi ukrcao na brod Domoljubne koalicije i ostat \u0107e na njemu do kraja, \u010dak i ako bi se ostavrila \u017eelja onih da taj brod bude podmornica\u201c, ka\u017ee \u0160pika, uvjeren da su HDZ, Karamarko i Milijan Brki\u0107, kandidat za zamjenika predsjednika, dovoljno odlu\u010dni i sna\u017eni da ne\u0107e posustati. \u201eBit \u0107emo na strani dobra, a dobro uvijek mora pobijediti\u201c, zaklju\u010dio je \u0160pika.<\/p><div id=\"mojev-4028172512\" class=\"mojev-u-tekstu mojev-entity-placement\" style=\"margin-left: auto;margin-right: auto;text-align: center;\"><div class=\"mojev-adlabel\">oglas<\/div><div style=\"height: 250px;\"><script async src=\"https:\/\/pagead2.googlesyndication.com\/pagead\/js\/adsbygoogle.js?client=ca-pub-8106111766207173\"\r\n     crossorigin=\"anonymous\"><\/script>\r\n<!-- Prikazni 1 u tekstu -->\r\n<ins class=\"adsbygoogle\"\r\n     style=\"display:block\"\r\n     data-ad-client=\"ca-pub-8106111766207173\"\r\n     data-ad-slot=\"8535551207\"\r\n     data-ad-format=\"auto\"\r\n     data-full-width-responsive=\"true\"><\/ins>\r\n<script>\r\n     (adsbygoogle = window.adsbygoogle || []).push({});\r\n<\/script><\/div><\/div><br style=\"clear: both; display: block; float: none;\"\/>\n<div id=\"mojev-1064278612\" class=\"mojev-kraj-teksta mojev-entity-placement\" style=\"margin-bottom: 20px;margin-left: auto;margin-right: auto;text-align: center;\"><div class=\"mojev-adlabel\">oglas<\/div><div style=\"height: 250px;\"><script async src=\"https:\/\/pagead2.googlesyndication.com\/pagead\/js\/adsbygoogle.js?client=ca-pub-8106111766207173\"\r\n     crossorigin=\"anonymous\"><\/script>\r\n<!-- Display-1 -->\r\n<ins class=\"adsbygoogle\"\r\n     style=\"display:block\"\r\n     data-ad-client=\"ca-pub-8106111766207173\"\r\n     data-ad-slot=\"1465712950\"\r\n     data-ad-format=\"auto\"\r\n     data-full-width-responsive=\"true\"><\/ins>\r\n<script>\r\n     (adsbygoogle = window.adsbygoogle || []).push({});\r\n<\/script><\/div><\/div>","protected":false},"excerpt":{"rendered":"<p>BUZ se prvi ukrcao na brod Domoljubne koalicije i ostat \u0107e na njemu do kraja, \u010dak i ako bi se ostavrila \u017eelja onih da taj brod bude podmornica, ka\u017ee \u0160pika, uvjeren da su HDZ, Karamarko i Brki\u0107 dovoljno odlu\u010dni i sna\u017eni da ne\u0107e posustati. <\/p>\n","protected":false},"author":1,"featured_media":6589,"comment_status":"closed","ping_status":"open","sticky":false,"template":"","format":"standard","meta":{"footnotes":""},"categories":[9],"tags":[403,665,854,238,666],"class_list":["post-7569","post","type-post","status-publish","format-standard","has-post-thumbnail","hentry","category-vijesti","tag-blok-umirovljenici-zajedno","tag-hdz","tag-milivoj-spika","tag-politika","tag-tomislav-karamarko"],"_links":{"self":[{"href":"https:\/\/www.mojevrijeme.hr\/magazin\/wp-json\/wp\/v2\/posts\/7569","targetHints":{"allow":["GET"]}}],"collection":[{"href":"https:\/\/www.mojevrijeme.hr\/magazin\/wp-json\/wp\/v2\/posts"}],"about":[{"href":"https:\/\/www.mojevrijeme.hr\/magazin\/wp-json\/wp\/v2\/types\/post"}],"author":[{"embeddable":true,"href":"https:\/\/www.mojevrijeme.hr\/magazin\/wp-json\/wp\/v2\/users\/1"}],"replies":[{"embeddable":true,"href":"https:\/\/www.mojevrijeme.hr\/magazin\/wp-json\/wp\/v2\/comments?post=7569"}],"version-history":[{"count":0,"href":"https:\/\/www.mojevrijeme.hr\/magazin\/wp-json\/wp\/v2\/posts\/7569\/revisions"}],"wp:featuredmedia":[{"embeddable":true,"href":"https:\/\/www.mojevrijeme.hr\/magazin\/wp-json\/wp\/v2\/media\/6589"}],"wp:attachment":[{"href":"https:\/\/www.mojevrijeme.hr\/magazin\/wp-json\/wp\/v2\/media?parent=7569"}],"wp:term":[{"taxonomy":"category","embeddable":true,"href":"https:\/\/www.mojevrijeme.hr\/magazin\/wp-json\/wp\/v2\/categories?post=7569"},{"taxonomy":"post_tag","embeddable":true,"href":"https:\/\/www.mojevrijeme.hr\/magazin\/wp-json\/wp\/v2\/tags?post=7569"}],"curies":[{"name":"wp","href":"https:\/\/api.w.org\/{rel}","templated":true}]}}