{"id":75774,"date":"2023-05-31T08:55:51","date_gmt":"2023-05-31T06:55:51","guid":{"rendered":"https:\/\/www.mojevrijeme.hr\/magazin\/?p=75774"},"modified":"2023-06-05T11:24:42","modified_gmt":"2023-06-05T09:24:42","slug":"gospoda-zdena-73-muz-je-bio-sretan-kad-sam-otisla-ljubovao-je-sa-susjedom","status":"publish","type":"post","link":"https:\/\/www.mojevrijeme.hr\/magazin\/2023\/05\/gospoda-zdena-73-muz-je-bio-sretan-kad-sam-otisla-ljubovao-je-sa-susjedom\/","title":{"rendered":"Gospo\u0111a Zdena (73): Mu\u017e je bio sretan kad sam oti\u0161la, ljubovao je sa susjedom"},"content":{"rendered":"\n<p>Za neke \u017eivotne poteze \u010dovjeku treba nadnaravna snaga. U sebi ju je gospo\u0111a Zdena prona\u0161la nakon 39 godina braka: &#8220;Prije deset godina, zbog maltretiranja, vrije\u0111anja i zlostavljanja, ostavila sam supruga. Sa 63 godine oti\u0161la sam s jednom vre\u0107icom. Na\u0161la sam se sama u prostoru i vremenu, sa svojom tugom i tabletama. Na\u0161la sam se na novom po\u010detku&#8221;, povjerila nam je u pismu upu\u0107enom redakciji.<\/p>\n\n\n\n<p>Suprug nikad nije pitao za\u0161to je oti\u0161la. &#8220;On je \u010dak bio sretan, i to nakon toliko godina braka. Sretan, jer je netom stupio u vezu sa 17 godina mla\u0111om susjedom&#8221;, ka\u017ee. Sre\u0107om, gospo\u0111a Zdena imala je kamo, uselila je u stan svojih roditelja koji su bili u domu za starije. Ali kao da do tada nije do\u017eivjela dovoljno nevolja, \u017eivot joj se uporno i dalje rugao.<\/p>\n\n\n\n<h3 class=\"wp-block-heading\">Nema kraja tuzi<\/h3>\n\n\n\n<p>&#8220;Ni k\u0107i nije nikad pitala za\u0161to sam oti\u0161la. A srce mi slamalo i zbog unuke kojoj sam se od prvog dana veselila svim svojim bi\u0107em. Radni vijek provela sam u dje\u010djem vrti\u0107u na mjestu ravnateljice. Unuka je vikendom redovito dolazila kod nas, nastojala sam joj biti baka, zabavlja\u010dica i u\u010diteljica. Voljele smo se beskrajno. Ljeta sam provodila s njom u apartmanu, koliko god su mi dali i htjeli. Dala sam joj srce, du\u0161u i tijelo. I financijski sam puno pomogla svima, i k\u0107eri i zetu, i biv\u0161em suprugu&#8221;, otkriva gospo\u0111a Zdena.<\/p><div id=\"mojev-1611057806\" class=\"mojev-u-tekstu mojev-entity-placement\" style=\"margin-left: auto;margin-right: auto;text-align: center;\"><div class=\"mojev-adlabel\">oglas<\/div><div style=\"height: 250px;\"><script async src=\"https:\/\/pagead2.googlesyndication.com\/pagead\/js\/adsbygoogle.js?client=ca-pub-8106111766207173\"\r\n     crossorigin=\"anonymous\"><\/script>\r\n<!-- Prikazni 1 u tekstu -->\r\n<ins class=\"adsbygoogle\"\r\n     style=\"display:block\"\r\n     data-ad-client=\"ca-pub-8106111766207173\"\r\n     data-ad-slot=\"8535551207\"\r\n     data-ad-format=\"auto\"\r\n     data-full-width-responsive=\"true\"><\/ins>\r\n<script>\r\n     (adsbygoogle = window.adsbygoogle || []).push({});\r\n<\/script><\/div><\/div><br style=\"clear: both; display: block; float: none;\"\/>\n\n\n\n<p>Najstra\u0161nije \u0161to se roditelju mo\u017ee dogoditi je da nad\u017eivi svoju djecu, a na drugom mjestu je da do\u017eivi da ga vlastita djeca i unu\u010dad odbace, doslovce prekri\u017ee. Upravo se potonje dogodilo gospo\u0111i Zdeni &#8211; deset godina je nitko nije do\u0161ao vidjeti i pitati za zdravlje.<\/p>\n\n\n\n<p>&#8220;Deset godina k\u0107i nije pitala za mene, niti me do\u0161la vidjeti. Ostarjela sam, a i ona je. Uselila je u novu ku\u0107u, samo mene nije pozvala da je vidim. Da ne spominjem sve ro\u0111endane, krizmu, Nove godine bez \u010destitanja, bez poziva. Prije nekoliko dana moja je unuka slavila 18. ro\u0111endan, ja je se sje\u0107am kao devetogodi\u0161njakinju. Vidjela sam je kao djevojku samo na fotografijama koje sam kriomice dobila. Ne poznajem ju&#8230; Napisala sam joj neki dan da je molim da nas okupi da se po\u010dastimo s kola\u010dima i kavom, kao i da je \u017eelim darovati za po\u010detak novog \u017eivotnog razdoblja, no nije mi odgovorila na poruku.&#8221;<\/p>\n\n\n\n<p>&#8220;Moje godine prolaze, a nemam nikoga svoga s kim bih rije\u010d progovorila. Samo da me netko pita kako sam&#8221;, uzdi\u0161e gospo\u0111a Zdena.<\/p>\n\n\n\n<h3 class=\"wp-block-heading\">Odba\u010denu je sti\u0161\u0107u bolesti<\/h3>\n\n\n\n<p>Nikome nije bilo lako u vrijeme pandemije bolesti COVID-19, a samcima koji nemaju nikoga svoga jo\u0161 i te\u017ee. Gospo\u0111u Zdenu <em>lockdown<\/em> je potpuno slomio, a onda ju je sna\u0161ao i potres koji joj je napravio veliku \u0161tetu na stanu.<\/p>\n\n\n\n<p>&#8220;Stan mi je bio jako uni\u0161ten, nitko od mojih ni tada rije\u010d nije izustio. Sre\u0107om, jo\u0161 sam pokretna, ali pitam se, do kada? Tu\u017ena sam do neba i bol me razjeda, tlak mi ska\u010de, depresija priti\u0161\u0107e. Moglo je bolje, da me k\u0107i prihvatila. Za\u0161to sam joj neprijatelj, ta mu\u010dila sam se s njom od ro\u0111enja, trudila se da zavr\u0161i \u0161kole. Onda se okrenula ocu i ne \u017eeli \u010duti da sam ja bila ta koja je molila po \u0161koli da ne ponavlja razred.&#8221;<\/p>\n\n\n\n<p>&#8220;Nemam k\u0107er, nemam unuku. Ali imam veliko srce za sve jer nastojim i sa prikrivenom depresijom \u0161iriti pozitivu me\u0111u ljudima. No, moje srce davno je slomljeno. Ako Ivona i Nika ikada pro\u010ditaju ovaj tekst, neka znaju da ih jo\u0161 uvijek \u010dekam s ljubavlju&#8221;, poruka je k\u0107eri i unuci na\u0161a hrabra \u010ditateljica.<\/p>\n\n\n\n<div id=\"crveno\"><\/p>\n\n\n\n<h3 class=\"wp-block-heading\">Zanima nas va\u0161a pri\u010da<\/h3>\n\n\n\n<p>\u017delite li i vi, posve anonimno, podijeliti svoje iskustvo i vi\u0111enje ove teme s nama i na\u0161im \u010ditateljima, mo\u017eete to u\u010diniti putem web obrasca <a rel=\"noreferrer noopener\" href=\"https:\/\/www.mojevrijeme.hr\/magazin\/povjerljivo\/\" target=\"_blank\">Povjerljivo<\/a>. Napi\u0161ite svoju pri\u010du!<\/p>\n\n\n\n<p><\/div>\n<div id=\"mojev-668176718\" class=\"mojev-kraj-teksta mojev-entity-placement\" style=\"margin-bottom: 20px;margin-left: auto;margin-right: auto;text-align: center;\"><div class=\"mojev-adlabel\">oglas<\/div><div style=\"height: 250px;\"><script async src=\"https:\/\/pagead2.googlesyndication.com\/pagead\/js\/adsbygoogle.js?client=ca-pub-8106111766207173\"\r\n     crossorigin=\"anonymous\"><\/script>\r\n<!-- Display-1 -->\r\n<ins class=\"adsbygoogle\"\r\n     style=\"display:block\"\r\n     data-ad-client=\"ca-pub-8106111766207173\"\r\n     data-ad-slot=\"1465712950\"\r\n     data-ad-format=\"auto\"\r\n     data-full-width-responsive=\"true\"><\/ins>\r\n<script>\r\n     (adsbygoogle = window.adsbygoogle || []).push({});\r\n<\/script><\/div><\/div>","protected":false},"excerpt":{"rendered":"<p>Velika je hrabrost u sedmom desetlje\u0107u \u017eivota napustiti lo\u0161 brak i oti\u0107i iz vlastite ku\u0107e s jednom vre\u0107icom u ruci. Ali nikad, ba\u0161 nikad nije kasno ili suludo oti\u0107i od mu\u017ea preljubnika i zlostavlja\u010da, mir i po\u0161tovanje je minimum \u0161to trebamo tra\u017eiti od su\u017eivota. Kad je na\u0161a \u010ditateljica Zdena prije deset godina oti\u0161la iz toksi\u010dnog braka, o\u010dekivala je kraj svojim patnjama, ali one su se nastavile \u2013 odbacili su je tada k\u0107i, zet i unuka.<\/p>\n","protected":false},"author":17,"featured_media":75827,"comment_status":"closed","ping_status":"closed","sticky":false,"template":"","format":"standard","meta":{"footnotes":""},"categories":[3552],"tags":[3437,1436,358,252],"class_list":["post-75774","post","type-post","status-publish","format-standard","has-post-thumbnail","hentry","category-povjerljivo","tag-obiteljski-odnosi","tag-povjerljivo","tag-preljub","tag-razvod"],"_links":{"self":[{"href":"https:\/\/www.mojevrijeme.hr\/magazin\/wp-json\/wp\/v2\/posts\/75774","targetHints":{"allow":["GET"]}}],"collection":[{"href":"https:\/\/www.mojevrijeme.hr\/magazin\/wp-json\/wp\/v2\/posts"}],"about":[{"href":"https:\/\/www.mojevrijeme.hr\/magazin\/wp-json\/wp\/v2\/types\/post"}],"author":[{"embeddable":true,"href":"https:\/\/www.mojevrijeme.hr\/magazin\/wp-json\/wp\/v2\/users\/17"}],"replies":[{"embeddable":true,"href":"https:\/\/www.mojevrijeme.hr\/magazin\/wp-json\/wp\/v2\/comments?post=75774"}],"version-history":[{"count":0,"href":"https:\/\/www.mojevrijeme.hr\/magazin\/wp-json\/wp\/v2\/posts\/75774\/revisions"}],"wp:featuredmedia":[{"embeddable":true,"href":"https:\/\/www.mojevrijeme.hr\/magazin\/wp-json\/wp\/v2\/media\/75827"}],"wp:attachment":[{"href":"https:\/\/www.mojevrijeme.hr\/magazin\/wp-json\/wp\/v2\/media?parent=75774"}],"wp:term":[{"taxonomy":"category","embeddable":true,"href":"https:\/\/www.mojevrijeme.hr\/magazin\/wp-json\/wp\/v2\/categories?post=75774"},{"taxonomy":"post_tag","embeddable":true,"href":"https:\/\/www.mojevrijeme.hr\/magazin\/wp-json\/wp\/v2\/tags?post=75774"}],"curies":[{"name":"wp","href":"https:\/\/api.w.org\/{rel}","templated":true}]}}