{"id":75890,"date":"2023-05-31T10:20:49","date_gmt":"2023-05-31T08:20:49","guid":{"rendered":"https:\/\/www.mojevrijeme.hr\/magazin\/?p=75890"},"modified":"2023-05-31T10:21:04","modified_gmt":"2023-05-31T08:21:04","slug":"spika-milanovicu-prelio-si-casu-umirovljenici-ne-prastaju","status":"publish","type":"post","link":"https:\/\/www.mojevrijeme.hr\/magazin\/2023\/05\/spika-milanovicu-prelio-si-casu-umirovljenici-ne-prastaju\/","title":{"rendered":"\u0160pika: &#8216;Milanovi\u0107u, prelio si \u010da\u0161u. Umirovljenici ne pra\u0161taju!&#8217;"},"content":{"rendered":"\n<p><em>Politi\u010dka platforma Umirovljenici zajedno otvorenim je pismom predsjedniku Zoranu Milanovi\u0107u osudila njegov odnos prema ju\u010der proslavljenom Danu dr\u017eavnosti. Ka\u017eu, izra\u017eavaju duboko razo\u010daranje i neizmjerno nezadovoljstvo nedemokratskim pona\u0161anjem kojim predsjednik ignorira i negira taj praznik. <\/em><\/p>\n\n\n\n<p><em>Pismo kojeg potpisuju koordinator za medije<strong> Milivoj \u0160pika<\/strong> te <strong>Lazar Gruji\u0107<\/strong>, koordinator za suradnju sa politi\u010dkim strankama i udrugama prenosimo u cijelosti.<\/em><\/p>\n\n\n\n<p>Dr\u017eavni praznici su u svakoj demokratskoj zemlji va\u017eni za o\u010duvanje nacionalnog identiteta i jedinstva, te je od iznimne va\u017enosti da svi du\u017enosnici, uklju\u010duju\u0107i naravno i Predsjednika Republike, svojim pona\u0161anjem daju osobni primjer po\u0161tovanja vlastite dr\u017eave u svim takvim prilikama. Va\u0161a du\u017enost kao predsjednika je da predstavljate sve gra\u0111ane Hrvatske bez obzira na politi\u010dke stavove i uvjerenja, uklju\u010duju\u0107i i va\u0161e osobno, tako da je nepo\u0161tivanje Dana dr\u017eavnosti od strane Predsjednika RH kao institucije u &nbsp;demokratskom dru\u0161tvu \u010din bez presedana koji vrije\u0111a sve gra\u0111ane i \u017ertve polo\u017eene za slobodu i neovisnost domovine.<\/p><div id=\"mojev-1490633001\" class=\"mojev-u-tekstu mojev-entity-placement\" style=\"margin-left: auto;margin-right: auto;text-align: center;\"><div class=\"mojev-adlabel\">oglas<\/div><div style=\"height: 250px;\"><script async src=\"https:\/\/pagead2.googlesyndication.com\/pagead\/js\/adsbygoogle.js?client=ca-pub-8106111766207173\"\r\n     crossorigin=\"anonymous\"><\/script>\r\n<!-- Prikazni 1 u tekstu -->\r\n<ins class=\"adsbygoogle\"\r\n     style=\"display:block\"\r\n     data-ad-client=\"ca-pub-8106111766207173\"\r\n     data-ad-slot=\"8535551207\"\r\n     data-ad-format=\"auto\"\r\n     data-full-width-responsive=\"true\"><\/ins>\r\n<script>\r\n     (adsbygoogle = window.adsbygoogle || []).push({});\r\n<\/script><\/div><\/div><br style=\"clear: both; display: block; float: none;\"\/>\n\n\n\n<p>Va\u0161e nesudjelovanje &nbsp;na doga\u0111anjima namijenjena obilje\u017eavanju Dana dr\u017eavnosti \u0161alje negativnu poruku javnosti, pa i onoj me\u0111unarodnoj, jer se od vas kao predsjednika Republike Hrvatske o\u010dekuje da svojim pona\u0161anjem budete primjer poticanja nacionalnog jedinstva, da \u0107e te po\u0161tovati i promicati demokratske vrijednosti, kao i da \u0107e te kao legalist po\u0161tovati svaku demokratski donesenu odluku Hrvatskog sabora. Kakvu vi to poruku \u0161aljete javnosti ako javno negirate i ne priznajete odluke najve\u0107eg zakonodavnog tijela, Hrvatskog sabora? Sa zebnjom se pitamo kakve i koje bi to vi Zakone po\u0161tovali ili provodili kada bi kojim slu\u010dajem imali vlast u svojim rukama ako ne po\u0161tujete demokratski donesene Zakone?&nbsp;<\/p>\n\n\n\n<p>Nije li umjesto krajnje neprimjerenog ina\u0107enja i negiranja Zakona vlastite dr\u017eave Dan dr\u017eavnosti dan kada se sa ponosom svi trebamo sje\u0107ati hrabrosti i odlu\u010dnosti na\u0161ih branitelja od kojih su mnogi i vama dali svoj glas, ali sasvim sigurno ne i da bi ih vi svojim postupcima vrije\u0111ali i ignorirali. Nije li Dan dr\u017eavnosti i vrijeme za prisje\u0107anje i odavanje po\u010dasti svima onima koji su svoje \u017eivote utkali u temelje neovisnosti Hrvatske? &nbsp;<\/p>\n\n\n\n<p>I mnogi \u010dlanovi UMIROVLJENICI ZAJEDNO \u2013 Politi\u010dke platforme su u po\u010detku va\u0161eg mandata u nekim prilikama mo\u017eda \u010dak i sa odre\u0111enim simpatijama gledali na neke va\u0161e neobi\u010dne postupke, retori\u010dke bravure ili pona\u0161anje, no s vremenom se istopilo njihovo strpljenje i potro\u0161ili svi krediti za toleriranje sve \u010de\u0161\u0107ih ispada koji ne dolikuju jednom ozbiljnom predsjedniku demokratske i neovisne dr\u017eave. Omalova\u017eavanje Dana dr\u017eavnosti je kap koja prelila \u010da\u0161u i kap radi koje ste zasigurno izgubili potporu mnogih umirovljenika radi \u010dijih ste glasova danas upravo vi predsjednik RH. Neke stvari se ne zaboravljaju i neke se stvari ne opra\u0161taju.<\/p>\n\n\n\n<p><\/p>\n<div id=\"mojev-1482138402\" class=\"mojev-kraj-teksta mojev-entity-placement\" style=\"margin-bottom: 20px;margin-left: auto;margin-right: auto;text-align: center;\"><div class=\"mojev-adlabel\">oglas<\/div><div style=\"height: 250px;\"><script async src=\"https:\/\/pagead2.googlesyndication.com\/pagead\/js\/adsbygoogle.js?client=ca-pub-8106111766207173\"\r\n     crossorigin=\"anonymous\"><\/script>\r\n<!-- Display-1 -->\r\n<ins class=\"adsbygoogle\"\r\n     style=\"display:block\"\r\n     data-ad-client=\"ca-pub-8106111766207173\"\r\n     data-ad-slot=\"1465712950\"\r\n     data-ad-format=\"auto\"\r\n     data-full-width-responsive=\"true\"><\/ins>\r\n<script>\r\n     (adsbygoogle = window.adsbygoogle || []).push({});\r\n<\/script><\/div><\/div>","protected":false},"excerpt":{"rendered":"<p>Omalova\u017eavanje Dana dr\u017eavnosti je kap koja prelila \u010da\u0161u i kap radi koje ste zasigurno izgubili potporu mnogih umirovljenika radi \u010dijih ste glasova danas upravo vi predsjednik RH, stoji u otvorenom pismu.<\/p>\n","protected":false},"author":1,"featured_media":75905,"comment_status":"closed","ping_status":"closed","sticky":false,"template":"","format":"standard","meta":{"footnotes":""},"categories":[9],"tags":[1392,854,238,300],"class_list":["post-75890","post","type-post","status-publish","format-standard","has-post-thumbnail","hentry","category-vijesti","tag-dan-drzavnosti","tag-milivoj-spika","tag-politika","tag-zoran-milanovic"],"_links":{"self":[{"href":"https:\/\/www.mojevrijeme.hr\/magazin\/wp-json\/wp\/v2\/posts\/75890","targetHints":{"allow":["GET"]}}],"collection":[{"href":"https:\/\/www.mojevrijeme.hr\/magazin\/wp-json\/wp\/v2\/posts"}],"about":[{"href":"https:\/\/www.mojevrijeme.hr\/magazin\/wp-json\/wp\/v2\/types\/post"}],"author":[{"embeddable":true,"href":"https:\/\/www.mojevrijeme.hr\/magazin\/wp-json\/wp\/v2\/users\/1"}],"replies":[{"embeddable":true,"href":"https:\/\/www.mojevrijeme.hr\/magazin\/wp-json\/wp\/v2\/comments?post=75890"}],"version-history":[{"count":0,"href":"https:\/\/www.mojevrijeme.hr\/magazin\/wp-json\/wp\/v2\/posts\/75890\/revisions"}],"wp:featuredmedia":[{"embeddable":true,"href":"https:\/\/www.mojevrijeme.hr\/magazin\/wp-json\/wp\/v2\/media\/75905"}],"wp:attachment":[{"href":"https:\/\/www.mojevrijeme.hr\/magazin\/wp-json\/wp\/v2\/media?parent=75890"}],"wp:term":[{"taxonomy":"category","embeddable":true,"href":"https:\/\/www.mojevrijeme.hr\/magazin\/wp-json\/wp\/v2\/categories?post=75890"},{"taxonomy":"post_tag","embeddable":true,"href":"https:\/\/www.mojevrijeme.hr\/magazin\/wp-json\/wp\/v2\/tags?post=75890"}],"curies":[{"name":"wp","href":"https:\/\/api.w.org\/{rel}","templated":true}]}}