{"id":76213,"date":"2023-06-02T20:46:46","date_gmt":"2023-06-02T18:46:46","guid":{"rendered":"https:\/\/www.mojevrijeme.hr\/magazin\/?p=76213"},"modified":"2023-06-02T20:46:49","modified_gmt":"2023-06-02T18:46:49","slug":"pantovcak-je-zabrinut-za-mirovine-slabit-ce-veza-doprinosa-i-visine-buducih-mirovina","status":"publish","type":"post","link":"https:\/\/www.mojevrijeme.hr\/magazin\/2023\/06\/pantovcak-je-zabrinut-za-mirovine-slabit-ce-veza-doprinosa-i-visine-buducih-mirovina\/","title":{"rendered":"Pantov\u010dak je zabrinut za mirovine: Slabit \u0107e veza doprinosa i visine budu\u0107ih mirovina"},"content":{"rendered":"\n<p>Ekonomski savjet Predsjednika Republike analizirao je najavljene izmjene poreznih propisa, slu\u017ebeno je izvijestio Pantov\u010dak. Na sjednici je ka\u017eu iz Ureda predsjednika, sudjelovao i <strong>Zoran Milanovi\u0107<\/strong>. <\/p>\n\n\n\n<p>Savjet je izrazio bojazan kako bi navedene porezne izmjene mogle dovesti do slabljenja \u2013 ionako ve\u0107 ozbiljno naru\u0161ene \u2013 veze izme\u0111u doprinosa za mirovinsko osiguranje i visine budu\u0107ih mirovina.<\/p>\n\n\n\n<p>&#8220;Prijedlog dovodi u pitanje mogu\u0107nost pove\u0107anja doprinosa za 2. stup mirovinskog osiguranja u budu\u0107em razdoblju. Napominjemo kako je to temelj pove\u0107anja mirovina sada\u0161njih osiguranika te, jo\u0161 va\u017enije, i osnova ideja mirovinske reforme iz 2001. godine&#8221;, rekao je Milanovi\u0107ev posebni savjetnik za ekonomiju <strong>Velibor Ma\u010dki\u0107<\/strong>.<\/p><div id=\"mojev-10658793\" class=\"mojev-u-tekstu mojev-entity-placement\" style=\"margin-left: auto;margin-right: auto;text-align: center;\"><div class=\"mojev-adlabel\">oglas<\/div><div style=\"height: 250px;\"><script async src=\"https:\/\/pagead2.googlesyndication.com\/pagead\/js\/adsbygoogle.js?client=ca-pub-8106111766207173\"\r\n     crossorigin=\"anonymous\"><\/script>\r\n<!-- Prikazni 1 u tekstu -->\r\n<ins class=\"adsbygoogle\"\r\n     style=\"display:block\"\r\n     data-ad-client=\"ca-pub-8106111766207173\"\r\n     data-ad-slot=\"8535551207\"\r\n     data-ad-format=\"auto\"\r\n     data-full-width-responsive=\"true\"><\/ins>\r\n<script>\r\n     (adsbygoogle = window.adsbygoogle || []).push({});\r\n<\/script><\/div><\/div><br style=\"clear: both; display: block; float: none;\"\/>\n\n\n\n<p>Raspravljala se i Vladina namjera ukidanja prireza i mogu\u0107nost nadoknade izgubljenog prihoda kroz porez na dohodak. &#8220;Ako se poku\u0161ava istodobno osna\u017eiti fiskalna autonomija op\u0107ina i gradova, onda se postavlja pitanje gdje je oporezivanje turisti\u010dkih renti i gdje je porez na imovinu koji je, uz prirez, oblik postizanja zazivane fiskalne autonomije?&#8221;<\/p>\n\n\n\n<p>&#8220;Zbog nejasnih u\u010dinaka ukidanja prireza na odluke lokalnih vlasti, kao \u0161to je na primjer mogu\u0107e pove\u0107anje cijena lokalnih usluga, mogu\u0107e je da \u0107e raspolo\u017eivi dohodak stanovnika biti umanjen \u010dime se dovodi u pitanje i prvi i drugi cilj&#8221;, kazao je Ma\u010dki\u0107. Podsjetimo, ciljevi Vladinih reformi su pove\u0107anje \u017eivotnog standarda, o\u010duvanje gospodarskog rasta i osna\u017eenje fiskalne autonomije op\u0107ina i gradova.<\/p>\n<div id=\"mojev-622954539\" class=\"mojev-kraj-teksta mojev-entity-placement\" style=\"margin-bottom: 20px;margin-left: auto;margin-right: auto;text-align: center;\"><div class=\"mojev-adlabel\">oglas<\/div><div style=\"height: 250px;\"><script async src=\"https:\/\/pagead2.googlesyndication.com\/pagead\/js\/adsbygoogle.js?client=ca-pub-8106111766207173\"\r\n     crossorigin=\"anonymous\"><\/script>\r\n<!-- Display-1 -->\r\n<ins class=\"adsbygoogle\"\r\n     style=\"display:block\"\r\n     data-ad-client=\"ca-pub-8106111766207173\"\r\n     data-ad-slot=\"1465712950\"\r\n     data-ad-format=\"auto\"\r\n     data-full-width-responsive=\"true\"><\/ins>\r\n<script>\r\n     (adsbygoogle = window.adsbygoogle || []).push({});\r\n<\/script><\/div><\/div>","protected":false},"excerpt":{"rendered":"<p>Podsjetimo, ciljevi Vladinih reformi su pove\u0107anje \u017eivotnog standarda, o\u010duvanje gospodarskog rasta i osna\u017eenje fiskalne autonomije op\u0107ina i gradova.<\/p>\n","protected":false},"author":1,"featured_media":37395,"comment_status":"closed","ping_status":"closed","sticky":false,"template":"","format":"standard","meta":{"footnotes":""},"categories":[9],"tags":[1840,18,1116,300],"class_list":["post-76213","post","type-post","status-publish","format-standard","has-post-thumbnail","hentry","category-vijesti","tag-doprinosi","tag-mirovine","tag-mirovinska-reforma","tag-zoran-milanovic"],"_links":{"self":[{"href":"https:\/\/www.mojevrijeme.hr\/magazin\/wp-json\/wp\/v2\/posts\/76213","targetHints":{"allow":["GET"]}}],"collection":[{"href":"https:\/\/www.mojevrijeme.hr\/magazin\/wp-json\/wp\/v2\/posts"}],"about":[{"href":"https:\/\/www.mojevrijeme.hr\/magazin\/wp-json\/wp\/v2\/types\/post"}],"author":[{"embeddable":true,"href":"https:\/\/www.mojevrijeme.hr\/magazin\/wp-json\/wp\/v2\/users\/1"}],"replies":[{"embeddable":true,"href":"https:\/\/www.mojevrijeme.hr\/magazin\/wp-json\/wp\/v2\/comments?post=76213"}],"version-history":[{"count":0,"href":"https:\/\/www.mojevrijeme.hr\/magazin\/wp-json\/wp\/v2\/posts\/76213\/revisions"}],"wp:featuredmedia":[{"embeddable":true,"href":"https:\/\/www.mojevrijeme.hr\/magazin\/wp-json\/wp\/v2\/media\/37395"}],"wp:attachment":[{"href":"https:\/\/www.mojevrijeme.hr\/magazin\/wp-json\/wp\/v2\/media?parent=76213"}],"wp:term":[{"taxonomy":"category","embeddable":true,"href":"https:\/\/www.mojevrijeme.hr\/magazin\/wp-json\/wp\/v2\/categories?post=76213"},{"taxonomy":"post_tag","embeddable":true,"href":"https:\/\/www.mojevrijeme.hr\/magazin\/wp-json\/wp\/v2\/tags?post=76213"}],"curies":[{"name":"wp","href":"https:\/\/api.w.org\/{rel}","templated":true}]}}