{"id":76226,"date":"2023-06-03T08:25:38","date_gmt":"2023-06-03T06:25:38","guid":{"rendered":"https:\/\/www.mojevrijeme.hr\/magazin\/?p=76226"},"modified":"2023-06-05T11:34:23","modified_gmt":"2023-06-05T09:34:23","slug":"hrvatske-bake-vole-unucad-ali-pretjerano-cuvanje-im-utjece-na-psihu","status":"publish","type":"post","link":"https:\/\/www.mojevrijeme.hr\/magazin\/2023\/06\/hrvatske-bake-vole-unucad-ali-pretjerano-cuvanje-im-utjece-na-psihu\/","title":{"rendered":"Hrvatske bake vole unu\u010dad, ali pretjerano \u010duvanje im utje\u010de na psihu"},"content":{"rendered":"\n<p>\u010cine li nas vlastita djeca sretnijim ljudima ili ne? Znanstvena je zajednica podijeljena, a odgovor donosi SHARE, najve\u0107e europsko istra\u017eivanje o zdravlju, starenju i umirovljenju provedeno na populaciji starijoj od 50 godina. <\/p>\n\n\n\n<p>Ovo istra\u017eivanje se \u010detvrti put provodi i u Hrvatskoj, javlja <a href=\"https:\/\/www.jutarnji.hr\/vijesti\/hrvatska\/istrazivanje-na-populaciji-50-stariji-su-sretniji-ako-djeca-ne-zive-s-njima-a-evo-sto-kazu-za-unucad-15342319\" target=\"_blank\" rel=\"noreferrer noopener\">Jutarnji<\/a>. Izme\u0111u ostalog, pokazalo je da imanje vlastite djece mo\u017ee imati pozitivan utjecaj, ali samo pod odre\u0111enim okolnostima: u zrelijoj dobi prva i osnovna okolnost je da djeca ne \u017eive s vama.<\/p>\n\n\n\n<p>Istra\u017eivanje je pokazalo da devet od 10 ispitanika ima svoju, naj\u010de\u0161\u0107e odraslu djecu te da oni koji imaju redoviti kontakt s djecom, ali su se djeca osamostalila i ne stanuju s roditeljima, iskazuju vi\u0161u razinu blagostanja, bolje procjenjuju vlastito zadovoljstvo \u017eivotom te su manje skloni depresiji. Isto tako, bake i djedovi vole \u010duvati unu\u010dad, ali im prevelik broj sati brige o manjoj djeci stvara stres i negativno djeluje na njihovu psiholo\u0161ku dobrobit.<\/p><div id=\"mojev-4187237071\" class=\"mojev-u-tekstu mojev-entity-placement\" style=\"margin-left: auto;margin-right: auto;text-align: center;\"><div class=\"mojev-adlabel\">oglas<\/div><div style=\"height: 250px;\"><script async src=\"https:\/\/pagead2.googlesyndication.com\/pagead\/js\/adsbygoogle.js?client=ca-pub-8106111766207173\"\r\n     crossorigin=\"anonymous\"><\/script>\r\n<!-- Prikazni 1 u tekstu -->\r\n<ins class=\"adsbygoogle\"\r\n     style=\"display:block\"\r\n     data-ad-client=\"ca-pub-8106111766207173\"\r\n     data-ad-slot=\"8535551207\"\r\n     data-ad-format=\"auto\"\r\n     data-full-width-responsive=\"true\"><\/ins>\r\n<script>\r\n     (adsbygoogle = window.adsbygoogle || []).push({});\r\n<\/script><\/div><\/div><br style=\"clear: both; display: block; float: none;\"\/>\n\n\n\n<p>Starija populacija u Hrvatskoj, istaknuo je dr.&nbsp;<strong>\u0160ime Smoli\u0107<\/strong>&nbsp;sa zagreba\u010dkog Ekonomskog fakulteta, voditelj projekta SHARE u Hrvatskoj, nije ni najbolja niti najgora u EU. <\/p>\n\n\n\n<p>Za razliku od zapadnih i sjevernih zemalja EU, ve\u0107ina starijih u Hrvatskoj ima rije\u0161eno stambeno pitanje, dobre socijalne veze i ekonomsku situaciju u skladu s onom u op\u0107em dru\u0161tvu, a za pove\u0107anje kvalitete \u017eivota \u017eeljeli bi bolju, dugotrajnu zdravstvenu skrb i ve\u0107e mirovine.<\/p>\n\n\n\n<div id=\"crveno\"><\/p>\n\n\n\n<h3 class=\"wp-block-heading\">Zanima nas va\u0161a pri\u010da<\/h3>\n\n\n\n<p>\u017delite li i vi, posve anonimno, podijeliti svoje iskustvo i vi\u0111enje ove teme s nama i na\u0161im \u010ditateljima, mo\u017eete to u\u010diniti putem web obrasca <a rel=\"noreferrer noopener\" href=\"https:\/\/www.mojevrijeme.hr\/magazin\/povjerljivo\/\" target=\"_blank\">Povjerljivo<\/a>. Napi\u0161ite svoju pri\u010du!<\/p>\n\n\n\n<p><\/div>\n<div id=\"mojev-2021238819\" class=\"mojev-kraj-teksta mojev-entity-placement\" style=\"margin-bottom: 20px;margin-left: auto;margin-right: auto;text-align: center;\"><div class=\"mojev-adlabel\">oglas<\/div><div style=\"height: 250px;\"><script async src=\"https:\/\/pagead2.googlesyndication.com\/pagead\/js\/adsbygoogle.js?client=ca-pub-8106111766207173\"\r\n     crossorigin=\"anonymous\"><\/script>\r\n<!-- Display-1 -->\r\n<ins class=\"adsbygoogle\"\r\n     style=\"display:block\"\r\n     data-ad-client=\"ca-pub-8106111766207173\"\r\n     data-ad-slot=\"1465712950\"\r\n     data-ad-format=\"auto\"\r\n     data-full-width-responsive=\"true\"><\/ins>\r\n<script>\r\n     (adsbygoogle = window.adsbygoogle || []).push({});\r\n<\/script><\/div><\/div>","protected":false},"excerpt":{"rendered":"<p>Oni koji imaju redoviti kontakt s djecom, ali su se djeca osamostalila i ne \u017eive s njima, manje su skloni depresiji, pokazalo je istra\u017eivanje. <\/p>\n","protected":false},"author":1,"featured_media":76228,"comment_status":"closed","ping_status":"closed","sticky":false,"template":"","format":"standard","meta":{"footnotes":""},"categories":[3],"tags":[1353,1779,2869,2753,512],"class_list":["post-76226","post","type-post","status-publish","format-standard","has-post-thumbnail","hentry","category-zdravlje","tag-baka-servis","tag-istrazivanje","tag-psihicke-bolesti","tag-sime-smolic","tag-stres"],"_links":{"self":[{"href":"https:\/\/www.mojevrijeme.hr\/magazin\/wp-json\/wp\/v2\/posts\/76226","targetHints":{"allow":["GET"]}}],"collection":[{"href":"https:\/\/www.mojevrijeme.hr\/magazin\/wp-json\/wp\/v2\/posts"}],"about":[{"href":"https:\/\/www.mojevrijeme.hr\/magazin\/wp-json\/wp\/v2\/types\/post"}],"author":[{"embeddable":true,"href":"https:\/\/www.mojevrijeme.hr\/magazin\/wp-json\/wp\/v2\/users\/1"}],"replies":[{"embeddable":true,"href":"https:\/\/www.mojevrijeme.hr\/magazin\/wp-json\/wp\/v2\/comments?post=76226"}],"version-history":[{"count":0,"href":"https:\/\/www.mojevrijeme.hr\/magazin\/wp-json\/wp\/v2\/posts\/76226\/revisions"}],"wp:featuredmedia":[{"embeddable":true,"href":"https:\/\/www.mojevrijeme.hr\/magazin\/wp-json\/wp\/v2\/media\/76228"}],"wp:attachment":[{"href":"https:\/\/www.mojevrijeme.hr\/magazin\/wp-json\/wp\/v2\/media?parent=76226"}],"wp:term":[{"taxonomy":"category","embeddable":true,"href":"https:\/\/www.mojevrijeme.hr\/magazin\/wp-json\/wp\/v2\/categories?post=76226"},{"taxonomy":"post_tag","embeddable":true,"href":"https:\/\/www.mojevrijeme.hr\/magazin\/wp-json\/wp\/v2\/tags?post=76226"}],"curies":[{"name":"wp","href":"https:\/\/api.w.org\/{rel}","templated":true}]}}