{"id":76289,"date":"2023-06-03T23:14:28","date_gmt":"2023-06-03T21:14:28","guid":{"rendered":"https:\/\/www.mojevrijeme.hr\/magazin\/?p=76289"},"modified":"2023-06-03T23:15:00","modified_gmt":"2023-06-03T21:15:00","slug":"federacija-bih-prosjecna-mirovina-344-eura-pocinje-isplata","status":"publish","type":"post","link":"https:\/\/www.mojevrijeme.hr\/magazin\/2023\/06\/federacija-bih-prosjecna-mirovina-344-eura-pocinje-isplata\/","title":{"rendered":"Federacija BiH: Prosje\u010dna mirovina 344 eura, po\u010dinje isplata"},"content":{"rendered":"\n<p>Federalni ministar rada i socijalne politike <strong>Adnan Deli\u0107<\/strong> najavio je po\u010detak isplate svibanjskih mirovina, prvih mirovina nakon izvanrednog uskla\u0111ivanja mirovina, koje \u0107e od mjeseca svibnja biti trajno ispla\u0107ene svim umirovljenicima u Federaciji BiH.<\/p>\n\n\n\n<p>&#8220;U razgovoru s umirovljenicima od samog po\u010detka preuzimanja mandata doznali smo njihovo negodovanje prema odluci o izvanrednom uskla\u0111ivanju mirovina koju je pro\u0161la Vlada donijela bez konzultacija s njima. Imali smo razumijevanja za njihove primjedbe te smo, sukladno analizama PIO i na\u0161im analizama u Ministarstvu, predlo\u017eili Vladi reviziju odluke iz travnja, \u0161to je Vlada prihvatila i u drugoj polovici svibnja donijela Odlukom kojom je izvr\u0161eno uskla\u0111ivanje mirovina za 2023. godinu, po\u010dev\u0161i odmah od mjeseca svibnja&#8221;, podsjetio je resorni ministar Deli\u0107, navode\u0107i da je ovo pove\u0107anje trajno, kao i da \u0107e ve\u0107 po\u010detkom idu\u0107e godine po\u010deti redovita i provest \u0107e se izvanredno uskla\u0111ivanje mirovina.<\/p>\n\n\n\n<p>Prema ovom izvanrednom uskla\u0111ivanju mirovina, najni\u017ea mirovina za svibanj iznosi 538,27 KM (oko 275,35 eura), zajam\u010dena 642,40 KM (oko 328,72 eura), dok najvi\u0161a mirovina iznosi 2.626,42 KM (oko 1.341,27 eura). Najve\u0107i broj umirovljenika, njih 358.471, korisnici su prosje\u010dne mirovine koja sada iznosi 674,68 KM (oko 344,48 eura). Za mjesec svibanj mirovine \u0107e biti ispla\u0107ene za 436.337 korisnika, a iz Fonda mirovinskog i invalidskog osiguranja bit \u0107e ispla\u0107eno oko 260 milijuna KM (oko 132,83 milijuna eura).<\/p><div id=\"mojev-2901499410\" class=\"mojev-u-tekstu mojev-entity-placement\" style=\"margin-left: auto;margin-right: auto;text-align: center;\"><div class=\"mojev-adlabel\">oglas<\/div><div style=\"height: 250px;\"><script async src=\"https:\/\/pagead2.googlesyndication.com\/pagead\/js\/adsbygoogle.js?client=ca-pub-8106111766207173\"\r\n     crossorigin=\"anonymous\"><\/script>\r\n<!-- Prikazni 1 u tekstu -->\r\n<ins class=\"adsbygoogle\"\r\n     style=\"display:block\"\r\n     data-ad-client=\"ca-pub-8106111766207173\"\r\n     data-ad-slot=\"8535551207\"\r\n     data-ad-format=\"auto\"\r\n     data-full-width-responsive=\"true\"><\/ins>\r\n<script>\r\n     (adsbygoogle = window.adsbygoogle || []).push({});\r\n<\/script><\/div><\/div><br style=\"clear: both; display: block; float: none;\"\/>\n\n\n\n<p>Po\u010detak isplate mirovina putem jedinstvenog ra\u010duna trezora Federacije Bosne i Hercegovine najavljen je za ponedjeljak, 5. lipnja 2023. godine, priop\u0107eno je iz Federalnog ministarstva rada i socijalne politike.<\/p>\n<div id=\"mojev-2333466650\" class=\"mojev-kraj-teksta mojev-entity-placement\" style=\"margin-bottom: 20px;margin-left: auto;margin-right: auto;text-align: center;\"><div class=\"mojev-adlabel\">oglas<\/div><div style=\"height: 250px;\"><script async src=\"https:\/\/pagead2.googlesyndication.com\/pagead\/js\/adsbygoogle.js?client=ca-pub-8106111766207173\"\r\n     crossorigin=\"anonymous\"><\/script>\r\n<!-- Display-1 -->\r\n<ins class=\"adsbygoogle\"\r\n     style=\"display:block\"\r\n     data-ad-client=\"ca-pub-8106111766207173\"\r\n     data-ad-slot=\"1465712950\"\r\n     data-ad-format=\"auto\"\r\n     data-full-width-responsive=\"true\"><\/ins>\r\n<script>\r\n     (adsbygoogle = window.adsbygoogle || []).push({});\r\n<\/script><\/div><\/div>","protected":false},"excerpt":{"rendered":"<p>Po\u010detak isplate mirovina putem jedinstvenog ra\u010duna trezora Federacije Bosne i Hercegovine najavljen je za ponedjeljak, 5. lipnja 2023. godine, priop\u0107eno je iz Federalnog ministarstva rada i socijalne politike.<\/p>\n","protected":false},"author":1,"featured_media":71299,"comment_status":"closed","ping_status":"closed","sticky":false,"template":"","format":"standard","meta":{"footnotes":""},"categories":[9],"tags":[3411,18],"class_list":["post-76289","post","type-post","status-publish","format-standard","has-post-thumbnail","hentry","category-vijesti","tag-federacija-bih","tag-mirovine"],"_links":{"self":[{"href":"https:\/\/www.mojevrijeme.hr\/magazin\/wp-json\/wp\/v2\/posts\/76289","targetHints":{"allow":["GET"]}}],"collection":[{"href":"https:\/\/www.mojevrijeme.hr\/magazin\/wp-json\/wp\/v2\/posts"}],"about":[{"href":"https:\/\/www.mojevrijeme.hr\/magazin\/wp-json\/wp\/v2\/types\/post"}],"author":[{"embeddable":true,"href":"https:\/\/www.mojevrijeme.hr\/magazin\/wp-json\/wp\/v2\/users\/1"}],"replies":[{"embeddable":true,"href":"https:\/\/www.mojevrijeme.hr\/magazin\/wp-json\/wp\/v2\/comments?post=76289"}],"version-history":[{"count":0,"href":"https:\/\/www.mojevrijeme.hr\/magazin\/wp-json\/wp\/v2\/posts\/76289\/revisions"}],"wp:featuredmedia":[{"embeddable":true,"href":"https:\/\/www.mojevrijeme.hr\/magazin\/wp-json\/wp\/v2\/media\/71299"}],"wp:attachment":[{"href":"https:\/\/www.mojevrijeme.hr\/magazin\/wp-json\/wp\/v2\/media?parent=76289"}],"wp:term":[{"taxonomy":"category","embeddable":true,"href":"https:\/\/www.mojevrijeme.hr\/magazin\/wp-json\/wp\/v2\/categories?post=76289"},{"taxonomy":"post_tag","embeddable":true,"href":"https:\/\/www.mojevrijeme.hr\/magazin\/wp-json\/wp\/v2\/tags?post=76289"}],"curies":[{"name":"wp","href":"https:\/\/api.w.org\/{rel}","templated":true}]}}