{"id":7630,"date":"2016-06-14T17:18:50","date_gmt":"2016-06-14T15:18:50","guid":{"rendered":"http:\/\/www.mojevrijeme.hr\/magazin\/?p=7630"},"modified":"2016-06-14T17:21:11","modified_gmt":"2016-06-14T15:21:11","slug":"zadarska-vozacica-76-napuhala-173-promila","status":"publish","type":"post","link":"https:\/\/www.mojevrijeme.hr\/magazin\/2016\/06\/zadarska-vozacica-76-napuhala-173-promila\/","title":{"rendered":"Zadarska voza\u010dica (76) napuhala 1,73 promila"},"content":{"rendered":"<p>Zadarska policija ovog je vikenda zabilje\u017eila neobi\u010dan rekord. U redovitoj kontroli su prometni policajci zaustavili 76-godi\u0161nju gospo\u0111u koja je \u201enapuhala\u201c \u010dak 1,73 promila.<\/p>\n<p>Pripadnica zlatne generacije je vozila osobni automobil Renault sa zadarskim registarskim oznakama. Zbog vo\u017enje pod utjecajem alkohola protiv nje je podignut optu\u017eni prijedlog.<\/p>\n<p>Proteklog vikenda policijski slu\u017ebenici PU zadarske su, tijekom provo\u0111enja akcije Vikend, kontrolirali 705 vozila i voza\u010da, a poduzeli su 183 represivne mjere, javlja <a href=\"http:\/\/www.zadarski.hr\" target=\"_blank\">zadarski.hr<\/a>. Iz prometa je isklju\u010deno 19 voza\u010da i 4 vozila. U tom se vremenu dogodila 21 prometna nesre\u0107a u kojima je \u0161est osoba lak\u0161e, a dvije su te\u0161ko ozlije\u0111ene.<\/p><div id=\"mojev-2210573019\" class=\"mojev-u-tekstu mojev-entity-placement\" style=\"margin-left: auto;margin-right: auto;text-align: center;\"><div class=\"mojev-adlabel\">oglas<\/div><div style=\"height: 250px;\"><script async src=\"https:\/\/pagead2.googlesyndication.com\/pagead\/js\/adsbygoogle.js?client=ca-pub-8106111766207173\"\r\n     crossorigin=\"anonymous\"><\/script>\r\n<!-- Prikazni 1 u tekstu -->\r\n<ins class=\"adsbygoogle\"\r\n     style=\"display:block\"\r\n     data-ad-client=\"ca-pub-8106111766207173\"\r\n     data-ad-slot=\"8535551207\"\r\n     data-ad-format=\"auto\"\r\n     data-full-width-responsive=\"true\"><\/ins>\r\n<script>\r\n     (adsbygoogle = window.adsbygoogle || []).push({});\r\n<\/script><\/div><\/div><br style=\"clear: both; display: block; float: none;\"\/>\n<div id=\"mojev-1348613745\" class=\"mojev-kraj-teksta mojev-entity-placement\" style=\"margin-bottom: 20px;margin-left: auto;margin-right: auto;text-align: center;\"><div class=\"mojev-adlabel\">oglas<\/div><div style=\"height: 250px;\"><script async src=\"https:\/\/pagead2.googlesyndication.com\/pagead\/js\/adsbygoogle.js?client=ca-pub-8106111766207173\"\r\n     crossorigin=\"anonymous\"><\/script>\r\n<!-- Display-1 -->\r\n<ins class=\"adsbygoogle\"\r\n     style=\"display:block\"\r\n     data-ad-client=\"ca-pub-8106111766207173\"\r\n     data-ad-slot=\"1465712950\"\r\n     data-ad-format=\"auto\"\r\n     data-full-width-responsive=\"true\"><\/ins>\r\n<script>\r\n     (adsbygoogle = window.adsbygoogle || []).push({});\r\n<\/script><\/div><\/div>","protected":false},"excerpt":{"rendered":"<p>Pripadnica zlatne generacije je vozila osobni automobil Renault sa zadarskim registarskim oznakama. Zbog vo\u017enje pod utjecajem alkohola protiv nje je podignut optu\u017eni prijedlog.<\/p>\n","protected":false},"author":1,"featured_media":2836,"comment_status":"closed","ping_status":"open","sticky":false,"template":"","format":"standard","meta":{"footnotes":""},"categories":[9],"tags":[99,641,610],"class_list":["post-7630","post","type-post","status-publish","format-standard","has-post-thumbnail","hentry","category-vijesti","tag-alkoholizam","tag-policija","tag-promet"],"_links":{"self":[{"href":"https:\/\/www.mojevrijeme.hr\/magazin\/wp-json\/wp\/v2\/posts\/7630","targetHints":{"allow":["GET"]}}],"collection":[{"href":"https:\/\/www.mojevrijeme.hr\/magazin\/wp-json\/wp\/v2\/posts"}],"about":[{"href":"https:\/\/www.mojevrijeme.hr\/magazin\/wp-json\/wp\/v2\/types\/post"}],"author":[{"embeddable":true,"href":"https:\/\/www.mojevrijeme.hr\/magazin\/wp-json\/wp\/v2\/users\/1"}],"replies":[{"embeddable":true,"href":"https:\/\/www.mojevrijeme.hr\/magazin\/wp-json\/wp\/v2\/comments?post=7630"}],"version-history":[{"count":0,"href":"https:\/\/www.mojevrijeme.hr\/magazin\/wp-json\/wp\/v2\/posts\/7630\/revisions"}],"wp:featuredmedia":[{"embeddable":true,"href":"https:\/\/www.mojevrijeme.hr\/magazin\/wp-json\/wp\/v2\/media\/2836"}],"wp:attachment":[{"href":"https:\/\/www.mojevrijeme.hr\/magazin\/wp-json\/wp\/v2\/media?parent=7630"}],"wp:term":[{"taxonomy":"category","embeddable":true,"href":"https:\/\/www.mojevrijeme.hr\/magazin\/wp-json\/wp\/v2\/categories?post=7630"},{"taxonomy":"post_tag","embeddable":true,"href":"https:\/\/www.mojevrijeme.hr\/magazin\/wp-json\/wp\/v2\/tags?post=7630"}],"curies":[{"name":"wp","href":"https:\/\/api.w.org\/{rel}","templated":true}]}}