{"id":76309,"date":"2023-06-04T09:53:08","date_gmt":"2023-06-04T07:53:08","guid":{"rendered":"https:\/\/www.mojevrijeme.hr\/magazin\/?p=76309"},"modified":"2023-06-04T10:33:11","modified_gmt":"2023-06-04T08:33:11","slug":"znate-li-u-kojoj-se-zemlji-u-europi-ljudi-osjecaju-najsigurnije-da-u-hrvatskoj","status":"publish","type":"post","link":"https:\/\/www.mojevrijeme.hr\/magazin\/2023\/06\/znate-li-u-kojoj-se-zemlji-u-europi-ljudi-osjecaju-najsigurnije-da-u-hrvatskoj\/","title":{"rendered":"Znate li u kojoj se zemlji u Europi ljudi osje\u0107aju najsigurnije? Da &#8211; u Hrvatskoj!"},"content":{"rendered":"\n<p>Hrvatska mo\u017eda nije najbogatija zemlja na svijetu i na\u0161i ljudi mo\u017eda nemaju najve\u0107u kupovnu mo\u0107, mo\u017eda bi nam politi\u010dari mogli biti bolji i mo\u017eda bi institucije mogle bolje obavljati svoj posao. No unato\u010d svemu tome, po nekim je pokazateljima Hrvatska me\u0111u ponajboljima u svijetu. Jedan od njih je sigurnost, a to je, slo\u017eit \u0107e se mnogi, i mnogo va\u017enije od kupovne mo\u0107i.<\/p>\n\n\n\n<p>Portal <a rel=\"noreferrer noopener\" href=\"https:\/\/www.adventourely.com\/how-safe-do-people-feel-to-walk-alone-at-night-in-europe\/\" target=\"_blank\">Adventourly<\/a><strong>&nbsp;<\/strong>objavio je istra\u017eivanje pod naslovom <em>How Safe Do People Feel to Walk Alone at Night in Europe<\/em> (Koliko se ljudi osje\u0107aju sigurnima dok \u0161etaju no\u0107u u Europi), koje je temeljene na raznovrsnim podacima i statistikama, poput analiza popularnog portala <a rel=\"noreferrer noopener\" href=\"https:\/\/www.numbeo.com\/cost-of-living\/\" target=\"_blank\">Numbeo<\/a>.<\/p>\n\n\n\n<p>Rezultati su pokazali da se od svih europskih dr\u017eava ljudi najsigurnije osje\u0107aju upravo u Hrvatskoj jer je na\u0161a zemlja dobila visokih 74,6 bodove. Iza nas su susjedi Slovenci sa 74,4 bodova, a potom slijedi Island sa 72,2 bodova. Top pet najsigurnijih zemalja u Europi zatvaraju Gruzija i \u0160vicarska s po 69.72, odnosno 69.35 bodova.<\/p><div id=\"mojev-2095178425\" class=\"mojev-u-tekstu mojev-entity-placement\" style=\"margin-left: auto;margin-right: auto;text-align: center;\"><div class=\"mojev-adlabel\">oglas<\/div><div style=\"height: 250px;\"><script async src=\"https:\/\/pagead2.googlesyndication.com\/pagead\/js\/adsbygoogle.js?client=ca-pub-8106111766207173\"\r\n     crossorigin=\"anonymous\"><\/script>\r\n<!-- Prikazni 1 u tekstu -->\r\n<ins class=\"adsbygoogle\"\r\n     style=\"display:block\"\r\n     data-ad-client=\"ca-pub-8106111766207173\"\r\n     data-ad-slot=\"8535551207\"\r\n     data-ad-format=\"auto\"\r\n     data-full-width-responsive=\"true\"><\/ins>\r\n<script>\r\n     (adsbygoogle = window.adsbygoogle || []).push({});\r\n<\/script><\/div><\/div><br style=\"clear: both; display: block; float: none;\"\/>\n\n\n\n<p>S druge strane, ljudi se najnesigurnije tijekom \u0161etnje no\u0107u osje\u0107aju u Francuskoj jer je ta zemlja dobila 35,59 bodova, a odmah iza nje je Bjelorusija sa 36,44. Belgija zauzima pretposljednje mjesto sa stopom sigurnosti od 41,25, dok Ujedinjeno Kraljevstvo i \u0160vedska zaklju\u010duju donju petorku sa stopama od 43,00 odnosno 43,69.<\/p>\n\n\n\n<p>Crna Gora je na 10. mjestu (66,01), Srbija na 14. (63,57), a Bosna i Hercegovina je na 25. mjestu s 56,65 bodova.<\/p>\n\n\n\n<p>&#8220;Iako se \u010dini da postoji geografski trend, pri \u010demu se ljudi u balkanskim i balti\u010dkim regijama osje\u0107aju sigurnije od onih u zapadnoj i isto\u010dnoj Europi, podaci pokazuju da BDP nije u sna\u017enoj korelaciji s osje\u0107ajem sigurnosti. Ovo doprinosi ideji da je osje\u0107aj sigurnosti slo\u017een i da na njega utje\u010du razli\u010diti elementi osim ekonomskog blagostanja&#8221;, stoji na kraju ove analize.<\/p>\n<div id=\"mojev-501670800\" class=\"mojev-kraj-teksta mojev-entity-placement\" style=\"margin-bottom: 20px;margin-left: auto;margin-right: auto;text-align: center;\"><div class=\"mojev-adlabel\">oglas<\/div><div style=\"height: 250px;\"><script async src=\"https:\/\/pagead2.googlesyndication.com\/pagead\/js\/adsbygoogle.js?client=ca-pub-8106111766207173\"\r\n     crossorigin=\"anonymous\"><\/script>\r\n<!-- Display-1 -->\r\n<ins class=\"adsbygoogle\"\r\n     style=\"display:block\"\r\n     data-ad-client=\"ca-pub-8106111766207173\"\r\n     data-ad-slot=\"1465712950\"\r\n     data-ad-format=\"auto\"\r\n     data-full-width-responsive=\"true\"><\/ins>\r\n<script>\r\n     (adsbygoogle = window.adsbygoogle || []).push({});\r\n<\/script><\/div><\/div>","protected":false},"excerpt":{"rendered":"<p>Portal Adventourly objavio je tekst pod naslovom &#8216;Koliko se ljudi osje\u0107aju sigurnima dok \u0161etaju no\u0107u u Europi&#8217;. Prvo mjesto zauzela je Hrvatska. <\/p>\n","protected":false},"author":4,"featured_media":18648,"comment_status":"closed","ping_status":"closed","sticky":false,"template":"","format":"standard","meta":{"footnotes":""},"categories":[2],"tags":[3094,280,1815],"class_list":["post-76309","post","type-post","status-publish","format-standard","has-post-thumbnail","hentry","category-mozaik","tag-europa","tag-hrvatska","tag-sigurnost"],"_links":{"self":[{"href":"https:\/\/www.mojevrijeme.hr\/magazin\/wp-json\/wp\/v2\/posts\/76309","targetHints":{"allow":["GET"]}}],"collection":[{"href":"https:\/\/www.mojevrijeme.hr\/magazin\/wp-json\/wp\/v2\/posts"}],"about":[{"href":"https:\/\/www.mojevrijeme.hr\/magazin\/wp-json\/wp\/v2\/types\/post"}],"author":[{"embeddable":true,"href":"https:\/\/www.mojevrijeme.hr\/magazin\/wp-json\/wp\/v2\/users\/4"}],"replies":[{"embeddable":true,"href":"https:\/\/www.mojevrijeme.hr\/magazin\/wp-json\/wp\/v2\/comments?post=76309"}],"version-history":[{"count":0,"href":"https:\/\/www.mojevrijeme.hr\/magazin\/wp-json\/wp\/v2\/posts\/76309\/revisions"}],"wp:featuredmedia":[{"embeddable":true,"href":"https:\/\/www.mojevrijeme.hr\/magazin\/wp-json\/wp\/v2\/media\/18648"}],"wp:attachment":[{"href":"https:\/\/www.mojevrijeme.hr\/magazin\/wp-json\/wp\/v2\/media?parent=76309"}],"wp:term":[{"taxonomy":"category","embeddable":true,"href":"https:\/\/www.mojevrijeme.hr\/magazin\/wp-json\/wp\/v2\/categories?post=76309"},{"taxonomy":"post_tag","embeddable":true,"href":"https:\/\/www.mojevrijeme.hr\/magazin\/wp-json\/wp\/v2\/tags?post=76309"}],"curies":[{"name":"wp","href":"https:\/\/api.w.org\/{rel}","templated":true}]}}