{"id":76377,"date":"2023-06-05T07:40:01","date_gmt":"2023-06-05T05:40:01","guid":{"rendered":"https:\/\/www.mojevrijeme.hr\/magazin\/?p=76377"},"modified":"2023-06-05T07:40:44","modified_gmt":"2023-06-05T05:40:44","slug":"je-li-srbija-stekla-uvjete-za-ukidanje-penalizacije-umirovljenika-i-zasto-to-ne-cini","status":"publish","type":"post","link":"https:\/\/www.mojevrijeme.hr\/magazin\/2023\/06\/je-li-srbija-stekla-uvjete-za-ukidanje-penalizacije-umirovljenika-i-zasto-to-ne-cini\/","title":{"rendered":"&#8216;Srbija je stekla uvjete za ukidanje penalizacije umirovljenika&#8217;"},"content":{"rendered":"\n<p>Broj korisnika prijevremenih mirovina u Srbiji raste iz godine u godinu. Na kraju 2022. godine bilo ih je ukupno 63.868. Svima njima mirovina se trajno umanjuje za 0,34 posto za svaki mjesec prije navr\u0161ene propisane dobi za stjecanje prava na starosnu mirovinu.<\/p>\n\n\n\n<p>U Savezu samostalnih sindikata Srbije (SSSS) smatraju da je ovakvo rje\u0161enje nepravedno, pa su nedavno ponovno zatra\u017eili ukidanje kaznenih bodova za prijevremene umirovljenike.<\/p>\n\n\n\n<p>Da bi se to dogodilo, potrebno je izmijeniti Zakon o mirovinskom invalidskom osiguranju, no iz resornog ministarstva ka\u017eu da u ovom trenutku nema promjena u na\u010dinu izra\u010duna visine prijevremene mirovine, kao ni u na\u010din smanjenja iznosa starosne mirovine, primjenom tzv. penala.<\/p><div id=\"mojev-180387731\" class=\"mojev-u-tekstu mojev-entity-placement\" style=\"margin-left: auto;margin-right: auto;text-align: center;\"><div class=\"mojev-adlabel\">oglas<\/div><div style=\"height: 250px;\"><script async src=\"https:\/\/pagead2.googlesyndication.com\/pagead\/js\/adsbygoogle.js?client=ca-pub-8106111766207173\"\r\n     crossorigin=\"anonymous\"><\/script>\r\n<!-- Prikazni 1 u tekstu -->\r\n<ins class=\"adsbygoogle\"\r\n     style=\"display:block\"\r\n     data-ad-client=\"ca-pub-8106111766207173\"\r\n     data-ad-slot=\"8535551207\"\r\n     data-ad-format=\"auto\"\r\n     data-full-width-responsive=\"true\"><\/ins>\r\n<script>\r\n     (adsbygoogle = window.adsbygoogle || []).push({});\r\n<\/script><\/div><\/div><br style=\"clear: both; display: block; float: none;\"\/>\n\n\n\n<p>Iz PIO fonda za <a href=\"https:\/\/www.euronews.rs\/biznis\/biznis-vesti\/88180\/ko-zeli-ranije-u-penziju-mora-i-da-plati-koliko-je-srbija-daleko-od-ukidanje-prakse-kaznenih-penala\/vest\" target=\"_blank\" rel=\"noreferrer noopener\">Euronews<\/a> Srbija re\u010deno je da iznos umanjenja za prijevremenu starosnu mirovinu mo\u017ee biti maksimalno 20,4 posto, \u0161to je jednako umanjenju u slu\u010daju kada do propisanog uvjeta za punu starosnu mirovinu nedostaje pet godina \u017eivota.<\/p>\n\n\n\n<p>Na inicijativu SSSS-a predla\u017ee se da se onima koji su oti\u0161li u prijevremenu mirovinu izda novo rje\u0161enje o visini mirovine s navr\u0161enih 65 godina \u017eivota, \u010dime bi im se ukinuli kazneni bodovi.<\/p>\n\n\n\n<p>&#8220;Razumijemo da je u nekom trenutku dr\u017eava imala odre\u0111enih financijskih problema pa se moralo dosta nadomje\u0161tati iz prora\u010duna. Sada imamo i ve\u0107i broj zaposlenih, preko dva milijuna i 350 tisu\u0107a. Imamo milijun i 650 tisu\u0107a umirovljenika. Dakle, ima skoro 700.000 vi\u0161e zaposlenih u odnosu na umirovljenike, tako da su stekli ti i uvjeti da se kazneni bodovi ukinu, ali zaista nemamo nikakvog odgovora na taj na\u0161 prijedlog&#8221;, rekao je za <a rel=\"noreferrer noopener\" href=\"https:\/\/www.euronews.rs\/biznis\/biznis-vesti\/88180\/ko-zeli-ranije-u-penziju-mora-i-da-plati-koliko-je-srbija-daleko-od-ukidanje-prakse-kaznenih-penala\/vest\" target=\"_blank\">Euronews<\/a> Srbija <strong>Du\u0161ko Vukovi\u0107<\/strong> iz SSSS.<\/p>\n\n\n\n<p>Dodaje da je sve to na dugom \u0161tapu te da se u krajnjem slu\u010daju mora promijeniti zakon kako bi se ukinuli kazneni bodovi, \u0161to se, smatra, mo\u017ee u\u010diniti vrlo brzo ako postoji politi\u010dka volja i spremnost.<\/p>\n<div id=\"mojev-2314387984\" class=\"mojev-kraj-teksta mojev-entity-placement\" style=\"margin-bottom: 20px;margin-left: auto;margin-right: auto;text-align: center;\"><div class=\"mojev-adlabel\">oglas<\/div><div style=\"height: 250px;\"><script async src=\"https:\/\/pagead2.googlesyndication.com\/pagead\/js\/adsbygoogle.js?client=ca-pub-8106111766207173\"\r\n     crossorigin=\"anonymous\"><\/script>\r\n<!-- Display-1 -->\r\n<ins class=\"adsbygoogle\"\r\n     style=\"display:block\"\r\n     data-ad-client=\"ca-pub-8106111766207173\"\r\n     data-ad-slot=\"1465712950\"\r\n     data-ad-format=\"auto\"\r\n     data-full-width-responsive=\"true\"><\/ins>\r\n<script>\r\n     (adsbygoogle = window.adsbygoogle || []).push({});\r\n<\/script><\/div><\/div>","protected":false},"excerpt":{"rendered":"<p>Na inicijativu SSSS-a predla\u017ee se da se onima koji su oti\u0161li u prijevremenu mirovinu izda novo rje\u0161enje o visini mirovine s navr\u0161enih 65 godina \u017eivota, \u010dime bi im se ukinuli kazneni bodovi.<\/p>\n","protected":false},"author":1,"featured_media":62218,"comment_status":"closed","ping_status":"closed","sticky":false,"template":"","format":"standard","meta":{"footnotes":""},"categories":[9],"tags":[18,3498,638],"class_list":["post-76377","post","type-post","status-publish","format-standard","has-post-thumbnail","hentry","category-vijesti","tag-mirovine","tag-penalizacija","tag-srbija"],"_links":{"self":[{"href":"https:\/\/www.mojevrijeme.hr\/magazin\/wp-json\/wp\/v2\/posts\/76377","targetHints":{"allow":["GET"]}}],"collection":[{"href":"https:\/\/www.mojevrijeme.hr\/magazin\/wp-json\/wp\/v2\/posts"}],"about":[{"href":"https:\/\/www.mojevrijeme.hr\/magazin\/wp-json\/wp\/v2\/types\/post"}],"author":[{"embeddable":true,"href":"https:\/\/www.mojevrijeme.hr\/magazin\/wp-json\/wp\/v2\/users\/1"}],"replies":[{"embeddable":true,"href":"https:\/\/www.mojevrijeme.hr\/magazin\/wp-json\/wp\/v2\/comments?post=76377"}],"version-history":[{"count":0,"href":"https:\/\/www.mojevrijeme.hr\/magazin\/wp-json\/wp\/v2\/posts\/76377\/revisions"}],"wp:featuredmedia":[{"embeddable":true,"href":"https:\/\/www.mojevrijeme.hr\/magazin\/wp-json\/wp\/v2\/media\/62218"}],"wp:attachment":[{"href":"https:\/\/www.mojevrijeme.hr\/magazin\/wp-json\/wp\/v2\/media?parent=76377"}],"wp:term":[{"taxonomy":"category","embeddable":true,"href":"https:\/\/www.mojevrijeme.hr\/magazin\/wp-json\/wp\/v2\/categories?post=76377"},{"taxonomy":"post_tag","embeddable":true,"href":"https:\/\/www.mojevrijeme.hr\/magazin\/wp-json\/wp\/v2\/tags?post=76377"}],"curies":[{"name":"wp","href":"https:\/\/api.w.org\/{rel}","templated":true}]}}