{"id":76443,"date":"2023-06-05T12:45:10","date_gmt":"2023-06-05T10:45:10","guid":{"rendered":"https:\/\/www.mojevrijeme.hr\/magazin\/?p=76443"},"modified":"2023-06-05T13:03:37","modified_gmt":"2023-06-05T11:03:37","slug":"prvi-energetski-dodatak-za-one-koji-su-mirovinu-zaradili-u-bih-i-srbiji-od-60-do160-eura","status":"publish","type":"post","link":"https:\/\/www.mojevrijeme.hr\/magazin\/2023\/06\/prvi-energetski-dodatak-za-one-koji-su-mirovinu-zaradili-u-bih-i-srbiji-od-60-do160-eura\/","title":{"rendered":"Prvi energetski dodatak za one koji su mirovinu zaradili u BiH i Srbiji, 60-160 eura"},"content":{"rendered":"\n<p>Umirovljenici koji \u017eive u Hrvatskoj, a mirovinu su zaradili u Bosni i Hercegovini, Srbiji ili nekoj tre\u0107oj zemlji prvi put \u0107e dobiti&nbsp;<strong>jednokratnu nov\u010danu pomo\u0107<\/strong>&nbsp;za pokrivanje tro\u0161kova \u017eivota. <\/p>\n\n\n\n<p>To\u010dan broj ljudi koji su se kona\u010dno provukli na listu Vladinih dobitnika unutar umirovljeni\u010dke populacije nitko ne zna, no procjenjuje se da u Hrvatskoj \u017eivi 20 do 30 tisu\u0107a umirovljenika koji nisu imali ni jedan dan radnog sta\u017ea u Hrvatskoj. Njihove su mirovine male, ali zaobi\u0161le su ih sve dosada\u0161nje interventne isplate hrvatske Vlade. Ve\u0107inom su to ljudi koji su tijekom rata pobjegli iz svojih sredina i doselili se u Hrvatsku, pi\u0161e <a href=\"https:\/\/www.vecernji.hr\/vijesti\/prvi-put-u-hrvatskoj-umirovljenici-iz-bih-i-srbije-koji-zive-u-rh-dobit-ce-60-160-eura-1685350\" target=\"_blank\" rel=\"noreferrer noopener\">Ve\u010dernji list<\/a>.<\/p>\n\n\n\n<p>Hrvatski zavod za mirovinsko osiguranje poslao je obavijest da \u0107e se &#8220;jednokratno nov\u010dano primanje&#8221; isplatiti samo onim umirovljenicima koji su zaradili mirovinu u dr\u017eavama s kojima Republika Hrvatska ima sklopljen me\u0111unarodni ugovor o socijalnom osiguranju ili dr\u017eavama koje primjenjuju uredbe Europske unije o koordinaciji sustava socijalne sigurnosti. To pokriva gotovo sve zemlje iz kojih su se umirovljenici mogli doseliti. Pomo\u0107 \u0107e dobiti ljudi \u010dija&nbsp;<strong>inozemna mirovina<\/strong>&nbsp;za travanj ne prelazi 610 eura i koji nisu zaposleni, odnosno ne obavljaju djelatnost na temelju koje postoji obveza osiguranja.<\/p><div id=\"mojev-3083568510\" class=\"mojev-u-tekstu mojev-entity-placement\" style=\"margin-left: auto;margin-right: auto;text-align: center;\"><div class=\"mojev-adlabel\">oglas<\/div><div style=\"height: 250px;\"><script async src=\"https:\/\/pagead2.googlesyndication.com\/pagead\/js\/adsbygoogle.js?client=ca-pub-8106111766207173\"\r\n     crossorigin=\"anonymous\"><\/script>\r\n<!-- Prikazni 1 u tekstu -->\r\n<ins class=\"adsbygoogle\"\r\n     style=\"display:block\"\r\n     data-ad-client=\"ca-pub-8106111766207173\"\r\n     data-ad-slot=\"8535551207\"\r\n     data-ad-format=\"auto\"\r\n     data-full-width-responsive=\"true\"><\/ins>\r\n<script>\r\n     (adsbygoogle = window.adsbygoogle || []).push({});\r\n<\/script><\/div><\/div><br style=\"clear: both; display: block; float: none;\"\/>\n\n\n\n<p>Dodatni uvjet je da ovi korisnici imaju neprekinuto prebivali\u0161te u Republici Hrvatskoj od najmanje tri mjeseca neposredno prije dono\u0161enja Vladine odluke da se isplata pomo\u0107i primijeni i na njih. Kako je odluka objavljena 25. svibnja, to zna\u010di da pomo\u0107 mogu dobiti svi umirovljenici koji su se doselili u Hrvatsku prije 25. velja\u010de 2023. godine. Svi koji misle da&nbsp;<strong>ostvaruju pravo<\/strong>&nbsp;na nov\u010danu pomo\u0107 pozvani su da Hrvatskom zavodu za mirovinsko osiguranje dostave dokaz o iznosu mirovine za travanj 2023. kao i broj ra\u010duna otvorenog u banci u RH.<\/p>\n\n\n\n<p><a rel=\"noreferrer noopener\" href=\"https:\/\/www.lidl.hr\/\" target=\"_blank\"><\/a><\/p>\n<div id=\"mojev-1585444694\" class=\"mojev-kraj-teksta mojev-entity-placement\" style=\"margin-bottom: 20px;margin-left: auto;margin-right: auto;text-align: center;\"><div class=\"mojev-adlabel\">oglas<\/div><div style=\"height: 250px;\"><script async src=\"https:\/\/pagead2.googlesyndication.com\/pagead\/js\/adsbygoogle.js?client=ca-pub-8106111766207173\"\r\n     crossorigin=\"anonymous\"><\/script>\r\n<!-- Display-1 -->\r\n<ins class=\"adsbygoogle\"\r\n     style=\"display:block\"\r\n     data-ad-client=\"ca-pub-8106111766207173\"\r\n     data-ad-slot=\"1465712950\"\r\n     data-ad-format=\"auto\"\r\n     data-full-width-responsive=\"true\"><\/ins>\r\n<script>\r\n     (adsbygoogle = window.adsbygoogle || []).push({});\r\n<\/script><\/div><\/div>","protected":false},"excerpt":{"rendered":"<p>Pomo\u0107 \u0107e dobiti ljudi \u010dija\u00a0inozemna mirovina\u00a0za travanj ne prelazi 610 eura i koji nisu zaposleni, odnosno ne obavljaju djelatnost na temelju koje postoji obveza osiguranja.<\/p>\n","protected":false},"author":1,"featured_media":61385,"comment_status":"closed","ping_status":"closed","sticky":false,"template":"","format":"standard","meta":{"footnotes":""},"categories":[9],"tags":[1011,3055,638],"class_list":["post-76443","post","type-post","status-publish","format-standard","has-post-thumbnail","hentry","category-vijesti","tag-bih","tag-energetski-dodatak","tag-srbija"],"_links":{"self":[{"href":"https:\/\/www.mojevrijeme.hr\/magazin\/wp-json\/wp\/v2\/posts\/76443","targetHints":{"allow":["GET"]}}],"collection":[{"href":"https:\/\/www.mojevrijeme.hr\/magazin\/wp-json\/wp\/v2\/posts"}],"about":[{"href":"https:\/\/www.mojevrijeme.hr\/magazin\/wp-json\/wp\/v2\/types\/post"}],"author":[{"embeddable":true,"href":"https:\/\/www.mojevrijeme.hr\/magazin\/wp-json\/wp\/v2\/users\/1"}],"replies":[{"embeddable":true,"href":"https:\/\/www.mojevrijeme.hr\/magazin\/wp-json\/wp\/v2\/comments?post=76443"}],"version-history":[{"count":0,"href":"https:\/\/www.mojevrijeme.hr\/magazin\/wp-json\/wp\/v2\/posts\/76443\/revisions"}],"wp:featuredmedia":[{"embeddable":true,"href":"https:\/\/www.mojevrijeme.hr\/magazin\/wp-json\/wp\/v2\/media\/61385"}],"wp:attachment":[{"href":"https:\/\/www.mojevrijeme.hr\/magazin\/wp-json\/wp\/v2\/media?parent=76443"}],"wp:term":[{"taxonomy":"category","embeddable":true,"href":"https:\/\/www.mojevrijeme.hr\/magazin\/wp-json\/wp\/v2\/categories?post=76443"},{"taxonomy":"post_tag","embeddable":true,"href":"https:\/\/www.mojevrijeme.hr\/magazin\/wp-json\/wp\/v2\/tags?post=76443"}],"curies":[{"name":"wp","href":"https:\/\/api.w.org\/{rel}","templated":true}]}}