{"id":7645,"date":"2016-06-18T09:45:59","date_gmt":"2016-06-18T07:45:59","guid":{"rendered":"http:\/\/www.mojevrijeme.hr\/magazin\/?p=7645"},"modified":"2016-06-18T09:45:59","modified_gmt":"2016-06-18T07:45:59","slug":"superseniori-junaci-koji-su-samo-stariji-nista-vise","status":"publish","type":"post","link":"https:\/\/www.mojevrijeme.hr\/magazin\/2016\/06\/superseniori-junaci-koji-su-samo-stariji-nista-vise\/","title":{"rendered":"Superseniori &#8211; junaci koji su samo stariji. Ni\u0161ta vi\u0161e"},"content":{"rendered":"<p>Sigurno vi\u0111ate starije osobe. Koliko ih poznajete? Susjedu jednom mjese\u010dno ne\u0107ak navrati u posjet. Gospo\u0111a s prvog kata tako revno ubire pri\u010duvu, da tek ponekad u njoj prepoznate kretnje umirovljene balerine. Djeda niste vidjeli od posljednjeg ro\u0111endana, a ne \u017eivi tako daleko. Mo\u017eda Vas baka koja miri\u0161e na kola\u010de mo\u017ee uputiti u tajne statistike.<\/p>\n<p>Ima li stariji gospodin koji stoji pored Vas u tramvaju pri\u010du za najbolji neobjavljeni roman u kojem le\u017ei ideja za poslovni projekt ili klju\u010d rje\u0161enja trenutnog ljubavnog problema? Koliko ste se puta upitali imaju li Vam stariji ljudi \u0161to re\u0107i? Svi \u0107emo s vremenom ostariti, taj \u017eivotni put ne mo\u017eemo promijeniti, no mo\u017eemo ga obogatiti, uva\u017eiti i iskoristiti za dobrobit \u010ditavog dru\u0161tva.<\/p>\n<p>Projekt <a href=\"http:\/\/superseniori.hr\/\">\u201eSUPERSENIORI\u201c<\/a> inovativan je model podr\u0161ke kojem je osnovni cilj pove\u0107anje uklju\u010divanja starijih osoba u \u017eivot zajednice kroz zajedni\u010dko djelovanje i zajedni\u010dku provedbu aktivnosti organizacija civilnog dru\u0161tva, zainteresirane javnosti, javnih institucija na lokalnoj i nacionalnoj razini, domova i klubova za starije osobe.<\/p><div id=\"mojev-1241410788\" class=\"mojev-u-tekstu mojev-entity-placement\" style=\"margin-left: auto;margin-right: auto;text-align: center;\"><div class=\"mojev-adlabel\">oglas<\/div><div style=\"height: 250px;\"><script async src=\"https:\/\/pagead2.googlesyndication.com\/pagead\/js\/adsbygoogle.js?client=ca-pub-8106111766207173\"\r\n     crossorigin=\"anonymous\"><\/script>\r\n<!-- Prikazni 1 u tekstu -->\r\n<ins class=\"adsbygoogle\"\r\n     style=\"display:block\"\r\n     data-ad-client=\"ca-pub-8106111766207173\"\r\n     data-ad-slot=\"8535551207\"\r\n     data-ad-format=\"auto\"\r\n     data-full-width-responsive=\"true\"><\/ins>\r\n<script>\r\n     (adsbygoogle = window.adsbygoogle || []).push({});\r\n<\/script><\/div><\/div><br style=\"clear: both; display: block; float: none;\"\/>\n<p>Zaklada Zajedni\u010dki put iz Zagreba je organizator\/naru\u010ditelj informativne akcije za senzibilizaciju javnosti o va\u017enosti uklju\u010divanja starijih osoba u \u017eivot zajednice \u2013 kampanje pod nazivom SAMO STARIJI. NI\u0160TA VI\u0160E. Akcija se pokre\u0107e kao sastavni dio projekta \u201eSUPERSENIORI\u201c u partnerstvu sa zakladom \u201eSlagalica\u201c iz Osijeka, a u sklopu Razvojne suradnje u podru\u010dju filantropije i zakladni\u0161tva s Nacionalnom zakladom za razvoj civilnoga dru\u0161tva.<\/p>\n<p>&nbsp;<\/p>\n<p><iframe loading=\"lazy\" width=\"740\" height=\"416\" src=\"https:\/\/www.youtube.com\/embed\/1XFZa46_j9M?feature=oembed\" frameborder=\"0\" allow=\"accelerometer; autoplay; encrypted-media; gyroscope; picture-in-picture\" allowfullscreen><\/iframe><\/p>\n<p>Kampanja te\u017ei podizanju svijesti u javnosti o potrebama i pravima starijih osoba te dru\u0161tvenim i individualnim posljedicama kr\u0161enja njihovih prava. Ciljevi kampanje su poticanje aktivnog sudjelovanja starijih osoba u \u017eivotu lokalne zajednice i osiguravanje uvjeta u kojima bi ostvarivanjem svojih prava te stjecanjem novih znanja i vje\u0161tina ostali i postali aktivni sudionici\u00a0 zajednice te bili prepoznati kao bitan resurs dru\u0161tvenih promjena. Za sve one koji se aktivno \u017eele uklju\u010diti i biti dio ove velike pri\u010de osnovan je Fond Superseniori, kroz koji \u0107e se osigurati transparentnost tijeka financijske podr\u0161ke i njihova alokacija u relevantne programe za podizanje kvalitete \u017eivota starijih osoba. Cilj fonda pri zakladama &#8211; partnerima je prikupljanje sredstava za starije i daljnje ulaganje u postoje\u0107e i budu\u0107e projekte koji pove\u0107avaju kvalitetu \u017eivota starijih, socijalnu uklju\u010denost i razvoj zajednice.<\/p>\n<p><iframe loading=\"lazy\" width=\"740\" height=\"416\" src=\"https:\/\/www.youtube.com\/embed\/HAA14K8wDX4?feature=oembed\" frameborder=\"0\" allow=\"accelerometer; autoplay; encrypted-media; gyroscope; picture-in-picture\" allowfullscreen><\/iframe><\/p>\n<p>U organizaciju medijske kampanje zakladama aktivno su uklju\u010dene agencije McCann\/Fahrenheit i Universal McCann, produkcijska ku\u0107a Centralna jedinica, agencija za odnose s javno\u0161\u0107u PR365 studio, kao i brojni drugi profesionalci koji svoj rad ne napla\u0107uju te \u0107e se kampanja u svim medijima realizirati bez naknade. Glavni akteri kampanje su 4 javne osobe: <strong>Antonija Bla\u0107e<\/strong>,<strong> Iva \u0160ulenti\u0107<\/strong>,<strong> Janko Popovi\u0107 Volari\u0107<\/strong> i<strong> Toni Cetinski<\/strong> koji su prepoznali va\u017enost ovog hvalevrijednog projekta i poklonili svoje vrijeme kako bi omogu\u0107ili realizaciju kreativne ideje same kampanje. Naravno, cijeli projekt ne bi bio mogu\u0107 i bez: <strong>Ane Bulaji\u0107 \u010cr\u010dek<\/strong> &#8211; glavne majstorice za maske, redatelja <strong>Filipa Mojze\u0161a<\/strong>,<strong> Svena Pepeonika<\/strong> (DOP), produkcije \u2013 Centrala jedinica, postprodukcije \u2013 Poster te fotografa <strong>Damira \u017di\u017ei\u0107a<\/strong>.<\/p>\n<div id=\"mojev-4187315439\" class=\"mojev-kraj-teksta mojev-entity-placement\" style=\"margin-bottom: 20px;margin-left: auto;margin-right: auto;text-align: center;\"><div class=\"mojev-adlabel\">oglas<\/div><div style=\"height: 250px;\"><script async src=\"https:\/\/pagead2.googlesyndication.com\/pagead\/js\/adsbygoogle.js?client=ca-pub-8106111766207173\"\r\n     crossorigin=\"anonymous\"><\/script>\r\n<!-- Display-1 -->\r\n<ins class=\"adsbygoogle\"\r\n     style=\"display:block\"\r\n     data-ad-client=\"ca-pub-8106111766207173\"\r\n     data-ad-slot=\"1465712950\"\r\n     data-ad-format=\"auto\"\r\n     data-full-width-responsive=\"true\"><\/ins>\r\n<script>\r\n     (adsbygoogle = window.adsbygoogle || []).push({});\r\n<\/script><\/div><\/div>","protected":false},"excerpt":{"rendered":"<p>Toni Cetinski, Antonija Bla\u0107e, Iva \u0160ulenti\u0107 i Janko Popovi\u0107 Volari\u0107 prepoznali su va\u017enost  hvalevrijednog projekta Superseniori. Kampanja te\u017ei podizanju svijesti u javnosti o potrebama i pravima starijih osoba te dru\u0161tvenim i individualnim posljedicama kr\u0161enja njihovih prava.<\/p>\n","protected":false},"author":4,"featured_media":7648,"comment_status":"closed","ping_status":"open","sticky":false,"template":"","format":"standard","meta":{"footnotes":""},"categories":[9],"tags":[417,132,725],"class_list":["post-7645","post","type-post","status-publish","format-standard","has-post-thumbnail","hentry","category-vijesti","tag-drustvo","tag-starost","tag-superseniori"],"_links":{"self":[{"href":"https:\/\/www.mojevrijeme.hr\/magazin\/wp-json\/wp\/v2\/posts\/7645","targetHints":{"allow":["GET"]}}],"collection":[{"href":"https:\/\/www.mojevrijeme.hr\/magazin\/wp-json\/wp\/v2\/posts"}],"about":[{"href":"https:\/\/www.mojevrijeme.hr\/magazin\/wp-json\/wp\/v2\/types\/post"}],"author":[{"embeddable":true,"href":"https:\/\/www.mojevrijeme.hr\/magazin\/wp-json\/wp\/v2\/users\/4"}],"replies":[{"embeddable":true,"href":"https:\/\/www.mojevrijeme.hr\/magazin\/wp-json\/wp\/v2\/comments?post=7645"}],"version-history":[{"count":0,"href":"https:\/\/www.mojevrijeme.hr\/magazin\/wp-json\/wp\/v2\/posts\/7645\/revisions"}],"wp:featuredmedia":[{"embeddable":true,"href":"https:\/\/www.mojevrijeme.hr\/magazin\/wp-json\/wp\/v2\/media\/7648"}],"wp:attachment":[{"href":"https:\/\/www.mojevrijeme.hr\/magazin\/wp-json\/wp\/v2\/media?parent=7645"}],"wp:term":[{"taxonomy":"category","embeddable":true,"href":"https:\/\/www.mojevrijeme.hr\/magazin\/wp-json\/wp\/v2\/categories?post=7645"},{"taxonomy":"post_tag","embeddable":true,"href":"https:\/\/www.mojevrijeme.hr\/magazin\/wp-json\/wp\/v2\/tags?post=7645"}],"curies":[{"name":"wp","href":"https:\/\/api.w.org\/{rel}","templated":true}]}}