{"id":76452,"date":"2023-06-09T06:44:05","date_gmt":"2023-06-09T04:44:05","guid":{"rendered":"https:\/\/www.mojevrijeme.hr\/magazin\/?p=76452"},"modified":"2023-06-09T16:44:22","modified_gmt":"2023-06-09T14:44:22","slug":"umirovljenik-mario-s-krka-ovaj-mjesec-cu-prezivjeti-ako-je-ostala-koja-divlja-sparoga","status":"publish","type":"post","link":"https:\/\/www.mojevrijeme.hr\/magazin\/2023\/06\/umirovljenik-mario-s-krka-ovaj-mjesec-cu-prezivjeti-ako-je-ostala-koja-divlja-sparoga\/","title":{"rendered":"Umirovljenik Mario s Krka: Ovaj mjesec \u0107u pre\u017eivjeti ako je ostala koja divlja \u0161paroga"},"content":{"rendered":"\n<p>Razjarile su umirovljenike, otkrivaju nam, ponajvi\u0161e rastu\u0107e cijene kruha, svih mlije\u010dnih proizvoda i jaja, te osobito vo\u0107a, a na neke usluge, poput usluga pedikera, trude se \u010dak i zaboraviti. Restorane su ve\u0107 ranije prekri\u017eili, a po du\u0107anima kupuju samo ono \u0161to je na akciji.<\/p>\n\n\n\n<h3 class=\"wp-block-heading\">Mario (72), otok Krk<\/h3>\n\n\n\n<p>Najprije smo nazvali umirovljenika Marija s otoka Krka. &#8220;Pitate me jesam li se od uvo\u0111enja eura odrekao ne\u010deg? Ovaj mjesec odrekao sam se i hrane, jer mi je prestao raditi televizor. Najprije sam pozvao servis, ka\u017eu da mi ne radi <em>receiver<\/em>, to jest prijemnik, jer ima zastarjeli sustav. Ja se u to ne razumijem, pomislio sam, ako sad moram u Rijeku po novi <em>receiver<\/em>, moram nato\u010diti gorivo, potro\u0161iti pola dana i opet zvati \u010dovjeka da mi spoji. Onda se on ponudio da \u0107e mi ga prodati i namjestiti i ode meni 130 eura. Platio sam to i re\u017eije, znate koliko mi je ostalo od penzije? Toliko, da si mislim da \u0107u evo sad krenuti gore u kamenjar da vidim jel&#8217; ostala koja divlja \u0161paroga&#8221;, rekao nam je vrlo uznemirenim tonom.<\/p>\n\n\n\n<h3 class=\"wp-block-heading\">Nada (73), Gorski kotar<\/h3>\n\n\n\n<p>Nazvali smo potom gospo\u0111u Nadu u Gorski kotar. &#8220;U mjestu imamo samo jedan du\u0107an, izbor nije velik, a i nema akcija kao u gradu. Najvi\u0161e sam zgro\u017eena nad cijenom vo\u0107a, ali i cijenama bra\u0161na, jaja i svega mlije\u010dnog. Za ostalo se nekako sna\u0111emo. Primjerice, imamo svoj krumpir pa od njega pravim \u010duda &#8211; pire, njoke, knedle sa \u0161ljivama. Imamo ne\u0161to svog povr\u0107a, blitve, salate, per\u0161ina, koji luk. Ljeti je ipak lak\u0161e, ne mora se tako \u010desto u du\u0107an. No, raj\u010dica i paprika kod nas ne uspijevaju, sretni smo ako ne\u0161to dozrije do kraja ljeta, ali onda kad to kupujem uzmem samo po dva, tri komada, pa razvu\u010dem na vi\u0161e jela.&#8221;<\/p><div id=\"mojev-3247314418\" class=\"mojev-u-tekstu mojev-entity-placement\" style=\"margin-left: auto;margin-right: auto;text-align: center;\"><div class=\"mojev-adlabel\">oglas<\/div><div style=\"height: 250px;\"><script async src=\"https:\/\/pagead2.googlesyndication.com\/pagead\/js\/adsbygoogle.js?client=ca-pub-8106111766207173\"\r\n     crossorigin=\"anonymous\"><\/script>\r\n<!-- Prikazni 1 u tekstu -->\r\n<ins class=\"adsbygoogle\"\r\n     style=\"display:block\"\r\n     data-ad-client=\"ca-pub-8106111766207173\"\r\n     data-ad-slot=\"8535551207\"\r\n     data-ad-format=\"auto\"\r\n     data-full-width-responsive=\"true\"><\/ins>\r\n<script>\r\n     (adsbygoogle = window.adsbygoogle || []).push({});\r\n<\/script><\/div><\/div><br style=\"clear: both; display: block; float: none;\"\/>\n\n\n\n<p>&#8220;Dosta \u0161tedimo na mesu. Preko lokalne udruge umirovljenika svaka tri mjeseca naru\u010dim pili\u0107e, pa pla\u0107amo na tri rate. Tko dobro ne promi\u0161lja kako \u0107e prevrnuti svaki euro, a ima malu penziju kao suprug i ja, i jo\u0161 ako je samac, mislim da ne mo\u017ee zgurati mjesec&#8221;, govori gospo\u0111a Nada.<\/p>\n\n\n\n<h3 class=\"wp-block-heading\">An\u0111a (69), okolica Rijeke<\/h3>\n\n\n\n<p>Gospo\u0111a An\u0111a iz okolice Rijeke rekla nam je da se trudi \u0161to manje i\u0107i u du\u0107an i da je to jedini na\u010din da joj u nov\u010daniku ostane kakav euro. &#8220;Sre\u0107om \u017eivim na selu i sre\u0107om danas imamo \u0161krinje. Ljeti berem koprivu, masla\u010dak, su\u0161im ljekovito bilje, privredim si jo\u0161 uvijek kakav krumpir, korabu, ne\u0161to blitve, zelja, koliko mogu. \u0160to kupim, kupim na kraju sezone po par kilograma, pa zamrznem. Tako uvijek imam ne\u0161to pri ruci za variva. I suprug i ja \u017eivimo na varivima i onda to podebljam ili kakvom kobasicom i komadi\u0107em mesa, ili pala\u010dinkama, kola\u010dem ili gibanicom od jabuka. Da mi moramo svaki dan na plac ili u trgovinu, na pola mjeseca bi bili \u0161vorc&#8221;, ka\u017ee nam.<\/p>\n\n\n\n<h3 class=\"wp-block-heading\">Ivan (76), Zagreb<\/h3>\n\n\n\n<p>Gospodin Ivan iz Zagreba (76) otkrio nam je da svakog 9. u mjesecu njegova \u017eivotna dru\u017eica pi\u0161e popis svega \u0161to treba kupiti u velikoj mjese\u010dnoj nabavci &#8220;Onda ja 10. ujutro odlazim u jedan supermarket koji taj dan umirovljenicima nudi 10 posto popusta, pa kupim ve\u0107a pakiranja svega. Rijetko kad izvan toga idemo u trgovinu po ne\u0161to osim kruha, mlijeka, banana. Tih deset posto nekome ne zvu\u010di puno, ali u\u0161tedi se ne\u0161to. Da ne pazimo, ne bi na\u0161i unuci vidjeli \u010dokoladu, a ni onih 10 eura d\u017eeparca koliko im dajemo svaki mjesec. A \u010dega smo se mi odrekli otkad je eura? Pa, sigurno je da rje\u0111e idemo van na kavu, to nam se \u010dini kao luksuz. Ti euri kao da samo cure kroz prste&#8221;, ogovorio je umirovljenik Ivan.<\/p>\n\n\n\n<h3 class=\"wp-block-heading\">Zrinka (79), Karlovac<\/h3>\n\n\n\n<p>Znamo da je umirovljenicima te\u0161ko, ali u razgovoru s njima svaki put otkrijemo da je nekima te\u017ee od te\u017eeg. Primjerice, umirovljenica Zrinka otkrila nam je da je nakon Uskrsa bila bez centa, jer su k njoj na ru\u010dak iz Njema\u010dke do\u0161li k\u0107i s obitelji, a iz Zagreba sin s obitelji. &#8220;Da bih skuhala za nas jedanaestero, morala sam dobro isprazniti nov\u010danik. Ne dolaze mi \u010desto, i svega mi donesu, pa sam osje\u0107ala da ih moram do\u010dekati s punim stolom. Morala sam kupiti dosta mesa, povr\u0107e, ne\u0161to slatki\u0161a djeci. \u017divim sama, pa kad platim nu\u017eno, sebi lako isplaniram jeftine obroke za ono \u0161to mi ostane od penzije. Ali kad je ovako ne\u0161to, ja postanem nervozna jer znam da nemam. Poslije su mi djeca ostavila ne\u0161to eura, ali da nisu, ja bi taj cijeli mjesec bila na kruhu i vodi&#8221;, rekla nam je.<\/p>\n\n\n\n<h3 class=\"wp-block-heading\">Marina (75), Zagreb<\/h3>\n\n\n\n<p>&#8220;Nekad sam mogla pedikeru, vi\u0161e ne idem. Ne kupim si vi\u0161e ni vitamine, samo kupujem hranu i lijekove. Re\u017eije i posmrtnu pripomo\u0107 platim, rijetko mi ostane euro vi\u0161ka na kraju mjeseca. \u017divim sama, znam da nemam, ali sam sretna da se uop\u0107e mogu sama pokrivati, da ne ovisim o nikome&#8221;, rekla je kratko gospo\u0111a Marina.<\/p>\n\n\n\n<h3 class=\"wp-block-heading\">Dario (67), Zagreb<\/h3>\n\n\n\n<p>Gospodin Dario rekao je pak da je ljut jer je u vikendu iza nas s prijateljem bio na zagreba\u010dkim Danima piva. &#8220;Uzeli smo dva <em>craft<\/em> piva, evo, skoro deset eura smo platili. Mo\u017ee li si umirovljenik priu\u0161titi dvije runde? Ne mo\u017ee. Ne mo\u017ee jer \u0107e sutra morati u\u0161tediti na vo\u0107u i povr\u0107u. Jadno na \u0161to smo spali. Ka\u017ee mi neki dan supruga da je u du\u0107anu htjela kupiti onaj ve\u0107i sladoled, pa je odustala na kraju, ka\u017ee skupo je, a nepotrebno. Ja se bojim da \u0107e nam sve vi\u0161e toga postati &#8216;nepotrebno&#8217;, mirovine stoje, cijene idu gore, mi samo u nedogled ste\u017eemo remen&#8221;, ka\u017ee nam jo\u0161 jedan ogor\u010deni umirovljenik.<\/p>\n\n\n\n<div id=\"crveno\"><\/p>\n\n\n\n<h3 class=\"wp-block-heading\">Zanima nas va\u0161a pri\u010da<\/h3>\n\n\n\n<p>\u017delite li i vi, posve anonimno, podijeliti svoje iskustvo i vi\u0111enje ove teme s nama i na\u0161im \u010ditateljima, mo\u017eete to u\u010diniti putem web obrasca <a rel=\"noreferrer noopener\" href=\"https:\/\/www.mojevrijeme.hr\/magazin\/povjerljivo\/\" target=\"_blank\">Povjerljivo<\/a>. Napi\u0161ite svoju pri\u010du!<\/p>\n\n\n\n<p><\/div>\n<div id=\"mojev-957678794\" class=\"mojev-kraj-teksta mojev-entity-placement\" style=\"margin-bottom: 20px;margin-left: auto;margin-right: auto;text-align: center;\"><div class=\"mojev-adlabel\">oglas<\/div><div style=\"height: 250px;\"><script async src=\"https:\/\/pagead2.googlesyndication.com\/pagead\/js\/adsbygoogle.js?client=ca-pub-8106111766207173\"\r\n     crossorigin=\"anonymous\"><\/script>\r\n<!-- Display-1 -->\r\n<ins class=\"adsbygoogle\"\r\n     style=\"display:block\"\r\n     data-ad-client=\"ca-pub-8106111766207173\"\r\n     data-ad-slot=\"1465712950\"\r\n     data-ad-format=\"auto\"\r\n     data-full-width-responsive=\"true\"><\/ins>\r\n<script>\r\n     (adsbygoogle = window.adsbygoogle || []).push({});\r\n<\/script><\/div><\/div>","protected":false},"excerpt":{"rendered":"<p>\u0160esti mjesec te\u010de otkako smo uveli euro, a mnogi se umirovljenici osje\u0107aju jo\u0161 siroma\u0161nijima nego prije, kad su baratali s kunama. &#8216;Kao da mi euri cure kroz prste&#8217;, nije bio rijedak  odgovor na\u0161ih umirovljenih sugra\u0111ana kad smo ih pitali kako di\u0161u otkako je uvedena nova valuta. <\/p>\n","protected":false},"author":17,"featured_media":76806,"comment_status":"closed","ping_status":"closed","sticky":false,"template":"","format":"standard","meta":{"footnotes":""},"categories":[9],"tags":[18,236,77],"class_list":["post-76452","post","type-post","status-publish","format-standard","has-post-thumbnail","hentry","category-vijesti","tag-mirovine","tag-standard","tag-umirovljenici"],"_links":{"self":[{"href":"https:\/\/www.mojevrijeme.hr\/magazin\/wp-json\/wp\/v2\/posts\/76452","targetHints":{"allow":["GET"]}}],"collection":[{"href":"https:\/\/www.mojevrijeme.hr\/magazin\/wp-json\/wp\/v2\/posts"}],"about":[{"href":"https:\/\/www.mojevrijeme.hr\/magazin\/wp-json\/wp\/v2\/types\/post"}],"author":[{"embeddable":true,"href":"https:\/\/www.mojevrijeme.hr\/magazin\/wp-json\/wp\/v2\/users\/17"}],"replies":[{"embeddable":true,"href":"https:\/\/www.mojevrijeme.hr\/magazin\/wp-json\/wp\/v2\/comments?post=76452"}],"version-history":[{"count":0,"href":"https:\/\/www.mojevrijeme.hr\/magazin\/wp-json\/wp\/v2\/posts\/76452\/revisions"}],"wp:featuredmedia":[{"embeddable":true,"href":"https:\/\/www.mojevrijeme.hr\/magazin\/wp-json\/wp\/v2\/media\/76806"}],"wp:attachment":[{"href":"https:\/\/www.mojevrijeme.hr\/magazin\/wp-json\/wp\/v2\/media?parent=76452"}],"wp:term":[{"taxonomy":"category","embeddable":true,"href":"https:\/\/www.mojevrijeme.hr\/magazin\/wp-json\/wp\/v2\/categories?post=76452"},{"taxonomy":"post_tag","embeddable":true,"href":"https:\/\/www.mojevrijeme.hr\/magazin\/wp-json\/wp\/v2\/tags?post=76452"}],"curies":[{"name":"wp","href":"https:\/\/api.w.org\/{rel}","templated":true}]}}