{"id":76455,"date":"2023-06-06T08:52:52","date_gmt":"2023-06-06T06:52:52","guid":{"rendered":"https:\/\/www.mojevrijeme.hr\/magazin\/?p=76455"},"modified":"2023-06-06T09:03:11","modified_gmt":"2023-06-06T07:03:11","slug":"rudolf-72-u-mirovini-sam-se-odrekao-eura-kad-sve-poplacam-vise-ih-ne-vidim","status":"publish","type":"post","link":"https:\/\/www.mojevrijeme.hr\/magazin\/2023\/06\/rudolf-72-u-mirovini-sam-se-odrekao-eura-kad-sve-poplacam-vise-ih-ne-vidim\/","title":{"rendered":"Rudolf (72): U mirovini sam se odrekao eura. Kad sve popla\u0107am, vi\u0161e ih ne vidim!"},"content":{"rendered":"\n<p>Kakvi su vrsni \u017eongleri na\u0161i umirovljenici kad je u pitanju baratenje mirovinom, uvjerimo se svaki put kad ih nazovemo za \u010da\u0161icu razgovora! Ovaj put otkrili su nam da im je nov\u010danik jo\u0161 prazniji otkad je uveden euro, da je onima na selu sve dragocjenjija njiva, da opet peku kruh. Drago nam je bilo \u010duti i da su neki prestali piti i pu\u0161iti jer to financijski ne bi mogli podnijeti. <\/p>\n\n\n\n<h3 class=\"wp-block-heading\">Darinka (75), Zagreb<\/h3>\n\n\n\n<p>&#8220;Ne samo da zaobilazim pojedine artikle, nego sad zaobilazim i neke du\u0107ane, poput ovih poznatijih drogerijskih lanaca. Zna\u010di, nekad sam si tu kupovala kreme za stopala, pra\u0161ak za rublje, sapune. Sada to zaobilazim, kupim u du\u0107anima gdje su ve\u0107e akcije. Gledam neki dan ovaj teku\u0107i gel za rublje, tri litre 12 eura. Ja si to ne mogu priu\u0161titi. Sada uzmem jedan pra\u0161ak i to imam za sve, i crno i bijelo i \u0161areno rublje. Pa neke su stvari nama penzionerima stvarno luksuz. Evo, i omek\u0161iva\u010d si razrijedim s octom, jo\u0161 je i bolji&#8221;, savjetovala nas je gospo\u0111a Darinka.<\/p>\n\n\n\n<h3 class=\"wp-block-heading\">Mirna i \u017deljko, Zagreb<\/h3>\n\n\n\n<p>Umirovljenici, bra\u010dni par iz Zagreba Mirna i \u017deljko, rekli su nam da imaju minimalne mirovine i vi\u0161e si ne mogu priu\u0161titi stan od 87 kvadrata u centru. &#8220;Da sin ne pla\u0107a re\u017eije, a mi samo hranu, morali bi prodati stan i i\u0107i u neki manji. Zimi bi nam samo grijanje pojelo jednu penziju, gdje su ostale re\u017eije, bez da nam se ne\u0161to pokvari po stanu. Ja svaki dan kuham pa onda i raspore\u0111ujem na\u0161e penzije, uglavnom sve ode na hranu. Rijetko si priu\u0161timo odlazak u kazali\u0161te ili u grad na kavu i kola\u010de, ali kad idemo, to nam je kao sve\u010dani dan. No, ne \u017ealim se, \u010dujem od drugih da im je i gore&#8221;, rekli su nam.<\/p><div id=\"mojev-231297976\" class=\"mojev-u-tekstu mojev-entity-placement\" style=\"margin-left: auto;margin-right: auto;text-align: center;\"><div class=\"mojev-adlabel\">oglas<\/div><div style=\"height: 250px;\"><script async src=\"https:\/\/pagead2.googlesyndication.com\/pagead\/js\/adsbygoogle.js?client=ca-pub-8106111766207173\"\r\n     crossorigin=\"anonymous\"><\/script>\r\n<!-- Prikazni 1 u tekstu -->\r\n<ins class=\"adsbygoogle\"\r\n     style=\"display:block\"\r\n     data-ad-client=\"ca-pub-8106111766207173\"\r\n     data-ad-slot=\"8535551207\"\r\n     data-ad-format=\"auto\"\r\n     data-full-width-responsive=\"true\"><\/ins>\r\n<script>\r\n     (adsbygoogle = window.adsbygoogle || []).push({});\r\n<\/script><\/div><\/div><br style=\"clear: both; display: block; float: none;\"\/>\n\n\n\n<h3 class=\"wp-block-heading\">Janja (78), Zabok<\/h3>\n\n\n\n<p>Gospo\u0111a Janja iz Zagorja potom nam je rekla da je u posljednje vrijeme postala jo\u0161 kreativnija u smi\u0161ljanju menija za sebe i supruga. Za \u017eivota je bila doma\u0107ica pa kako ka\u017ee, raste\u017ee mu\u017eevu penziju. &#8220;Bra\u0161no je skupo, ali ga kupim na vre\u0107e, pa \u010duvam na hladnom. Pe\u010dem kruh, radim rezance, tjesteninu, godinama to nisam radila. Ba\u0161 sam pri\u010dala sa susjedom, vratit \u0107emo se svi navikama na\u0161ih predaka, nu\u017eda \u0107e nas natjerati, umirovljenike ve\u0107 je. Mi imamo vremena, uz poja\u010dan trud mo\u017eemo si slo\u017eiti neki pristojan jelovnik, barem mi koji \u017eivimo na selu na selu. Ali treba raditi, ni\u0161ta ne pada s neba. Molim se da me zdravlje poslu\u017ei da si mogu i ne\u0161to malo posaditi, ne znam kako pre\u017eive penzioneri koji moraju po svaku sitnicu u trgovinu. Mi ne bi izvukli mjesec&#8221;, ka\u017ee gospo\u0111a Janja.<\/p>\n\n\n\n<h3 class=\"wp-block-heading\">Ivan (80), Osijek<\/h3>\n\n\n\n<p>&#8220;Ja sam nekad pu\u0161io i dok su mi prijatelji bili \u017eivi, volio sam i\u0107i po birtijama. I sad kad \u010dujem tambura\u0161e, poletio bi. Ali sad i da ho\u0107u i da me zdravlje jo\u0161 malo slu\u017ei, ne mogu si to priu\u0161titi. Ispalo je to \u0161to nemam novaca u penziji jo\u0161 i dobro za mene, ka\u017eem vam&#8221;, iskren je gospodin Ivan. <\/p>\n\n\n\n<h3 class=\"wp-block-heading\">Nena (76), Sesvete<\/h3>\n\n\n\n<p>&#8220;Kruh moram kupiti, uzmem neki jeftiniji, polubijeli koji mi onda potraje nekoliko dana. Peciva vi\u0161e uop\u0107e ne uzimam. Meso jedem samo nedjeljom, rijetko kad u tjednu, radije si kupim malo srdela. A i ne treba nam meso svaki dan, nisam ga \u017eeljna. Kuham si variva, stavljam u njih vi\u0161e toga prema tome \u010dega ve\u0107 imam u fri\u017eideru, a grah i punjene paprike uvijek radim za dva dana. Maslac, sir, jogurte, sve uzimam na akciji. Sama sam pa mi ne treba puno, ali sam sigurna da je puno te\u017ee izgurati mjesec s jednom penzijom, previ\u0161e ode na re\u017eije. Gdje ih je dvoje, tu se ve\u0107 mo\u017ee malo opustiti&#8221;, rekla je gospo\u0111a Nena.<\/p>\n\n\n\n<h3 class=\"wp-block-heading\">Rudolf (72), Delnice<\/h3>\n\n\n\n<p>Iako se ina\u010de voli \u0161aliti, sasvim ozbiljno shvatili smo i gospodina Rudolfa, koji nije dvojio \u0161to bi rekao o stezanju remena s penzijom u eurima. &#8220;\u010cega sam se odrekao? Odrekao sam se eura, jer kad do\u0111e penzija i kad sve popla\u0107am i kupim osnovno, ja ih vi\u0161e uop\u0107e ne vidim.&#8221;<\/p>\n\n\n\n<div id=\"crveno\"><\/p>\n\n\n\n<h3 class=\"wp-block-heading\">Zanima nas va\u0161a pri\u010da<\/h3>\n\n\n\n<p>\u017delite li i vi, posve anonimno, podijeliti svoje iskustvo i vi\u0111enje ove teme s nama i na\u0161im \u010ditateljima, mo\u017eete to u\u010diniti putem web obrasca <a rel=\"noreferrer noopener\" href=\"https:\/\/www.mojevrijeme.hr\/magazin\/povjerljivo\/\" target=\"_blank\">Povjerljivo<\/a>. Napi\u0161ite svoju pri\u010du!<\/p>\n\n\n\n<p><\/div>\n<div id=\"mojev-2529092898\" class=\"mojev-kraj-teksta mojev-entity-placement\" style=\"margin-bottom: 20px;margin-left: auto;margin-right: auto;text-align: center;\"><div class=\"mojev-adlabel\">oglas<\/div><div style=\"height: 250px;\"><script async src=\"https:\/\/pagead2.googlesyndication.com\/pagead\/js\/adsbygoogle.js?client=ca-pub-8106111766207173\"\r\n     crossorigin=\"anonymous\"><\/script>\r\n<!-- Display-1 -->\r\n<ins class=\"adsbygoogle\"\r\n     style=\"display:block\"\r\n     data-ad-client=\"ca-pub-8106111766207173\"\r\n     data-ad-slot=\"1465712950\"\r\n     data-ad-format=\"auto\"\r\n     data-full-width-responsive=\"true\"><\/ins>\r\n<script>\r\n     (adsbygoogle = window.adsbygoogle || []).push({});\r\n<\/script><\/div><\/div>","protected":false},"excerpt":{"rendered":"<p>Na\u0161i \u010ditatelji u mirovini rado nam se otvaraju kad ih pitamo kako uspijevaju \u017eivjeti s penzijom, i sami se to, ka\u017eu, sve \u010de\u0161\u0107e pitaju. K tome, puni su i dobrih savjeta kako s malim mirovinama izgurati mjesec.<\/p>\n","protected":false},"author":17,"featured_media":76541,"comment_status":"closed","ping_status":"closed","sticky":false,"template":"","format":"standard","meta":{"footnotes":""},"categories":[9],"tags":[236,77],"class_list":["post-76455","post","type-post","status-publish","format-standard","has-post-thumbnail","hentry","category-vijesti","tag-standard","tag-umirovljenici"],"_links":{"self":[{"href":"https:\/\/www.mojevrijeme.hr\/magazin\/wp-json\/wp\/v2\/posts\/76455","targetHints":{"allow":["GET"]}}],"collection":[{"href":"https:\/\/www.mojevrijeme.hr\/magazin\/wp-json\/wp\/v2\/posts"}],"about":[{"href":"https:\/\/www.mojevrijeme.hr\/magazin\/wp-json\/wp\/v2\/types\/post"}],"author":[{"embeddable":true,"href":"https:\/\/www.mojevrijeme.hr\/magazin\/wp-json\/wp\/v2\/users\/17"}],"replies":[{"embeddable":true,"href":"https:\/\/www.mojevrijeme.hr\/magazin\/wp-json\/wp\/v2\/comments?post=76455"}],"version-history":[{"count":0,"href":"https:\/\/www.mojevrijeme.hr\/magazin\/wp-json\/wp\/v2\/posts\/76455\/revisions"}],"wp:featuredmedia":[{"embeddable":true,"href":"https:\/\/www.mojevrijeme.hr\/magazin\/wp-json\/wp\/v2\/media\/76541"}],"wp:attachment":[{"href":"https:\/\/www.mojevrijeme.hr\/magazin\/wp-json\/wp\/v2\/media?parent=76455"}],"wp:term":[{"taxonomy":"category","embeddable":true,"href":"https:\/\/www.mojevrijeme.hr\/magazin\/wp-json\/wp\/v2\/categories?post=76455"},{"taxonomy":"post_tag","embeddable":true,"href":"https:\/\/www.mojevrijeme.hr\/magazin\/wp-json\/wp\/v2\/tags?post=76455"}],"curies":[{"name":"wp","href":"https:\/\/api.w.org\/{rel}","templated":true}]}}