{"id":76500,"date":"2023-06-05T21:27:28","date_gmt":"2023-06-05T19:27:28","guid":{"rendered":"https:\/\/www.mojevrijeme.hr\/magazin\/?p=76500"},"modified":"2023-06-05T21:27:56","modified_gmt":"2023-06-05T19:27:56","slug":"slavenka-drakulic-o-marthi-stewart-moramo-li-i-u-starosti-biti-vrednovane-prema-izgledu","status":"publish","type":"post","link":"https:\/\/www.mojevrijeme.hr\/magazin\/2023\/06\/slavenka-drakulic-o-marthi-stewart-moramo-li-i-u-starosti-biti-vrednovane-prema-izgledu\/","title":{"rendered":"Slavenka Drakuli\u0107 o Marthi Stewart: Moramo li i u starosti biti vrednovane prema izgledu?"},"content":{"rendered":"\n<p>Hrvatska knji\u017eevnica, publicistkinja i feministkinja <strong>Slavenka Drakuli\u0107<\/strong> osvrnula se na nedavnu naslovnicu magazina <em>Sports Illustrated Swimsuit<\/em> na kojoj je zasjala ameri\u010dka poduzetnica <strong>Martha Stewart<\/strong> (81) koju mediji nazivaju i &#8220;divom-doma\u0107icom&#8221;. Dakako, u kupa\u0107em kostimu. <\/p>\n\n\n\n<p>Naime, Stewart je jedna u nizu zrelih \u017eena koje se pojavila na naslovnici ovog izdanja pri \u010demu izdava\u010d tvrdi da mu namjera istaknuti da \u017eene u ozbiljnim godinama mogu izgledati \u2013 zanosno. Naravno, ne treba zaboraviti ni publicitet ni prodaju u slu\u010dajevima naslovnica koje mnogi smatraju kontroverznima. <\/p>\n\n\n\n<p>S druge strane, Drakuli\u0107 je na dru\u0161tvenim mre\u017eama ponudila drugu perspektivu iz koje se mo\u017ee i\u0161\u010ditati da naslovnice o kojima svi govore, zapravo i nisu osna\u017euju\u0107i za zrele \u017eene te da im name\u0107u teret koji ne bi trebale nositi.<\/p><div id=\"mojev-2908537449\" class=\"mojev-u-tekstu mojev-entity-placement\" style=\"margin-left: auto;margin-right: auto;text-align: center;\"><div class=\"mojev-adlabel\">oglas<\/div><div style=\"height: 250px;\"><script async src=\"https:\/\/pagead2.googlesyndication.com\/pagead\/js\/adsbygoogle.js?client=ca-pub-8106111766207173\"\r\n     crossorigin=\"anonymous\"><\/script>\r\n<!-- Prikazni 1 u tekstu -->\r\n<ins class=\"adsbygoogle\"\r\n     style=\"display:block\"\r\n     data-ad-client=\"ca-pub-8106111766207173\"\r\n     data-ad-slot=\"8535551207\"\r\n     data-ad-format=\"auto\"\r\n     data-full-width-responsive=\"true\"><\/ins>\r\n<script>\r\n     (adsbygoogle = window.adsbygoogle || []).push({});\r\n<\/script><\/div><\/div><br style=\"clear: both; display: block; float: none;\"\/>\n\n\n\n<p>&#8220;Danas u Jutarnjem listu kolumna o goli\u0161avim bakama &#8211; Martha Stewart skinula se u svojoj 81. godini za naslovnicu magazina <em>Sports Illustrated<\/em>. Za\u0161to je to va\u017eno? Jer se nije skinula kao anonimna \u017eena, nego poznata osoba koja svojim pona\u0161anjem nudi model za druge \u017eene&#8221;, napisala je Drakuli\u0107.<\/p>\n\n\n\n<p>&#8220;Zato je logi\u010dno zapitati se je li to ne\u0161to \u0161to treba slaviti, je li to feministi\u010dki \u010din? Ako je ona u tome u\u017eivala i na tome ne\u0161to zaradila, za\u0161to ne? A onda opet, treba li nam jo\u0161 jedan dokaz da i starice mogu izgledati seksi? Zna\u010di li to da nemamo nikakvu \u0161ansu biti vrednovane zbog onoga \u0161to jesmo, nego uvijek zbog onoga kako izgledamo &#8211; pa \u010dak i u starosti?\u201c upitala je knji\u017eevnica.<\/p>\n\n\n\n<p>Za Marthu je, ako je suditi prema njenim izjavama, prvenstveno rije\u010d o dobroj zabavi. &#8220;Kada sam \u010dula da \u0107u biti na naslovnici \u010dasopisa <em>Sports Illustrated Swimsuit<\/em>, pomislila sam da je to sjajno pa bit \u0107u najstarija osoba ikada na naslovnici&#8221;, rekla je i dodala: &#8220;Ne razmi\u0161ljam puno o godinama, ali mislim da je ovo na neki na\u010din povijesni trenutak.&#8221;<\/p>\n\n\n\n<p>Podsjetimo, Martha je legendarno lice s malih ekrana. 1990-ih osnovala <em>Martha Stewart Living Omnimedia<\/em> i postala sinonim za kuhanje, zabavu i doma\u0107instvo. Izdala je brojne kuharice, lansirala linije posu\u0111a, \u010dasopise, ru\u010dnike i druge predmete, a vodila je i brojne TV emisija. Me\u0111utim, 2004. je bila je osu\u0111ena zbog laganja vlastima o prodaji dionica. U zatvoru je odslu\u017eila pet mjeseci, a nakon izlaska iz zatvora neumorno radi na tome da povrati dobar imid\u017e.<\/p>\n<div id=\"mojev-3406578488\" class=\"mojev-kraj-teksta mojev-entity-placement\" style=\"margin-bottom: 20px;margin-left: auto;margin-right: auto;text-align: center;\"><div class=\"mojev-adlabel\">oglas<\/div><div style=\"height: 250px;\"><script async src=\"https:\/\/pagead2.googlesyndication.com\/pagead\/js\/adsbygoogle.js?client=ca-pub-8106111766207173\"\r\n     crossorigin=\"anonymous\"><\/script>\r\n<!-- Display-1 -->\r\n<ins class=\"adsbygoogle\"\r\n     style=\"display:block\"\r\n     data-ad-client=\"ca-pub-8106111766207173\"\r\n     data-ad-slot=\"1465712950\"\r\n     data-ad-format=\"auto\"\r\n     data-full-width-responsive=\"true\"><\/ins>\r\n<script>\r\n     (adsbygoogle = window.adsbygoogle || []).push({});\r\n<\/script><\/div><\/div>","protected":false},"excerpt":{"rendered":"<p>Dok izdava\u010d Sports Illustrateda ka\u017ee da \u017eeli osna\u017eiti zrele \u017eene, Drakuli\u0107 tvrdi da takve naslovnice ne osna\u017euju, ve\u0107 name\u0107u teret \u017eenama. Stewart pak izjavljuje da je to za nju dobra zabava i povijesni trenutak.<\/p>\n","protected":false},"author":1,"featured_media":76505,"comment_status":"closed","ping_status":"closed","sticky":false,"template":"","format":"standard","meta":{"footnotes":""},"categories":[2],"tags":[285,3509,1272],"class_list":["post-76500","post","type-post","status-publish","format-standard","has-post-thumbnail","hentry","category-mozaik","tag-feminizam","tag-martha-stewart","tag-slavenka-drakulic"],"_links":{"self":[{"href":"https:\/\/www.mojevrijeme.hr\/magazin\/wp-json\/wp\/v2\/posts\/76500","targetHints":{"allow":["GET"]}}],"collection":[{"href":"https:\/\/www.mojevrijeme.hr\/magazin\/wp-json\/wp\/v2\/posts"}],"about":[{"href":"https:\/\/www.mojevrijeme.hr\/magazin\/wp-json\/wp\/v2\/types\/post"}],"author":[{"embeddable":true,"href":"https:\/\/www.mojevrijeme.hr\/magazin\/wp-json\/wp\/v2\/users\/1"}],"replies":[{"embeddable":true,"href":"https:\/\/www.mojevrijeme.hr\/magazin\/wp-json\/wp\/v2\/comments?post=76500"}],"version-history":[{"count":0,"href":"https:\/\/www.mojevrijeme.hr\/magazin\/wp-json\/wp\/v2\/posts\/76500\/revisions"}],"wp:featuredmedia":[{"embeddable":true,"href":"https:\/\/www.mojevrijeme.hr\/magazin\/wp-json\/wp\/v2\/media\/76505"}],"wp:attachment":[{"href":"https:\/\/www.mojevrijeme.hr\/magazin\/wp-json\/wp\/v2\/media?parent=76500"}],"wp:term":[{"taxonomy":"category","embeddable":true,"href":"https:\/\/www.mojevrijeme.hr\/magazin\/wp-json\/wp\/v2\/categories?post=76500"},{"taxonomy":"post_tag","embeddable":true,"href":"https:\/\/www.mojevrijeme.hr\/magazin\/wp-json\/wp\/v2\/tags?post=76500"}],"curies":[{"name":"wp","href":"https:\/\/api.w.org\/{rel}","templated":true}]}}