{"id":76589,"date":"2023-06-06T18:18:05","date_gmt":"2023-06-06T16:18:05","guid":{"rendered":"https:\/\/www.mojevrijeme.hr\/magazin\/?p=76589"},"modified":"2023-06-06T18:18:33","modified_gmt":"2023-06-06T16:18:33","slug":"vece-i-do-70-eura-njemacke-invalidske-mirovine-rastu-iduce-godine","status":"publish","type":"post","link":"https:\/\/www.mojevrijeme.hr\/magazin\/2023\/06\/vece-i-do-70-eura-njemacke-invalidske-mirovine-rastu-iduce-godine\/","title":{"rendered":"Ve\u0107e i do 70 eura! Njema\u010dke invalidske mirovine rastu idu\u0107e godine"},"content":{"rendered":"\n<p>Od 1. srpnja 2024. godine \u0107e do\u0107i do pobolj\u0161anja za milijune umirovljenika u Njema\u010dkoj. Naime, mirovine bi tada trebala porasti za 7,5, odnosno za 4,5 posto.<\/p>\n\n\n\n<p>U Njema\u010dkoj su oni koji primaju invalidsku mirovinu izlo\u017eeni ve\u0107em riziku od siroma\u0161tva od ostatka stanovni\u0161tva, jer su te mirovine \u010desto u prosjeku ni\u017ee od prosje\u010dne zakonom propisane mirovine koju umirovljenici primaju nakon du\u017eeg radnog sta\u017ea, javlja <a href=\"https:\/\/fenix-magazin.de\/njemacka-mirovine-ce-uskoro-porasti-u-prosjeku-za-70-eura-ali-samo-za-odredenu-skupinu\/\" target=\"_blank\" rel=\"noreferrer noopener\">Fenix magazin<\/a>.<\/p>\n\n\n\n<p>Iz tog je razloga Bundestag donio &#8220;Zakon o uskla\u0111ivanju mirovina i pobolj\u0161anju naknada za invalidske mirovine&#8221;. Time se namjerava pobolj\u0161ati situacija za vi\u0161e od milijun ljudi sa smanjenom sposobno\u0161\u0107u zara\u0111ivanja koji su svoju prvu prijevremenu mirovinu primili prije 2019. godine. Pove\u0107anja ovih mirovina \u0107e po\u010deti 1. srpnja 2024. godine. <\/p><div id=\"mojev-812544854\" class=\"mojev-u-tekstu mojev-entity-placement\" style=\"margin-left: auto;margin-right: auto;text-align: center;\"><div class=\"mojev-adlabel\">oglas<\/div><div style=\"height: 250px;\"><script async src=\"https:\/\/pagead2.googlesyndication.com\/pagead\/js\/adsbygoogle.js?client=ca-pub-8106111766207173\"\r\n     crossorigin=\"anonymous\"><\/script>\r\n<!-- Prikazni 1 u tekstu -->\r\n<ins class=\"adsbygoogle\"\r\n     style=\"display:block\"\r\n     data-ad-client=\"ca-pub-8106111766207173\"\r\n     data-ad-slot=\"8535551207\"\r\n     data-ad-format=\"auto\"\r\n     data-full-width-responsive=\"true\"><\/ins>\r\n<script>\r\n     (adsbygoogle = window.adsbygoogle || []).push({});\r\n<\/script><\/div><\/div><br style=\"clear: both; display: block; float: none;\"\/>\n\n\n\n<p>Onima koji su invalidsku mirovinu po\u010deli primati od 2001. do 2014. godine dodatak na mirovinu tada iznosi 7,5 posto. Prema trenuta\u010dnim informacijama Njema\u010dkog mirovinskog osiguranja, to iznosi prosje\u010dno oko 70 eura vi\u0161e mirovine mjese\u010dno. Osobe koje su primale invalidsku mirovinu od srpnja 2014. do prosinca 2018. primaju dodatak od 4,5 posto, \u0161to je u prosjeku 40 eura vi\u0161e.<\/p>\n\n\n\n<h3 class=\"wp-block-heading\">Pove\u0107ana invalidnina za tri milijuna mirovina<\/h3>\n\n\n\n<p>\u201cStoga se mo\u017ee pretpostaviti kako \u0107e u budu\u0107nosti manje umirovljenika nego prije biti ovisno o naknadi pod nazivom osnovna sigurnost\u201d, citiraju mediji stru\u010dnjake za mirovine iz Njema\u010dkog mirovinskog osiguranja (DRV). Osim toga, studija Njema\u010dkog instituta za ekonomska istra\u017eivanja u Berlinu sugerira kako bi pove\u0107anje invalidske mirovine moglo smanjiti broj ljudi u riziku od siroma\u0161tva za dva postotna boda od srpnja 2024. godine.<\/p>\n<div id=\"mojev-2956395715\" class=\"mojev-kraj-teksta mojev-entity-placement\" style=\"margin-bottom: 20px;margin-left: auto;margin-right: auto;text-align: center;\"><div class=\"mojev-adlabel\">oglas<\/div><div style=\"height: 250px;\"><script async src=\"https:\/\/pagead2.googlesyndication.com\/pagead\/js\/adsbygoogle.js?client=ca-pub-8106111766207173\"\r\n     crossorigin=\"anonymous\"><\/script>\r\n<!-- Display-1 -->\r\n<ins class=\"adsbygoogle\"\r\n     style=\"display:block\"\r\n     data-ad-client=\"ca-pub-8106111766207173\"\r\n     data-ad-slot=\"1465712950\"\r\n     data-ad-format=\"auto\"\r\n     data-full-width-responsive=\"true\"><\/ins>\r\n<script>\r\n     (adsbygoogle = window.adsbygoogle || []).push({});\r\n<\/script><\/div><\/div>","protected":false},"excerpt":{"rendered":"<p>Prema informacijama Vlade, od rasta invalidskih mirovina bi trebalo imati koristi oko tri milijuna umirovljenika.<\/p>\n","protected":false},"author":1,"featured_media":55682,"comment_status":"closed","ping_status":"closed","sticky":false,"template":"","format":"standard","meta":{"footnotes":""},"categories":[9],"tags":[1805,18,127],"class_list":["post-76589","post","type-post","status-publish","format-standard","has-post-thumbnail","hentry","category-vijesti","tag-invalidska-mirovina","tag-mirovine","tag-njemacka"],"_links":{"self":[{"href":"https:\/\/www.mojevrijeme.hr\/magazin\/wp-json\/wp\/v2\/posts\/76589","targetHints":{"allow":["GET"]}}],"collection":[{"href":"https:\/\/www.mojevrijeme.hr\/magazin\/wp-json\/wp\/v2\/posts"}],"about":[{"href":"https:\/\/www.mojevrijeme.hr\/magazin\/wp-json\/wp\/v2\/types\/post"}],"author":[{"embeddable":true,"href":"https:\/\/www.mojevrijeme.hr\/magazin\/wp-json\/wp\/v2\/users\/1"}],"replies":[{"embeddable":true,"href":"https:\/\/www.mojevrijeme.hr\/magazin\/wp-json\/wp\/v2\/comments?post=76589"}],"version-history":[{"count":0,"href":"https:\/\/www.mojevrijeme.hr\/magazin\/wp-json\/wp\/v2\/posts\/76589\/revisions"}],"wp:featuredmedia":[{"embeddable":true,"href":"https:\/\/www.mojevrijeme.hr\/magazin\/wp-json\/wp\/v2\/media\/55682"}],"wp:attachment":[{"href":"https:\/\/www.mojevrijeme.hr\/magazin\/wp-json\/wp\/v2\/media?parent=76589"}],"wp:term":[{"taxonomy":"category","embeddable":true,"href":"https:\/\/www.mojevrijeme.hr\/magazin\/wp-json\/wp\/v2\/categories?post=76589"},{"taxonomy":"post_tag","embeddable":true,"href":"https:\/\/www.mojevrijeme.hr\/magazin\/wp-json\/wp\/v2\/tags?post=76589"}],"curies":[{"name":"wp","href":"https:\/\/api.w.org\/{rel}","templated":true}]}}