{"id":76627,"date":"2023-06-08T08:52:03","date_gmt":"2023-06-08T06:52:03","guid":{"rendered":"https:\/\/www.mojevrijeme.hr\/magazin\/?p=76627"},"modified":"2023-06-08T09:09:20","modified_gmt":"2023-06-08T07:09:20","slug":"helena-nakon-bankrota-pregrizla-sam-jezik-i-vratila-se-pod-svekrvin-krov","status":"publish","type":"post","link":"https:\/\/www.mojevrijeme.hr\/magazin\/2023\/06\/helena-nakon-bankrota-pregrizla-sam-jezik-i-vratila-se-pod-svekrvin-krov\/","title":{"rendered":"Helena: &#8216;Nakon bankrota pregrizla sam jezik i vratila se pod svekrvin krov&#8217;"},"content":{"rendered":"\n<p>Kad se udala, Helena je, pri\u010da nam, ba\u0161 bila dobila posao u jednom malom kvartovskom du\u0107anu. I suprug je trgovac, upoznali su se u srednjoj \u0161koli. S malim primanjima, kredit za stan, zaklju\u010dili su, nije dolazio u obzir, a kako svekrva i svekar imaju ku\u0107u, pristala je \u017eivjeti s njima.<\/p>\n\n\n\n<h3 class=\"wp-block-heading\">Problemi sa svekrvom<\/h3>\n\n\n\n<p>&#8220;Svekrva je bila narednica u toj ku\u0107i. Svekar je dobar \u010dovjek, ali se potpuno podredio supruzi, a ona, kako je delegirala njemu, tako je delegirala i sinu, da bi se potom namjerila i na mene.&nbsp;Krenulo je sa &#8216;di\u017eemo se u pola sedam i pijemo kavu&#8217; preko &#8216;danas je je\u010dmena ka\u0161a za ru\u010dak&#8217; do &#8216;nave\u010der \u0107emo plijeviti cvjetnjak&#8217;. Zna\u010di,&nbsp;\u0161efica bez imalo spremnosti na kompromis.<\/p>\n\n\n\n<p>U tjednu i subotom je, ka\u017ee, bje\u017eala od nje na posao, a nedjelje su bile pravo mu\u010denje. &#8220;U po\u010detku, dok si jo\u0161 nismo kupili kuhinju, a to je trajalo oko godinu dana, dovodila me do ludila. Ta \u017eena je bila toliko naporna, da nas je izlu\u0111ivala. Stalno pitanja poput: &#8216;A kaj se ne bu\u0161 danas iz pid\u017eame presvukla? A kaj nisi odmah to tijesto procijedila? A zakaj si tam \u0161erflju metnula da se sve cijedi iz nje? A kaj mu nisi speglala ko\u0161ulju, pogledaj kakav ti hoda okolo! No, kak tak malo \u0161e\u0107era sipa\u0161, metni vi\u0161e.&#8217; Tako cijele dane, pa u krug&#8221;, govori nam. &nbsp;<\/p><div id=\"mojev-3799222948\" class=\"mojev-u-tekstu mojev-entity-placement\" style=\"margin-left: auto;margin-right: auto;text-align: center;\"><div class=\"mojev-adlabel\">oglas<\/div><div style=\"height: 250px;\"><script async src=\"https:\/\/pagead2.googlesyndication.com\/pagead\/js\/adsbygoogle.js?client=ca-pub-8106111766207173\"\r\n     crossorigin=\"anonymous\"><\/script>\r\n<!-- Prikazni 1 u tekstu -->\r\n<ins class=\"adsbygoogle\"\r\n     style=\"display:block\"\r\n     data-ad-client=\"ca-pub-8106111766207173\"\r\n     data-ad-slot=\"8535551207\"\r\n     data-ad-format=\"auto\"\r\n     data-full-width-responsive=\"true\"><\/ins>\r\n<script>\r\n     (adsbygoogle = window.adsbygoogle || []).push({});\r\n<\/script><\/div><\/div><br style=\"clear: both; display: block; float: none;\"\/>\n\n\n\n<p>Dovodila ju je do toga da je jednom svom snagom bacila tanjur u pod, ravno pred nju. Htjela ga je baciti u nju, ali se nekako suzdr\u017eala. Takvih je epizoda, ako ne fizi\u010dki onda barem u njenoj glavi, bilo previ\u0161e.<\/p>\n\n\n\n<p>&#8220;Ona je potpuna friku\u0161a, ja ne znam kako joj je palo na pamet da \u0107u ja slijediti njene rasporede. Na stranu to \u0161to ne volim je\u010dmenu ka\u0161u, to je samo jedan primjer. Ma iznervirala me tako svaki dan sa sto ideja i prijedloga, da ne ka\u017eem naredbii u ultimatuma&#8221;, doznajemo.<\/p>\n\n\n\n<h3 class=\"wp-block-heading\">\u0160utjeti ili sve re\u0107i?<\/h3>\n\n\n\n<p>\u010covjek ne zna je li gore to \u0161to \u0161uti i trpi, kipi u sebi i nezadovoljan je, ili bi trebalo sve re\u0107i i zauzeti se za sebe. No, ponekad se osje\u0107amo u \u0161ah-mat poziciji, \u0161to je bio slu\u010daj gospo\u0111e Helene \u2013 ipak je ona ta koja je do\u0161la \u017eivjeti u svekrvinu ku\u0107u.<\/p>\n\n\n\n<p>&#8220;Ja sam se dugo trudila praviti se blesava, napravila bi po njenom i mislila si svoje. Bilo je dana kad se nisam mogla svladati pa bih jo\u0161 ne\u0161to odbrusila povi\u0161enim tonom, a onda se gospo\u0111a durila danima. I to je bilo mu\u010dno&#8221;, povjerila nam se.<\/p>\n\n\n\n<p>Suprug, ka\u017ee, nije vidio problem, njemu je to bilo normalno stanje jer je navikao da majka dr\u017ei sve konce u rukama. &#8220;Nije mu bilo jasno kako mi ta \u017eena mo\u017ee i\u0107i toliko na \u017eivce, ve\u0107 sam pomi\u0161ljala da odemo ili nas dvoje zajedno, ili \u0107u sama. Ali, ostala sam trudna i krenuli smo ubrzano ure\u0111ivati kat, vjerovala sam da \u0107u u svojoj kuhinji imati mir i da \u0107e ona prestati s tim kontroliranjem i dosa\u0111ivanjem&#8221;, govori.<\/p>\n\n\n\n\n\n<p><\/p>\n\n\n\n<p>Bilo je bolje kad su se barem povukli na svoj kat, ali se s vremenom pogor\u0161avalo da bi eskaliralo kad je drugo dijete para imalo dvije godine. &#8220;Nije ona mogla da ne pametuje. Djeca ska\u010du po vrtu, dogodi se da polome cvije\u0107e, ona drami. Mi prolazimo, zaprlja se hodnik, stube, drami. Ne\u0161to mi zagori, opet cijela drama. Nismo imali za more, pa sam djeci stavila bazen\u010di\u0107 u vrt, zna\u010di nije bilo dana da nisam slu\u0161ala njezine monologe oko toga. Te tro\u0161imo vodu, te radimo blato, te ovo te ono&#8221;, prepri\u010dava nam.<\/p>\n\n\n\n<h3 class=\"wp-block-heading\">Bijeg od svekrve \u2013 i povratak svekrvi<\/h3>\n\n\n\n<p>Nije, ka\u017ee, bilo pomo\u0107i, iznajmili su stan, suprugu je rekla: &#8220;Ili idemo svi, ili idem sama s djecom pa \u0107emo se poslije natezati oko skrbni\u0161tva. Ali ja tu vi\u0161e ni dana ne ostajem.&#8221;<\/p>\n\n\n\n<p>On je pristao i\u0107i s njom. &#8220;Iznajmili smo stan, jedna pla\u0107a i\u0161la je na stanarinu i re\u017eije, druga je bila dostatna za prehraniti se. No, djeca rastu, izdaci rastu. U jednom trenutku pokvario nam se auto. Starijoj k\u0107eri treba platiti trodnevni izlet sa \u0161kolom. Do\u0161ao obra\u010dun za plinsko grijanje. Mi smo oboje odjednom u\u0161li u minus. Vidjeli smo da \u0107emo za dva mjeseca toliko upasti u financijske probleme, da se vi\u0161e ne\u0107emo mo\u0107i izvu\u0107i. \u0160to je uslijedilo? Razum nam je govorio da se vratimo u ku\u0107u, svekrvi i svekru. Te\u0161ko sam to podnijela, ali nije bilo druge. Samo, u tih nekoliko godina kao da sam i ja malo sazrjela. Bila sam joj gotovo zahvalna \u0161to nas je primila natrag, jer, ruku na srce, osim formalno, godinama nismo pri\u010dale&#8221;, iskrena je gospo\u0111a Helena.<\/p>\n\n\n\n<p>Kako ka\u017ee, jo\u0161 je u toj ku\u0107i. Svekrva se bli\u017ei osamdesetoj, svekar nije najboljeg zdravlja pa se ona vi\u0161e bavi s njim, nego s njima. Gotovo ih je rastavila, a evo, ipak su ostali svi na okupu. &#8220;Desetlje\u0107e i pol je trebalo pro\u0107i da svatko uvidi da je mogu\u0107e do\u0107i na zelenu granu&#8221;, zaklju\u010dila je na\u0161 razgovor gospo\u0111a Helena.<\/p>\n\n\n\n<div id=\"crveno\"><\/p>\n\n\n\n<h3 class=\"wp-block-heading\">Zanima nas va\u0161a pri\u010da<\/h3>\n\n\n\n<p>\u017delite li i vi, posve anonimno, podijeliti svoje iskustvo i vi\u0111enje ove teme s nama i na\u0161im \u010ditateljima, mo\u017eete to u\u010diniti putem web obrasca <a rel=\"noreferrer noopener\" href=\"https:\/\/www.mojevrijeme.hr\/magazin\/povjerljivo\/\" target=\"_blank\">Povjerljivo<\/a>. Napi\u0161ite svoju pri\u010du!<\/p>\n\n\n\n<p><\/div>\n<div id=\"mojev-2749498134\" class=\"mojev-kraj-teksta mojev-entity-placement\" style=\"margin-bottom: 20px;margin-left: auto;margin-right: auto;text-align: center;\"><div class=\"mojev-adlabel\">oglas<\/div><div style=\"height: 250px;\"><script async src=\"https:\/\/pagead2.googlesyndication.com\/pagead\/js\/adsbygoogle.js?client=ca-pub-8106111766207173\"\r\n     crossorigin=\"anonymous\"><\/script>\r\n<!-- Display-1 -->\r\n<ins class=\"adsbygoogle\"\r\n     style=\"display:block\"\r\n     data-ad-client=\"ca-pub-8106111766207173\"\r\n     data-ad-slot=\"1465712950\"\r\n     data-ad-format=\"auto\"\r\n     data-full-width-responsive=\"true\"><\/ins>\r\n<script>\r\n     (adsbygoogle = window.adsbygoogle || []).push({});\r\n<\/script><\/div><\/div>","protected":false},"excerpt":{"rendered":"<p>Gotovo dva desetlje\u0107a sva\u0111a i netrpeljivosti pro\u0161lo je prije nego \u0161to su snaha Helena (41) i njezina svekrva Teodora (77) bile spremne na kompromis. Ma koliko zvu\u010dalo nezgodno, pomirenju je kumovala besparica bra\u010dnog para s dvoje djece. Kako nam je ispri\u010dala gospo\u0111a Helena, iz svekrvine su ku\u0107e pobjegli u podstanarstvo i \u017eivjeli u miru dok ih nisu stisnule financijske brige i morali su se vratiti. &#8216;To je bio moj poraz, a ujedno i moja pobjeda. Obje smo se promijenile, nabolje. \u0160teta svih onih godina&#8217;, ispri\u010dala je za Mojevrijeme.hr.<\/p>\n","protected":false},"author":17,"featured_media":76715,"comment_status":"closed","ping_status":"closed","sticky":false,"template":"","format":"standard","meta":{"footnotes":""},"categories":[3552],"tags":[3437,3550],"class_list":["post-76627","post","type-post","status-publish","format-standard","has-post-thumbnail","hentry","category-povjerljivo","tag-obiteljski-odnosi","tag-svekrve-i-snahe"],"_links":{"self":[{"href":"https:\/\/www.mojevrijeme.hr\/magazin\/wp-json\/wp\/v2\/posts\/76627","targetHints":{"allow":["GET"]}}],"collection":[{"href":"https:\/\/www.mojevrijeme.hr\/magazin\/wp-json\/wp\/v2\/posts"}],"about":[{"href":"https:\/\/www.mojevrijeme.hr\/magazin\/wp-json\/wp\/v2\/types\/post"}],"author":[{"embeddable":true,"href":"https:\/\/www.mojevrijeme.hr\/magazin\/wp-json\/wp\/v2\/users\/17"}],"replies":[{"embeddable":true,"href":"https:\/\/www.mojevrijeme.hr\/magazin\/wp-json\/wp\/v2\/comments?post=76627"}],"version-history":[{"count":0,"href":"https:\/\/www.mojevrijeme.hr\/magazin\/wp-json\/wp\/v2\/posts\/76627\/revisions"}],"wp:featuredmedia":[{"embeddable":true,"href":"https:\/\/www.mojevrijeme.hr\/magazin\/wp-json\/wp\/v2\/media\/76715"}],"wp:attachment":[{"href":"https:\/\/www.mojevrijeme.hr\/magazin\/wp-json\/wp\/v2\/media?parent=76627"}],"wp:term":[{"taxonomy":"category","embeddable":true,"href":"https:\/\/www.mojevrijeme.hr\/magazin\/wp-json\/wp\/v2\/categories?post=76627"},{"taxonomy":"post_tag","embeddable":true,"href":"https:\/\/www.mojevrijeme.hr\/magazin\/wp-json\/wp\/v2\/tags?post=76627"}],"curies":[{"name":"wp","href":"https:\/\/api.w.org\/{rel}","templated":true}]}}