{"id":76640,"date":"2023-06-07T23:51:57","date_gmt":"2023-06-07T21:51:57","guid":{"rendered":"https:\/\/www.mojevrijeme.hr\/magazin\/?p=76640"},"modified":"2023-06-07T23:52:28","modified_gmt":"2023-06-07T21:52:28","slug":"tinejdzeri-koji-su-u-vezi-bili-1950-ih-izgubili-su-kontakt-nakon-63-godine-opet-ljubuju","status":"publish","type":"post","link":"https:\/\/www.mojevrijeme.hr\/magazin\/2023\/06\/tinejdzeri-koji-su-u-vezi-bili-1950-ih-izgubili-su-kontakt-nakon-63-godine-opet-ljubuju\/","title":{"rendered":"Tinejd\u017eeri koji su u vezi bili 1950-ih izgubili su kontakt. Nakon 63 godine, opet ljubuju"},"content":{"rendered":"\n<p>Ameri\u010dki ljubavni par, <strong>Caroline Reeves <\/strong>i<strong> Eddie Lamm<\/strong>, sa svijetom su podijeli svoju ljubavnu pri\u010du koja grije oko srca i svjedo\u010di da za pravu ljubav doista nikad nije kasno.<\/p>\n\n\n\n<p>&#8220;Osje\u0107amo se ponovno mladi&#8221;, rekla je za <em>CBS news <\/em>Caroline koja je ovih dana proslavila 82. ro\u0111endan, &#8220;Ka\u017eem vam, ni kad ste u osamdesetima ne morate se osje\u0107ati starima. Nas dvoje svoje umove odr\u017eavamo aktivnima, kre\u0107emo se, zabavljamo, smijemo, zadirkujemo i jednostavno smo odlu\u010dili \u017eivjeti najbolji \u017eivot koji mo\u017eemo.&#8221;<\/p>\n\n\n\n<p>Ako se vratimo do fatalnog susreta, u 1956-tu, Elvis je bio na top ljestvicama, a predsjednik Dwight D. Eisenhower u Bijeloj ku\u0107i. &#8220;Kada sam je vidio, sve je bilo gotovo&#8221;, rekao je Eddie, koji sada ima 85 godina. A Caroline je mislila da je on najsla\u0111i de\u010dko u kampusu.<\/p><div id=\"mojev-699111630\" class=\"mojev-u-tekstu mojev-entity-placement\" style=\"margin-left: auto;margin-right: auto;text-align: center;\"><div class=\"mojev-adlabel\">oglas<\/div><div style=\"height: 250px;\"><script async src=\"https:\/\/pagead2.googlesyndication.com\/pagead\/js\/adsbygoogle.js?client=ca-pub-8106111766207173\"\r\n     crossorigin=\"anonymous\"><\/script>\r\n<!-- Prikazni 1 u tekstu -->\r\n<ins class=\"adsbygoogle\"\r\n     style=\"display:block\"\r\n     data-ad-client=\"ca-pub-8106111766207173\"\r\n     data-ad-slot=\"8535551207\"\r\n     data-ad-format=\"auto\"\r\n     data-full-width-responsive=\"true\"><\/ins>\r\n<script>\r\n     (adsbygoogle = window.adsbygoogle || []).push({});\r\n<\/script><\/div><\/div><br style=\"clear: both; display: block; float: none;\"\/>\n\n\n\n<h3 class=\"wp-block-heading\">\u017deljela prsten, dobila pomfrit<\/h3>\n\n\n\n<p>Ona je tada pri\u017eeljkivala njegov \u0161kolski prsten (prsten koji tradicionalno nose ameri\u010dki maturanti, a koji su si zaljubljeni parovi razmjenjivali odnosno poklanjali). No, sve \u0161to joj je tada kupio bili su pomfrit i Coca Cola.<\/p>\n\n\n\n<p>&#8220;Ja sam bila osoba koja bi se, da sam dobila njegov \u0161kolski prsten, ve\u0107a tada njemu obvezala za cijeli \u017eivot\u201d, rekla je. Ali nije dobila prsten &#8211; barem ne tada.<\/p>\n\n\n\n<p>Eddie je nakon mature bio vrlo ambiciozan i postavio si visoke ciljeve u ameri\u010dkom zrakoplovstvu, a  Caroline je jo\u0161 trebala odraditi zadnju godinu srednje \u0161kole. Budu\u0107i da on nije mogao prona\u0107i prave rije\u010di za uljudan opro\u0161taj, nije rekao ni\u0161ta. &#8220;Dovezli smo se ispred njezine ku\u0107e i pitao sam je mogu li je poljubiti. Poljubio sam je, rekao laku no\u0107 i nismo ni slutili da je to posljednji poljubac u idu\u0107ih 63 ili 64 godine.&#8221;<\/p>\n\n\n\n<p>Caroline je na to rekla: \u201dTe ve\u010deri nije me pitao ho\u0107emo li ponovo iza\u0107i, nije me pozvao u kino, nije pitao mo\u017ee li me vidjeti prije nego \u0161to ode\u2026 Iza\u0161la sam iz auta, potr\u010dala prema stepenicama, zalupila vratima, popeo se u sobu i cijelu no\u0107 plakala. To je bilo to.&#8221;<\/p>\n\n\n\n<h3 class=\"wp-block-heading\">Svatko svojim putem<\/h3>\n\n\n\n<p>Njihovi su \u017eivoti tada krenuli potpuno razli\u010ditim putovima. Ona je postala Miss Nashville 1959., a dvije godine kasnije, 1961., oboje su se o\u017eenili drugim osobama. Caroline se udala za Charlesa Wallacea, a Eddie za Polly Piper. Eddie je nastavio slu\u017ebu u ameri\u010dkom zrakoplovstvu, a Caroline je putovala svijetom &#8211; bila je dizajnerica interijera, pisala za \u010dasopise i napisala tri romana.<\/p>\n\n\n\n<p>U prosincu 2021. godine, Eddijeva supruga Polly, majka dvojice njihovih sinova, umrla je od ALS-a (Amiotrofi\u010dna lateralna skleroza). Bili su u braku gotovo 60 godina, a u Pollyinim posljednjim godinama \u017eivota Eddie je skrbio o njoj. &#8220;To samo pokazuje njegovu snagu i koliko je ovaj \u010dovjek dobar&#8221;, rekla je Caroline.<\/p>\n\n\n\n<p>Nakon \u0161to njen brak s Wallaceom zavr\u0161io 1980-ih, udala se za drugog mu\u0161karca po imenu George Kennedy, koji je umro 2001. godine. Caroline je rekla da je \u010desto tijekom svog \u017eivota razmi\u0161ljala o tome kako je Eddie, a Eddie je rekao da je i on razmi\u0161ljao o tome kako je Caroline.<\/p>\n\n\n\n<h3 class=\"wp-block-heading\">Devet telefonskih poziva<\/h3>\n\n\n\n<p>U travnju 2022. Eddie je \u017eivio u Kaliforniji, a Caroline u Nashvilleu. &#8220;Odjednom kao da me ne\u0161to pogodilo. Rekao sam si: &#8216;Moram je nazvati'&#8221;, otkrio je Eddie. Poku\u0161ao je devet puta prije nego \u0161to ju je kona\u010dno dobio.<\/p>\n\n\n\n<p>&#8220;Nakon drugog dana razgovora, postalo je nam ugodno \u010duti se. Bilo je nekako prirodno. Tre\u0107i dan, te tre\u0107e no\u0107i, rekao mi je da me jo\u0161 uvijek voli. I znala sam da mi se \u017eivot promijenio. A onda je nazvao idu\u0107e jutro i ispri\u010dao se zbog toga \u0161to je bio izravan.&#8221; Ali Caroline nije krila da je njegov izljev ljubavi ono \u0161to je htjela \u010duti, pa je on br\u017ee-bolje odletio u Nashville da je vidi.<\/p>\n\n\n\n<p>Ovaj put ona je bila za upravlja\u010dem, oti\u0161la je po njega u zra\u010dnu luku. &#8220;Zavirio je u moj auto i ja sam ostala bez daha&#8221;, rekla je &#8220;Nikada nisam do\u017eivjela ni\u0161ta sli\u010dno u cijelom svom \u017eivotu. Ne mogu to \u010dak ni objasniti. Brzo sam iza\u0161la iz parkirali\u0161ta zra\u010dne luke, vozila uokolo i prvo mjesto gdje sam mogla stati bilo je parkirali\u0161te tvrtke FedEx. I to je bila skladi\u0161na zgrada koja je no\u0107u zatvorena, ali su oko nje bila jaka sigurnosna svjetla. Stala sam tu sa strane, iza\u0161la iz auta, skakala okolo i kad je i on iza\u0161ao, zagrlili smo se i poljubili, sje\u0107am se da sam gledala prema tim reflektorima i da su se insekti vrtjeli oko lampe.&#8221;<\/p>\n\n\n\n<p>Nakon \u0161to je Eddie stigao u Nashville, \u010dekao je pet dana prije nego \u0161to ju je zamolio da se preseli k njemu u Kaliforniju. Tri mjeseca kasnije, u dobi od 84 godine, zaprosio ju je. Planirao je dati joj maj\u010din prsten, ali Caroline mu je rekla da je previ\u0161e dragocjen i da ga mora sa\u010duvati za jednu od unuka. Umjesto toga, po\u017eeljela je njegov \u0161kolski prsten koji sada i nosi.<\/p>\n\n\n\n<p>To \u0161to su ponovo prona\u0161li ljubav nazvala je \u010dudesnim. &#8220;I stalno smo pitali Boga za\u0161to nas je opet spojio. Sada znamo odgovor: da brinemo jedno o drugome&#8221;, rekla je Caroline.<\/p>\n\n\n\n<div id=\"crveno\"><\/p>\n\n\n\n<h3 class=\"wp-block-heading\">Zanima nas va\u0161a pri\u010da<\/h3>\n\n\n\n<p>\u017delite li i vi, posve anonimno, podijeliti svoje iskustvo i vi\u0111enje ove teme s nama i na\u0161im \u010ditateljima, mo\u017eete to u\u010diniti putem web obrasca <a rel=\"noreferrer noopener\" href=\"https:\/\/www.mojevrijeme.hr\/magazin\/povjerljivo\/\" target=\"_blank\">Povjerljivo<\/a>. Napi\u0161ite svoju pri\u010du!<\/p>\n\n\n\n<p><\/div>\n<div id=\"mojev-3097966983\" class=\"mojev-kraj-teksta mojev-entity-placement\" style=\"margin-bottom: 20px;margin-left: auto;margin-right: auto;text-align: center;\"><div class=\"mojev-adlabel\">oglas<\/div><div style=\"height: 250px;\"><script async src=\"https:\/\/pagead2.googlesyndication.com\/pagead\/js\/adsbygoogle.js?client=ca-pub-8106111766207173\"\r\n     crossorigin=\"anonymous\"><\/script>\r\n<!-- Display-1 -->\r\n<ins class=\"adsbygoogle\"\r\n     style=\"display:block\"\r\n     data-ad-client=\"ca-pub-8106111766207173\"\r\n     data-ad-slot=\"1465712950\"\r\n     data-ad-format=\"auto\"\r\n     data-full-width-responsive=\"true\"><\/ins>\r\n<script>\r\n     (adsbygoogle = window.adsbygoogle || []).push({});\r\n<\/script><\/div><\/div>","protected":false},"excerpt":{"rendered":"<p>Dvoje tinejd\u017eera koji su bili zaljubljeni u srednjoj \u0161koli 1950-ih, prekinuli su nakon nekoliko godina i nisu se vidjeli sve do lani. Sada su novope\u010deni bra\u010dni par i dijele ljubav koja je procvjetala 63 godine nakon \u0161to su se prvi put upoznali!<\/p>\n","protected":false},"author":17,"featured_media":76692,"comment_status":"closed","ping_status":"closed","sticky":false,"template":"","format":"standard","meta":{"footnotes":""},"categories":[10],"tags":[304,2691,1825],"class_list":["post-76640","post","type-post","status-publish","format-standard","has-post-thumbnail","hentry","category-ljubav","tag-brak","tag-romantika","tag-zaljubljenost"],"_links":{"self":[{"href":"https:\/\/www.mojevrijeme.hr\/magazin\/wp-json\/wp\/v2\/posts\/76640","targetHints":{"allow":["GET"]}}],"collection":[{"href":"https:\/\/www.mojevrijeme.hr\/magazin\/wp-json\/wp\/v2\/posts"}],"about":[{"href":"https:\/\/www.mojevrijeme.hr\/magazin\/wp-json\/wp\/v2\/types\/post"}],"author":[{"embeddable":true,"href":"https:\/\/www.mojevrijeme.hr\/magazin\/wp-json\/wp\/v2\/users\/17"}],"replies":[{"embeddable":true,"href":"https:\/\/www.mojevrijeme.hr\/magazin\/wp-json\/wp\/v2\/comments?post=76640"}],"version-history":[{"count":0,"href":"https:\/\/www.mojevrijeme.hr\/magazin\/wp-json\/wp\/v2\/posts\/76640\/revisions"}],"wp:featuredmedia":[{"embeddable":true,"href":"https:\/\/www.mojevrijeme.hr\/magazin\/wp-json\/wp\/v2\/media\/76692"}],"wp:attachment":[{"href":"https:\/\/www.mojevrijeme.hr\/magazin\/wp-json\/wp\/v2\/media?parent=76640"}],"wp:term":[{"taxonomy":"category","embeddable":true,"href":"https:\/\/www.mojevrijeme.hr\/magazin\/wp-json\/wp\/v2\/categories?post=76640"},{"taxonomy":"post_tag","embeddable":true,"href":"https:\/\/www.mojevrijeme.hr\/magazin\/wp-json\/wp\/v2\/tags?post=76640"}],"curies":[{"name":"wp","href":"https:\/\/api.w.org\/{rel}","templated":true}]}}