{"id":76647,"date":"2023-06-07T13:37:55","date_gmt":"2023-06-07T11:37:55","guid":{"rendered":"https:\/\/www.mojevrijeme.hr\/magazin\/?p=76647"},"modified":"2023-06-07T13:42:48","modified_gmt":"2023-06-07T11:42:48","slug":"papa-franjo-pod-opcom-anestezijom-rijec-je-o-komplikaciji-ranije-operacije","status":"publish","type":"post","link":"https:\/\/www.mojevrijeme.hr\/magazin\/2023\/06\/papa-franjo-pod-opcom-anestezijom-rijec-je-o-komplikaciji-ranije-operacije\/","title":{"rendered":"Papa Franjo (86) pod op\u0107om anestezijom; rije\u010d je o komplikaciji ranije operacije"},"content":{"rendered":"\n<p><strong>Papa Franjo<\/strong> primljen u rimsku Sveu\u010dili\u0161nu bolnicu A. Gemelli gdje \u0107e u ranim poslijepodnevnim satima biti podvrgnut operaciji, objavio je slu\u017ebeni Vatikan.  U priop\u0107enju Tiskovnog ureda Svete Stolice stoji da \u0107e Sveti Otac &#8220;biti podvrgnut laparotomiji i operaciji trbu\u0161ne stjenke pod op\u0107om anestezijom s umetanjem protetskog materijala&#8221;.<\/p>\n\n\n\n<p>Operacija, o kojoj je tijekom proteklih nekoliko dana odlu\u010dio medicinski tim koji prati papino zdravlje, postala je nu\u017ena zbog incizijske laparokele koja uzrokuje pogor\u0161avaju\u0107u bol. Laparokela je kila koja nastaje na mjestu ranijeg reza, najvjerojatnije zbog zahvata abdominalne kirurgije. Pojam dolazi od gr\u010dkih rije\u010di <em>laparo<\/em> (abdomen) i <em>kele<\/em> (kila).<\/p>\n\n\n\n<p>Ju\u010der je proveo 40 minuta u istoj bolnici kako bi se pripremio za ovu operaciju. Tiskovni ured je dodao da \u0107e Franjo ostati u bolnici nekoliko dana &#8220;kako bi se omogu\u0107io normalan postoperativni tijek i puni funkcionalni oporavak&#8221;.<\/p><div id=\"mojev-1501473587\" class=\"mojev-u-tekstu mojev-entity-placement\" style=\"margin-left: auto;margin-right: auto;text-align: center;\"><div class=\"mojev-adlabel\">oglas<\/div><div style=\"height: 250px;\"><script async src=\"https:\/\/pagead2.googlesyndication.com\/pagead\/js\/adsbygoogle.js?client=ca-pub-8106111766207173\"\r\n     crossorigin=\"anonymous\"><\/script>\r\n<!-- Prikazni 1 u tekstu -->\r\n<ins class=\"adsbygoogle\"\r\n     style=\"display:block\"\r\n     data-ad-client=\"ca-pub-8106111766207173\"\r\n     data-ad-slot=\"8535551207\"\r\n     data-ad-format=\"auto\"\r\n     data-full-width-responsive=\"true\"><\/ins>\r\n<script>\r\n     (adsbygoogle = window.adsbygoogle || []).push({});\r\n<\/script><\/div><\/div><br style=\"clear: both; display: block; float: none;\"\/>\n\n\n\n<p>Zabrinjavaju\u0107e, Franjo je pro\u0161le godine rekao da ne \u017eeli operirati koljeno jer je op\u0107a anestezija koju je primio tijekom ranije operacije debelog crijeva izazvala neugodne nuspojave.<\/p>\n<div id=\"mojev-3998628671\" class=\"mojev-kraj-teksta mojev-entity-placement\" style=\"margin-bottom: 20px;margin-left: auto;margin-right: auto;text-align: center;\"><div class=\"mojev-adlabel\">oglas<\/div><div style=\"height: 250px;\"><script async src=\"https:\/\/pagead2.googlesyndication.com\/pagead\/js\/adsbygoogle.js?client=ca-pub-8106111766207173\"\r\n     crossorigin=\"anonymous\"><\/script>\r\n<!-- Display-1 -->\r\n<ins class=\"adsbygoogle\"\r\n     style=\"display:block\"\r\n     data-ad-client=\"ca-pub-8106111766207173\"\r\n     data-ad-slot=\"1465712950\"\r\n     data-ad-format=\"auto\"\r\n     data-full-width-responsive=\"true\"><\/ins>\r\n<script>\r\n     (adsbygoogle = window.adsbygoogle || []).push({});\r\n<\/script><\/div><\/div>","protected":false},"excerpt":{"rendered":"<p>Zabrinjavaju\u0107e, Franjo je pro\u0161le godine rekao da ne \u017eeli operirati koljeno jer je op\u0107a anestezija koju je primio tijekom ranije operacije debelog crijeva izazvala neugodne nuspojave.<\/p>\n","protected":false},"author":1,"featured_media":43294,"comment_status":"closed","ping_status":"closed","sticky":false,"template":"","format":"standard","meta":{"footnotes":""},"categories":[9],"tags":[1670,1124],"class_list":["post-76647","post","type-post","status-publish","format-standard","has-post-thumbnail","hentry","category-vijesti","tag-operacije","tag-papa-franjo"],"_links":{"self":[{"href":"https:\/\/www.mojevrijeme.hr\/magazin\/wp-json\/wp\/v2\/posts\/76647","targetHints":{"allow":["GET"]}}],"collection":[{"href":"https:\/\/www.mojevrijeme.hr\/magazin\/wp-json\/wp\/v2\/posts"}],"about":[{"href":"https:\/\/www.mojevrijeme.hr\/magazin\/wp-json\/wp\/v2\/types\/post"}],"author":[{"embeddable":true,"href":"https:\/\/www.mojevrijeme.hr\/magazin\/wp-json\/wp\/v2\/users\/1"}],"replies":[{"embeddable":true,"href":"https:\/\/www.mojevrijeme.hr\/magazin\/wp-json\/wp\/v2\/comments?post=76647"}],"version-history":[{"count":0,"href":"https:\/\/www.mojevrijeme.hr\/magazin\/wp-json\/wp\/v2\/posts\/76647\/revisions"}],"wp:featuredmedia":[{"embeddable":true,"href":"https:\/\/www.mojevrijeme.hr\/magazin\/wp-json\/wp\/v2\/media\/43294"}],"wp:attachment":[{"href":"https:\/\/www.mojevrijeme.hr\/magazin\/wp-json\/wp\/v2\/media?parent=76647"}],"wp:term":[{"taxonomy":"category","embeddable":true,"href":"https:\/\/www.mojevrijeme.hr\/magazin\/wp-json\/wp\/v2\/categories?post=76647"},{"taxonomy":"post_tag","embeddable":true,"href":"https:\/\/www.mojevrijeme.hr\/magazin\/wp-json\/wp\/v2\/tags?post=76647"}],"curies":[{"name":"wp","href":"https:\/\/api.w.org\/{rel}","templated":true}]}}