{"id":76720,"date":"2023-06-09T16:40:59","date_gmt":"2023-06-09T14:40:59","guid":{"rendered":"https:\/\/www.mojevrijeme.hr\/magazin\/?p=76720"},"modified":"2023-06-09T16:41:03","modified_gmt":"2023-06-09T14:41:03","slug":"davor-o-svom-jadu-nakon-razvoda-u-tri-godine-uzela-mi-je-zdravlje-i-sve-drugo","status":"publish","type":"post","link":"https:\/\/www.mojevrijeme.hr\/magazin\/2023\/06\/davor-o-svom-jadu-nakon-razvoda-u-tri-godine-uzela-mi-je-zdravlje-i-sve-drugo\/","title":{"rendered":"Davor o svom jadu nakon razvoda: U tri godine uzela mi je zdravlje i sve drugo"},"content":{"rendered":"\n<p>\u017divot doista pi\u0161e romane \u2013 kad smo objavili<a href=\"https:\/\/www.mojevrijeme.hr\/magazin\/2023\/06\/rastavljeni-zive-u-istoj-kuci-djecu-smijem-gledati-samo-kroz-prozor\/\" data-type=\"URL\" data-id=\"https:\/\/www.mojevrijeme.hr\/magazin\/2023\/06\/rastavljeni-zive-u-istoj-kuci-djecu-smijem-gledati-samo-kroz-prozor\/\" target=\"_blank\" rel=\"noreferrer noopener\"> pri\u010du <\/a>u kojoj je na\u0161 sugovornik Tomislav ispri\u010dao da je nakon razvoda ostao \u017eivjeti pod istim krovom s biv\u0161om suprugom i djecom, na na\u0161u su adresu stigla brojna pisma u kojima na\u0161i \u010ditatelji svjedo\u010de da su pro\u017eivjeli ili jo\u0161 uvijek pro\u017eivljavaju to isto. <\/p>\n\n\n\n<p>Tako nam je gospodin Davor povjerio da se nakon razvoda razbolio, jer je biv\u0161a \u017eena s kojom je nastavio \u017eivjeti u istom stanu &#8211; postala jo\u0161 gora prema njemu.<\/p>\n\n\n\n<p>&#8220;Poslije razvoda jo\u0161 smo tri godine \u017eivjeli u istom stanu. Svih tih godina, koje su se \u010dinile kao vje\u010dnost, moja biv\u0161a supruga na sve mi je mogu\u0107e na\u010dine zagor\u010davala \u017eivot. Ne samo da mi je sakrivala po\u0161tu, ve\u0107 je njezina obijest i\u0161la tako daleko da mi je sakrivala \u010dak i razne ra\u010dune za re\u017eijske tro\u0161kove stana. Bilo je tu toliko smicalica i podmetanja da sam se na kraju razbolio. Ne samo da mi je uzela zdravlje, nego mi je na kraju uzela i sve drugo&#8221;, kazao nam je gospodin Davor.<\/p><div id=\"mojev-1364684141\" class=\"mojev-u-tekstu mojev-entity-placement\" style=\"margin-left: auto;margin-right: auto;text-align: center;\"><div class=\"mojev-adlabel\">oglas<\/div><div style=\"height: 250px;\"><script async src=\"https:\/\/pagead2.googlesyndication.com\/pagead\/js\/adsbygoogle.js?client=ca-pub-8106111766207173\"\r\n     crossorigin=\"anonymous\"><\/script>\r\n<!-- Prikazni 1 u tekstu -->\r\n<ins class=\"adsbygoogle\"\r\n     style=\"display:block\"\r\n     data-ad-client=\"ca-pub-8106111766207173\"\r\n     data-ad-slot=\"8535551207\"\r\n     data-ad-format=\"auto\"\r\n     data-full-width-responsive=\"true\"><\/ins>\r\n<script>\r\n     (adsbygoogle = window.adsbygoogle || []).push({});\r\n<\/script><\/div><\/div><br style=\"clear: both; display: block; float: none;\"\/>\n\n\n\n<p>I dok je \u010dovjek u stanju sve i sva\u0161ta podnijeti na svojim ple\u0107ima, ako uvidi da uz njega stradavaju i njegova djeca, to je naj\u010de\u0161\u0107e okida\u010d da ponovo preispita neke odluke. U\u010dinio je to i Davor. &#8220;Biv\u0161a supruga svesrdno se trudila djecu okretati protiv mene. Bili su u dobi od 17 i 19 godina. Tada sam shvatio da je dosta, da moram oti\u0107i&#8221;, svjedo\u010di na\u0161 \u010ditatelj Davor<strong>.<\/strong><\/p>\n\n\n\n<p>Oti\u0161ao je iz stana, koji je on dobio kao stanarsko pravo sa pravom otkupa, no sve je ostavio supruzi i djeci. &#8220;Nakon podjele imovine apsolutno sve sam ostavio biv\u0161oj supruzi. Nakon svih tih godina, uzeo sam samo odje\u0107u. I\u0161ao sam toliko daleko da sam \u010dak i sve one ra\u010dune koje je posakrivala sveo na nulu, sve sam popla\u0107ao prije odlaska. Napravio sam to i zbog djece. Oboje su ostali s njom jo\u0161 neko vrijeme, a onda su se i oni maknuli, ni njima nije bilo druge&#8221;, povjerava nam gospodin Davor koji je ovim rije\u010dima dao naslutiti da se ni djeca nisu najbolje slagala s majkom.<\/p>\n\n\n\n<h3 class=\"wp-block-heading\">&#8220;Da sam barem oti\u0161ao ranije&#8221;<\/h3>\n\n\n\n<p>Kad gleda iz dana\u0161nje perspektive, razmi\u0161lja na\u0161 sugovornik, \u017eali \u0161to nije oti\u0161ao i ranije, pre\u017eivio bi nekako financijski te bi spasio \u017eivce i zdravlje.<\/p>\n\n\n\n<p>&#8220;Da sam barem taj korak napravio prije, da sam odmah nakon rastave po\u010deo razmi\u0161ljati o sebi, naposljetku i o djeci, danas bi bilo svima bolje. Da, godinama sam poslije bio usamljen i tra\u017eio sam sebe, ali sam nakon tih lutanja uspio sebi stvoriti novi \u017eivot. U ozbiljnim sam godinama po\u010deo od nule, a danas \u017eivim punim plu\u0107ima. I danas ponavljam da je to dobro i za moju djecu&#8221;, rekao je privr\u017eeni otac.<\/p>\n\n\n\n<p>Nije lako, ka\u017ee, \u010dovjeku uzeti osnovne stvari i ostaviti sve \u0161to je godinama mukotrpno stvarao. Ali kad bismo gledali dalje u budu\u0107nost, imali pred o\u010dima tu \u0161iru sliku slobode i novih prilika, lak\u0161e bismo se i\u0161\u010dupali iz nesretnih odnosa i odvojili od materijalnog. Upravo gospodin Davor svojim svjedo\u010denjem dokazuje da i u najte\u017eoj situaciji, uz puno hrabrosti, upornosti i optimizma, \u017eivot mo\u017eemo preokrenuti nabolje.<\/p>\n\n\n\n<div id=\"crveno\"><\/p>\n\n\n\n<h3 class=\"wp-block-heading\">Zanima nas va\u0161a pri\u010da<\/h3>\n\n\n\n<p>\u017delite li i vi, posve anonimno, podijeliti svoje iskustvo i vi\u0111enje ove teme s nama i na\u0161im \u010ditateljima, mo\u017eete to u\u010diniti putem web obrasca <a rel=\"noreferrer noopener\" href=\"https:\/\/www.mojevrijeme.hr\/magazin\/povjerljivo\/\" target=\"_blank\">Povjerljivo<\/a>. Napi\u0161ite svoju pri\u010du!<\/p>\n\n\n\n<p><\/div>\n<div id=\"mojev-189491297\" class=\"mojev-kraj-teksta mojev-entity-placement\" style=\"margin-bottom: 20px;margin-left: auto;margin-right: auto;text-align: center;\"><div class=\"mojev-adlabel\">oglas<\/div><div style=\"height: 250px;\"><script async src=\"https:\/\/pagead2.googlesyndication.com\/pagead\/js\/adsbygoogle.js?client=ca-pub-8106111766207173\"\r\n     crossorigin=\"anonymous\"><\/script>\r\n<!-- Display-1 -->\r\n<ins class=\"adsbygoogle\"\r\n     style=\"display:block\"\r\n     data-ad-client=\"ca-pub-8106111766207173\"\r\n     data-ad-slot=\"1465712950\"\r\n     data-ad-format=\"auto\"\r\n     data-full-width-responsive=\"true\"><\/ins>\r\n<script>\r\n     (adsbygoogle = window.adsbygoogle || []).push({});\r\n<\/script><\/div><\/div>","protected":false},"excerpt":{"rendered":"<p>Mnogi na\u0161i \u010ditatelji, koji se nakon razvoda zbog te\u0161kih financijskih prilika jednostavno nisu mogli maknuti iz zajedni\u010dke ku\u0107e ili stana, svjedo\u010de da je takav oblik su\u017eivota pravo mu\u010denje. Ako jedna strana drugoj svim silama i dalje zagor\u010dava \u017eivot, ili jo\u0161 I \u017ee\u0161\u0107e, to mo\u017ee zavr\u0161iti vrlo kobno. Na\u0161em \u010ditatelju Davoru, svjedo\u010di, zbog maltretiranja koje je nad njim provodila biv\u0161a supruga, oti\u0161lo je zdravlje za kojim \u017eali vi\u0161e nego za imovinom.<\/p>\n","protected":false},"author":17,"featured_media":76882,"comment_status":"closed","ping_status":"closed","sticky":false,"template":"","format":"standard","meta":{"footnotes":""},"categories":[3552],"tags":[252],"class_list":["post-76720","post","type-post","status-publish","format-standard","has-post-thumbnail","hentry","category-povjerljivo","tag-razvod"],"_links":{"self":[{"href":"https:\/\/www.mojevrijeme.hr\/magazin\/wp-json\/wp\/v2\/posts\/76720","targetHints":{"allow":["GET"]}}],"collection":[{"href":"https:\/\/www.mojevrijeme.hr\/magazin\/wp-json\/wp\/v2\/posts"}],"about":[{"href":"https:\/\/www.mojevrijeme.hr\/magazin\/wp-json\/wp\/v2\/types\/post"}],"author":[{"embeddable":true,"href":"https:\/\/www.mojevrijeme.hr\/magazin\/wp-json\/wp\/v2\/users\/17"}],"replies":[{"embeddable":true,"href":"https:\/\/www.mojevrijeme.hr\/magazin\/wp-json\/wp\/v2\/comments?post=76720"}],"version-history":[{"count":0,"href":"https:\/\/www.mojevrijeme.hr\/magazin\/wp-json\/wp\/v2\/posts\/76720\/revisions"}],"wp:featuredmedia":[{"embeddable":true,"href":"https:\/\/www.mojevrijeme.hr\/magazin\/wp-json\/wp\/v2\/media\/76882"}],"wp:attachment":[{"href":"https:\/\/www.mojevrijeme.hr\/magazin\/wp-json\/wp\/v2\/media?parent=76720"}],"wp:term":[{"taxonomy":"category","embeddable":true,"href":"https:\/\/www.mojevrijeme.hr\/magazin\/wp-json\/wp\/v2\/categories?post=76720"},{"taxonomy":"post_tag","embeddable":true,"href":"https:\/\/www.mojevrijeme.hr\/magazin\/wp-json\/wp\/v2\/tags?post=76720"}],"curies":[{"name":"wp","href":"https:\/\/api.w.org\/{rel}","templated":true}]}}