{"id":76725,"date":"2023-06-08T10:14:43","date_gmt":"2023-06-08T08:14:43","guid":{"rendered":"https:\/\/www.mojevrijeme.hr\/magazin\/?p=76725"},"modified":"2023-06-08T10:14:47","modified_gmt":"2023-06-08T08:14:47","slug":"europa-veliki-povratak-sluzenja-vojnog-roka","status":"publish","type":"post","link":"https:\/\/www.mojevrijeme.hr\/magazin\/2023\/06\/europa-veliki-povratak-sluzenja-vojnog-roka\/","title":{"rendered":"Europa: Veliki povratak slu\u017eenja vojnog roka"},"content":{"rendered":"\n<p>Sa zavr\u0161etkom Hladnog rata vlade u Europi po\u010dele su pridavati manje zna\u010denja vojnoj obrani. U posljednjih dvadeset godina velika ve\u0107ina zemalja ukinula je obvezno slu\u017eenje vojnog roka, odnosno obvezu vojnog osposobljavanja. No neke su dr\u017eave poduzele korake u suprotnom smjeru i \u010dini se da na tome ne\u0107e stati.<\/p>\n\n\n\n<h3 class=\"wp-block-heading\">Ukrajina i Litva<\/h3>\n\n\n\n<p>Ubrzo nakon aneksije Krima, Ukrajina (2014.) i Litva (2015.) su ponovo uvele vojnu obvezu za mu\u0161karce od 18 do 26, odnosno 25 godina. Nakon velikog ruskog napada na Ukrajinu 24. velja\u010de 2022. godine, ukrajinska vlada je usvojila zakon, prema kojem svi mu\u0161karci izme\u0111u 18 i 60 godina mogu biti pozvani u vojsku, javlja <a href=\"https:\/\/www.dw.com\/hr\/povratak-obveznog-slu%C5%BEenja-vojnog-roka-u-europi\/a-65847746\" target=\"_blank\" rel=\"noreferrer noopener\">DW<\/a>.<\/p>\n\n\n\n<h3 class=\"wp-block-heading\">Latvija<\/h3>\n\n\n\n<p>Ova balti\u010dka zemlja je jedna od tri \u010dlanice NATO-a koje grani\u010de s Rusijom. Druge dvije su Estonija i nova \u010dlanica NATO-a Finska, koja nikada nije ni ukidala vojnu obvezu. Sada je i Latvija \u017eeli ponovo uvesti. Od 2024. godine svi mu\u0161karci od 18 do 27 godina morat \u0107e pro\u0107i jedanaestomjese\u010dnu vojnu obuku. Od 2028. svake godine treba biti regrutirano 7.500 Latvijaca &#8211; toliko je, prema podacima NATO-a, ta zemlja imala profesionalnih vojnika 2022. godine.<\/p><div id=\"mojev-3035909514\" class=\"mojev-u-tekstu mojev-entity-placement\" style=\"margin-left: auto;margin-right: auto;text-align: center;\"><div class=\"mojev-adlabel\">oglas<\/div><div style=\"height: 250px;\"><script async src=\"https:\/\/pagead2.googlesyndication.com\/pagead\/js\/adsbygoogle.js?client=ca-pub-8106111766207173\"\r\n     crossorigin=\"anonymous\"><\/script>\r\n<!-- Prikazni 1 u tekstu -->\r\n<ins class=\"adsbygoogle\"\r\n     style=\"display:block\"\r\n     data-ad-client=\"ca-pub-8106111766207173\"\r\n     data-ad-slot=\"8535551207\"\r\n     data-ad-format=\"auto\"\r\n     data-full-width-responsive=\"true\"><\/ins>\r\n<script>\r\n     (adsbygoogle = window.adsbygoogle || []).push({});\r\n<\/script><\/div><\/div><br style=\"clear: both; display: block; float: none;\"\/>\n\n\n\n<h3 class=\"wp-block-heading\">Rumunjska<\/h3>\n\n\n\n<p>U Rumunjskoj su 2015. godine propali poku\u0161aji da se ponovo uvede obvezno slu\u017eenje vojnog roka. O tome se ponovo razgovara od prolje\u0107a ove godine. Premijer i umirovljeni general Nicolae-Ionel Ciuca to podr\u017eava. Poseban zahtjev Ministarstva obrane je da se u slu\u010daju op\u0107e mobilizacije svi mladi Rumunji koji \u017eive u inozemstvu moraju u roku od 15 dana prijaviti za regrutaciju.<\/p>\n\n\n\n<h3 class=\"wp-block-heading\">Nizozemska<\/h3>\n\n\n\n<p>Nizozemskim oru\u017eanim snagama nedostaje oko 9.000 regruta. Zato vlada razmi\u0161lja o pro\u0161irenju vojske kroz obvezno slu\u017eenje vojske, kao \u0161to to \u0160vedska \u010dini od 2018. godine.<\/p>\n\n\n\n<h3 class=\"wp-block-heading\">\u0160vedska<\/h3>\n\n\n\n<p>Najve\u0107a zemlja Skandinavije mogla bi postati sljede\u0107a \u010dlanica NATO-a. \u0160vedska je 2010. ukinula slu\u017eenje vojnog roka, ali ga je ponovo uvela 2018. jer nije bilo dovoljno dobrovoljaca. Od tada su se svi 18-godi\u0161njaci morali prijaviti na regrutaciju. Me\u0111utim, kao i u Norve\u0161koj, samo mali dio njih slu\u017ei vojni rok.<\/p>\n\n\n\n<h3 class=\"wp-block-heading\">Norve\u0161ka i Danska<\/h3>\n\n\n\n<p>U domovini glavnog tajnika NATO-a Jensa Stoltenberga od 2016. godine ne samo svi mu\u0161karci, ve\u0107 i sve \u017eene starije od 18 godina, moraju na regrutaciju. Me\u0111utim, samo oko 9.000 od 60.000, koliko ih svake godine obavi vojni lije\u010dni\u010dki pregled, bude pozvano na 19-mjese\u010dno slu\u017eenje vojnog roka. Zbog stroge selekcije slu\u017ebeni izvori ka\u017eu da vojna slu\u017eba u Norve\u0161koj ima sli\u010dan presti\u017e kao i druge diplome visokog obrazovanja.<\/p>\n\n\n\n<p>U Danskoj je slu\u017eenje vojnog roka obvezno, ali ima dovoljno dragovoljaca kako bi se zadovoljile potrebe.<\/p>\n\n\n\n<h3 class=\"wp-block-heading\">Francuska<\/h3>\n\n\n\n<p>Francuska raspravlja o nekoj vrsti &#8220;vojne obveze <em>light<\/em>&#8220;. Predsjednik Emmanuel Macron je uveo Univerzalnu nacionalnu slu\u017ebu 2019. godine, u kojoj mladi ljudi mjesec dana volontiraju za dobrobit zemlje. Vlada sada razmatra da to postane obvezno za sve Francuze i Francuskinje izme\u0111u 15 i 17 godina. Od toga bi dva tjedna mladi provodili u vojnim objektima.<\/p>\n\n\n\n<h3 class=\"wp-block-heading\">Njema\u010dka<\/h3>\n\n\n\n<p>Njema\u010dki kancelar Olaf Scholz je odbacio prijedlog svog ministra obrane Borisa Pistoriusa o uvo\u0111enju obveznog slu\u017eenja vojnog roka. Me\u0111utim, pozivi na raspravu o tome dolaze iz \u010ditavog politi\u010dkog spektra u Njema\u010dkoj. Nedavno je povjerenica njema\u010dkog parlamenta za Bundeswehr Eva H\u00f6gl \u2013 socijaldemokratkinja kao i Scholz i Pistorius \u2013 predlo\u017eila da se razgovara o obveznoj &#8220;godini slu\u017ebe&#8221; u vojsci ili u civilnim institucijama. Predstavnici vojske bi o svom radu trebali govoriti u \u0161kolama.<\/p>\n\n\n\n<div id=\"crveno\"><\/p>\n\n\n\n<h3 class=\"wp-block-heading\">Zanima nas va\u0161a pri\u010da<\/h3>\n\n\n\n<p>\u017delite li i vi, posve anonimno, podijeliti svoje iskustvo i vi\u0111enje ove teme s nama i na\u0161im \u010ditateljima, mo\u017eete to u\u010diniti putem web obrasca <a rel=\"noreferrer noopener\" href=\"https:\/\/www.mojevrijeme.hr\/magazin\/povjerljivo\/\" target=\"_blank\">Povjerljivo<\/a>. Napi\u0161ite svoju pri\u010du!<\/p>\n\n\n\n<p><\/div>\n<div id=\"mojev-1052803325\" class=\"mojev-kraj-teksta mojev-entity-placement\" style=\"margin-bottom: 20px;margin-left: auto;margin-right: auto;text-align: center;\"><div class=\"mojev-adlabel\">oglas<\/div><div style=\"height: 250px;\"><script async src=\"https:\/\/pagead2.googlesyndication.com\/pagead\/js\/adsbygoogle.js?client=ca-pub-8106111766207173\"\r\n     crossorigin=\"anonymous\"><\/script>\r\n<!-- Display-1 -->\r\n<ins class=\"adsbygoogle\"\r\n     style=\"display:block\"\r\n     data-ad-client=\"ca-pub-8106111766207173\"\r\n     data-ad-slot=\"1465712950\"\r\n     data-ad-format=\"auto\"\r\n     data-full-width-responsive=\"true\"><\/ins>\r\n<script>\r\n     (adsbygoogle = window.adsbygoogle || []).push({});\r\n<\/script><\/div><\/div>","protected":false},"excerpt":{"rendered":"<p>U svjetlu ruske agresije na Ukrajinu, obvezno slu\u017eenje vojnog roka ponovo je postalo tema. Mnoge zemlje ne samo da su pove\u0107ale svoje prora\u010dune za obranu, ve\u0107 razmatraju i ponovno uvo\u0111enje vojnog roka. <\/p>\n","protected":false},"author":1,"featured_media":76731,"comment_status":"closed","ping_status":"closed","sticky":false,"template":"","format":"standard","meta":{"footnotes":""},"categories":[9],"tags":[3094,267,805],"class_list":["post-76725","post","type-post","status-publish","format-standard","has-post-thumbnail","hentry","category-vijesti","tag-europa","tag-jna","tag-vojni-rok"],"_links":{"self":[{"href":"https:\/\/www.mojevrijeme.hr\/magazin\/wp-json\/wp\/v2\/posts\/76725","targetHints":{"allow":["GET"]}}],"collection":[{"href":"https:\/\/www.mojevrijeme.hr\/magazin\/wp-json\/wp\/v2\/posts"}],"about":[{"href":"https:\/\/www.mojevrijeme.hr\/magazin\/wp-json\/wp\/v2\/types\/post"}],"author":[{"embeddable":true,"href":"https:\/\/www.mojevrijeme.hr\/magazin\/wp-json\/wp\/v2\/users\/1"}],"replies":[{"embeddable":true,"href":"https:\/\/www.mojevrijeme.hr\/magazin\/wp-json\/wp\/v2\/comments?post=76725"}],"version-history":[{"count":0,"href":"https:\/\/www.mojevrijeme.hr\/magazin\/wp-json\/wp\/v2\/posts\/76725\/revisions"}],"wp:featuredmedia":[{"embeddable":true,"href":"https:\/\/www.mojevrijeme.hr\/magazin\/wp-json\/wp\/v2\/media\/76731"}],"wp:attachment":[{"href":"https:\/\/www.mojevrijeme.hr\/magazin\/wp-json\/wp\/v2\/media?parent=76725"}],"wp:term":[{"taxonomy":"category","embeddable":true,"href":"https:\/\/www.mojevrijeme.hr\/magazin\/wp-json\/wp\/v2\/categories?post=76725"},{"taxonomy":"post_tag","embeddable":true,"href":"https:\/\/www.mojevrijeme.hr\/magazin\/wp-json\/wp\/v2\/tags?post=76725"}],"curies":[{"name":"wp","href":"https:\/\/api.w.org\/{rel}","templated":true}]}}