{"id":76740,"date":"2023-06-08T11:12:41","date_gmt":"2023-06-08T09:12:41","guid":{"rendered":"https:\/\/www.mojevrijeme.hr\/magazin\/?p=76740"},"modified":"2023-06-08T11:25:29","modified_gmt":"2023-06-08T09:25:29","slug":"papa-franjo-86-mora-smrsavjeti-ostavku-nece-dati-zivot-se-mora-zivjeti-a-ne-patiti","status":"publish","type":"post","link":"https:\/\/www.mojevrijeme.hr\/magazin\/2023\/06\/papa-franjo-86-mora-smrsavjeti-ostavku-nece-dati-zivot-se-mora-zivjeti-a-ne-patiti\/","title":{"rendered":"Papa Franjo (86) mora smr\u0161avjeti, ostavku ne\u0107e dati: &#8216;\u017divot se mora \u017eivjeti, a ne patiti&#8217;"},"content":{"rendered":"\n<p>&#8220;Postoperativni oporavak je brz, ali je nu\u017ean odmor. I iznad svega, potrebna je kontroliranija prehrana&#8221;, izjavio je to o zdravstvenom stanju <strong>pape Franje<\/strong> profesor op\u0107e kirurgije na Sveu\u010dili\u0161tu Tor Vergata u Rimu <strong>Giovanni Milito<\/strong>. <\/p>\n\n\n\n<p>Franjo je ju\u010der podvrgnut trosatnoj operaciji laparokele koja se jo\u0161 naziva i incizijskom hernijom ili kilom. I profesor Milito ka\u017ee da je rije\u010d o relativno \u010destoj postoperativnoj komplikaciji. U ju\u010dera\u0161njem zahvatu, papi je ugra\u0111ena mre\u017eica koja \u0107e, umjesto oslabjelih ili ranijom operacijom o\u0161te\u0107enih mi\u0161i\u0107a, zatvoriti stjenku abdomena. <\/p>\n\n\n\n<p>Profesor je napomenuo kako Franjo treba do dva tjedna izbjegavati fizi\u010dku aktivnost te da mora kontrolirati prehranu kako bi smr\u0161avio i imao zadovoljavaju\u0107u &#8220;prohodnost&#8221; crijeva. <\/p><div id=\"mojev-566267755\" class=\"mojev-u-tekstu mojev-entity-placement\" style=\"margin-left: auto;margin-right: auto;text-align: center;\"><div class=\"mojev-adlabel\">oglas<\/div><div style=\"height: 250px;\"><script async src=\"https:\/\/pagead2.googlesyndication.com\/pagead\/js\/adsbygoogle.js?client=ca-pub-8106111766207173\"\r\n     crossorigin=\"anonymous\"><\/script>\r\n<!-- Prikazni 1 u tekstu -->\r\n<ins class=\"adsbygoogle\"\r\n     style=\"display:block\"\r\n     data-ad-client=\"ca-pub-8106111766207173\"\r\n     data-ad-slot=\"8535551207\"\r\n     data-ad-format=\"auto\"\r\n     data-full-width-responsive=\"true\"><\/ins>\r\n<script>\r\n     (adsbygoogle = window.adsbygoogle || []).push({});\r\n<\/script><\/div><\/div><br style=\"clear: both; display: block; float: none;\"\/>\n\n\n\n<p>Da se Franjo osje\u0107a dobro te da ne razmi\u0161lja o ostavci, potvrdio je monsinjor <strong>Vincenzo Paglia<\/strong>, predsjednik Papinske akademije za \u017eivot u razgovoru za <em>Corriere della Sera<\/em>. &#8220;On starost i svoju bolest do\u017eivljava na izvanredan na\u010din: spokojan je , uporan pa \u010dak i \u0161aljiv. Dobro koristi iskustvo prikupljeno tijekom dugog \u017eivota koji nije uvijek bio jednostavan. I pokazuje nam da starost nije stvorena za dizanje vesla, niti za povla\u010denje u sebe i vlastite bolesti koje s godinama do\u0111i svima.&#8221;<\/p>\n\n\n\n<p>Nakon njegove hospitalizacije u o\u017eujku puno se \u0161pekuliralo o mogu\u0107oj ostavci na mjesto poglavara Rimokatoli\u010dke crkve. &#8220;Kada je iza\u0161ao, smijao se tome&#8221;, ka\u017ee monsinjor Paglia, &#8220;a onda se vratio na posao s izvanrednom sposobno\u0161\u0107u. Papa jako dobro poznaje svoju krhkost. Ali suo\u010dava se s njom. \u017divot se mora \u017eivjeti, a ne patiti. Snagu pronalazi prije svega u vjeri i najdragocjenijem lijeku: kontaktu s ljudima. Prije svega najslabijima i najsiroma\u0161nijima. Oni su njegovo cjepivo&#8221;, kazao je Paglia.<\/p>\n<div id=\"mojev-3180529267\" class=\"mojev-kraj-teksta mojev-entity-placement\" style=\"margin-bottom: 20px;margin-left: auto;margin-right: auto;text-align: center;\"><div class=\"mojev-adlabel\">oglas<\/div><div style=\"height: 250px;\"><script async src=\"https:\/\/pagead2.googlesyndication.com\/pagead\/js\/adsbygoogle.js?client=ca-pub-8106111766207173\"\r\n     crossorigin=\"anonymous\"><\/script>\r\n<!-- Display-1 -->\r\n<ins class=\"adsbygoogle\"\r\n     style=\"display:block\"\r\n     data-ad-client=\"ca-pub-8106111766207173\"\r\n     data-ad-slot=\"1465712950\"\r\n     data-ad-format=\"auto\"\r\n     data-full-width-responsive=\"true\"><\/ins>\r\n<script>\r\n     (adsbygoogle = window.adsbygoogle || []).push({});\r\n<\/script><\/div><\/div>","protected":false},"excerpt":{"rendered":"<p>Da se Franjo osje\u0107a dobro te da ne razmi\u0161lja o ostavci, potvrdio je monsinjor Vincenzo Paglia, predsjednik Papinske akademije za \u017eivot u razgovoru za Corriere della Sera.<\/p>\n","protected":false},"author":1,"featured_media":34644,"comment_status":"closed","ping_status":"closed","sticky":false,"template":"","format":"standard","meta":{"footnotes":""},"categories":[9],"tags":[1670,1124],"class_list":["post-76740","post","type-post","status-publish","format-standard","has-post-thumbnail","hentry","category-vijesti","tag-operacije","tag-papa-franjo"],"_links":{"self":[{"href":"https:\/\/www.mojevrijeme.hr\/magazin\/wp-json\/wp\/v2\/posts\/76740","targetHints":{"allow":["GET"]}}],"collection":[{"href":"https:\/\/www.mojevrijeme.hr\/magazin\/wp-json\/wp\/v2\/posts"}],"about":[{"href":"https:\/\/www.mojevrijeme.hr\/magazin\/wp-json\/wp\/v2\/types\/post"}],"author":[{"embeddable":true,"href":"https:\/\/www.mojevrijeme.hr\/magazin\/wp-json\/wp\/v2\/users\/1"}],"replies":[{"embeddable":true,"href":"https:\/\/www.mojevrijeme.hr\/magazin\/wp-json\/wp\/v2\/comments?post=76740"}],"version-history":[{"count":0,"href":"https:\/\/www.mojevrijeme.hr\/magazin\/wp-json\/wp\/v2\/posts\/76740\/revisions"}],"wp:featuredmedia":[{"embeddable":true,"href":"https:\/\/www.mojevrijeme.hr\/magazin\/wp-json\/wp\/v2\/media\/34644"}],"wp:attachment":[{"href":"https:\/\/www.mojevrijeme.hr\/magazin\/wp-json\/wp\/v2\/media?parent=76740"}],"wp:term":[{"taxonomy":"category","embeddable":true,"href":"https:\/\/www.mojevrijeme.hr\/magazin\/wp-json\/wp\/v2\/categories?post=76740"},{"taxonomy":"post_tag","embeddable":true,"href":"https:\/\/www.mojevrijeme.hr\/magazin\/wp-json\/wp\/v2\/tags?post=76740"}],"curies":[{"name":"wp","href":"https:\/\/api.w.org\/{rel}","templated":true}]}}