{"id":76747,"date":"2023-06-11T08:35:38","date_gmt":"2023-06-11T06:35:38","guid":{"rendered":"https:\/\/www.mojevrijeme.hr\/magazin\/?p=76747"},"modified":"2023-06-11T08:35:41","modified_gmt":"2023-06-11T06:35:41","slug":"baka-mirjana-nikad-se-djeci-nisam-mijesala-u-odluke-ni-pitala-kad-ce-unuci","status":"publish","type":"post","link":"https:\/\/www.mojevrijeme.hr\/magazin\/2023\/06\/baka-mirjana-nikad-se-djeci-nisam-mijesala-u-odluke-ni-pitala-kad-ce-unuci\/","title":{"rendered":"Baka Mirjana: Nikad se djeci nisam mije\u0161ala u odluke ni pitala kad \u0107e unuci"},"content":{"rendered":"\n<p>Gospo\u0111a Mirjana ne krije da ju je smrt supruga prije devet godina potpuno slomila, ali je zahvalna \u017eivotu \u0161to je s njim provela najljep\u0161ih 49 godina svog \u017eivota, uvijek joj je toplo oko srca kad se svega sjeti. S puno je ljubavi napisala pismo o ljepoti \u017eivljenja i na kraju napisala da se obraduje svakom na\u0161em tekstu u kojem pi\u0161emo o \u017eenama s kojima se mo\u017ee poistovjetiti.<\/p>\n\n\n\n<p>Ono \u0161to je pak nas obradovalo dok smo \u010ditali njezino pismo, a vjerujemo da \u0107e ohrabriti i ponekog od vas, jest \u010dinjenica da je kroz \u017eivot nosila te\u0161ke terete, ali ih uop\u0107e nije do\u017eivljavala kao teret.<\/p>\n\n\n\n<p>&#8220;Suprug i ja do\u0161li smo mladi u nama tada nepoznati grad, jako smo rano napustili obiteljska gnijezda. Niti jedno od nas nije imalo roditelje u blizini, da nam bar malo pomognu. Sami smo, doista bez i\u010dije pomo\u0107i jer nikog nismo ni poznavali, podigli troje djece. Bili smo jaki u svim izazovima \u017eivota, sva su djeca dogurala do diplome, imaju visoku stru\u010dnu spremu. Kako ne bih bila ponosna i zahvalna \u017eivotu&#8221;, pi\u0161e nam gospo\u0111a Mirjana.<\/p><div id=\"mojev-3177491602\" class=\"mojev-u-tekstu mojev-entity-placement\" style=\"margin-left: auto;margin-right: auto;text-align: center;\"><div class=\"mojev-adlabel\">oglas<\/div><div style=\"height: 250px;\"><script async src=\"https:\/\/pagead2.googlesyndication.com\/pagead\/js\/adsbygoogle.js?client=ca-pub-8106111766207173\"\r\n     crossorigin=\"anonymous\"><\/script>\r\n<!-- Prikazni 1 u tekstu -->\r\n<ins class=\"adsbygoogle\"\r\n     style=\"display:block\"\r\n     data-ad-client=\"ca-pub-8106111766207173\"\r\n     data-ad-slot=\"8535551207\"\r\n     data-ad-format=\"auto\"\r\n     data-full-width-responsive=\"true\"><\/ins>\r\n<script>\r\n     (adsbygoogle = window.adsbygoogle || []).push({});\r\n<\/script><\/div><\/div><br style=\"clear: both; display: block; float: none;\"\/>\n\n\n\n<p>Djecu, ka\u017ee, nikad niti su pritiskali, niti su sputavali. &#8220;Kad je do\u0161lo vrijeme, pustili smo ih da, uz na\u0161u potporu, tra\u017ee put za dalje. Udavala se k\u0107i, \u017eenio se sin, udaljila se iz na\u0161eg doma naposljetku i najmla\u0111a k\u0107i. Nikada se nismo mije\u0161ali u njihove odluke!&#8221; naglasila je na\u0161a \u010ditateljica.<\/p>\n\n\n\n<p>I sama je svjesna da mladima veliki pritisak stvara pitanje koje im se i danas pre\u010desto postavlja, a intimne je prirode i glasi: &#8220;Kad \u0107ete imati djecu?&#8221; Zato djecu nikad time nisu optere\u0107ivali. &#8220;Nikada ih nismo pitali kad \u0107e unu\u010de. Pomagali smo im na razne na\u010dine i kad su tra\u017eili pomo\u0107, uvijek smo bili tu za njih&#8221;, pi\u0161e.<\/p>\n\n\n\n<h3 class=\"wp-block-heading\"><strong>Divno starenje uz supruga<\/strong><\/h3>\n\n\n\n<p>Kako otkriva, njezin je sretan brak trajao 49 godina i ne \u017eali ni za \u010dim. &#8220;Imali smo divan brak, uz njega je bilo divno starjeti. Da, imali smo razli\u010dite interese i podru\u010dja zanimanja, ali smo se uva\u017eavali. Uz supruga sam provela najsretnije godine \u017eivota. Prije devet godina umro je \u2013 zdrav i bistra uma. Koliko mi je bilo te\u0161ko, a te\u0161ko mi je i danas, mogla bih napisati zasebne retke&#8221;, povjerila nam se gospo\u0111a Mirjana. \u00a0<\/p>\n\n\n\n<h3 class=\"wp-block-heading\">Petero unu\u010dadi<\/h3>\n\n\n\n<p>Potom je opet pre\u0161la na vedrije teme, a to su njezini unuci koji njezinu tre\u0107u \u017eivotnu dob \u010dine sretnijom. &#8220;Sretna sam baka, jer mojih troje djece imaju divnu i dobro odgojenu djecu. Ponosna sam na sve njih&#8221;, naglasila je.<\/p>\n\n\n\n<p>I ba\u0161 kako je ona morala biti jaka kad je sama do\u0161la u novi grad i sama se uz supruga borila kroz \u017eivot, tako su, pi\u0161e, i njezina djeca samostalna i dobro organizirana. &#8220;Gotovo nikad me nisu preopteretili obavezama oko djece, sve su sami obavljali. Jesam, uskakala sam kad je bilo kriza, i materijalno i fizi\u010dki. Ali oni uvijek ka\u017eu da \u017eele da ostanem vitalna baka. Bodre me da putujem, da imam svoje hobije. Moram re\u0107i da je za nas starije jako va\u017eno da se dru\u017eimo s ljudima na\u0161e dobi&#8221;, povjerila nam je.<\/p>\n\n\n\n<p>A kad za to do\u0111e vrijeme, sigurna je, biti \u0107e spremna na odlazak u dom za starije. &#8220;Prije devet godina upisala sam se u jedan dom za starije u Splitu, a prije pet godina i u Zagrebu. Pa kako bude&#8221;, napisala je za kraj na\u0161a vjerna \u010ditateljica<strong>.<\/strong><\/p>\n\n\n\n<div id=\"crveno\"><\/p>\n\n\n\n<h3 class=\"wp-block-heading\">Zanima nas va\u0161a pri\u010da<\/h3>\n\n\n\n<p>\u017delite li i vi, posve anonimno, podijeliti svoje iskustvo i vi\u0111enje ove teme s nama i na\u0161im \u010ditateljima, mo\u017eete to u\u010diniti putem web obrasca <a rel=\"noreferrer noopener\" href=\"https:\/\/www.mojevrijeme.hr\/magazin\/povjerljivo\/\" target=\"_blank\">Povjerljivo<\/a>. Napi\u0161ite svoju pri\u010du!<\/p>\n\n\n\n<p><\/div>\n<div id=\"mojev-4122316931\" class=\"mojev-kraj-teksta mojev-entity-placement\" style=\"margin-bottom: 20px;margin-left: auto;margin-right: auto;text-align: center;\"><div class=\"mojev-adlabel\">oglas<\/div><div style=\"height: 250px;\"><script async src=\"https:\/\/pagead2.googlesyndication.com\/pagead\/js\/adsbygoogle.js?client=ca-pub-8106111766207173\"\r\n     crossorigin=\"anonymous\"><\/script>\r\n<!-- Display-1 -->\r\n<ins class=\"adsbygoogle\"\r\n     style=\"display:block\"\r\n     data-ad-client=\"ca-pub-8106111766207173\"\r\n     data-ad-slot=\"1465712950\"\r\n     data-ad-format=\"auto\"\r\n     data-full-width-responsive=\"true\"><\/ins>\r\n<script>\r\n     (adsbygoogle = window.adsbygoogle || []).push({});\r\n<\/script><\/div><\/div>","protected":false},"excerpt":{"rendered":"<p>Koliko \u010desto sjednemo i svjesno pogledamo na svoj \u017eivot, daleko unatrag? Nametnu li nam se tada \u010de\u0161\u0107e neka te\u0161ka iskustva, nesretne okolnosti, ljudi koji su nas povrijedili, bolesti, problemi s djecom? Ili vidimo samo ono \u0161to je bilo dobro? Ah, da, bilo bi lijepo kad bi to bilo odvojivo, a na\u0161 um tako selektivan. Pa ipak, stiglo je na na\u0161u redakciju jedno samo pozitivno pismo bake Mirjane koja o \u017eivotu, braku s troje djece i u\u017eivanju s petero unu\u010dadi mo\u017ee re\u0107ii: &#8216;Sretna sam&#8217;.<\/p>\n","protected":false},"author":17,"featured_media":76970,"comment_status":"closed","ping_status":"closed","sticky":false,"template":"","format":"standard","meta":{"footnotes":""},"categories":[9],"tags":[304,198,1436],"class_list":["post-76747","post","type-post","status-publish","format-standard","has-post-thumbnail","hentry","category-vijesti","tag-brak","tag-obitelj","tag-povjerljivo"],"_links":{"self":[{"href":"https:\/\/www.mojevrijeme.hr\/magazin\/wp-json\/wp\/v2\/posts\/76747","targetHints":{"allow":["GET"]}}],"collection":[{"href":"https:\/\/www.mojevrijeme.hr\/magazin\/wp-json\/wp\/v2\/posts"}],"about":[{"href":"https:\/\/www.mojevrijeme.hr\/magazin\/wp-json\/wp\/v2\/types\/post"}],"author":[{"embeddable":true,"href":"https:\/\/www.mojevrijeme.hr\/magazin\/wp-json\/wp\/v2\/users\/17"}],"replies":[{"embeddable":true,"href":"https:\/\/www.mojevrijeme.hr\/magazin\/wp-json\/wp\/v2\/comments?post=76747"}],"version-history":[{"count":0,"href":"https:\/\/www.mojevrijeme.hr\/magazin\/wp-json\/wp\/v2\/posts\/76747\/revisions"}],"wp:featuredmedia":[{"embeddable":true,"href":"https:\/\/www.mojevrijeme.hr\/magazin\/wp-json\/wp\/v2\/media\/76970"}],"wp:attachment":[{"href":"https:\/\/www.mojevrijeme.hr\/magazin\/wp-json\/wp\/v2\/media?parent=76747"}],"wp:term":[{"taxonomy":"category","embeddable":true,"href":"https:\/\/www.mojevrijeme.hr\/magazin\/wp-json\/wp\/v2\/categories?post=76747"},{"taxonomy":"post_tag","embeddable":true,"href":"https:\/\/www.mojevrijeme.hr\/magazin\/wp-json\/wp\/v2\/tags?post=76747"}],"curies":[{"name":"wp","href":"https:\/\/api.w.org\/{rel}","templated":true}]}}