{"id":76777,"date":"2023-06-08T16:46:07","date_gmt":"2023-06-08T14:46:07","guid":{"rendered":"https:\/\/www.mojevrijeme.hr\/magazin\/?p=76777"},"modified":"2023-06-10T23:00:10","modified_gmt":"2023-06-10T21:00:10","slug":"umirovljenik-zeljko-je-u-42-godine-zivota-skupio-30-godina-staza-nekad-mi-je-neugodno","status":"publish","type":"post","link":"https:\/\/www.mojevrijeme.hr\/magazin\/2023\/06\/umirovljenik-zeljko-je-u-42-godine-zivota-skupio-30-godina-staza-nekad-mi-je-neugodno\/","title":{"rendered":"Umirovljenik \u017deljko je u 42 godine \u017eivota skupio 30 godina sta\u017ea"},"content":{"rendered":"\n<p><strong>\u017deljko Markovi\u0107<\/strong> (54), kandidat u gledanoj <a href=\"https:\/\/www.rtl.hr\/show\/vecera-za-5-na-selu\/novosti\/zeljko-bez-dlake-na-jeziku-nekad-mi-bude-neugodno-sto-sam-tako-mlad-u-mirovini-4e5161ee-0511-11ee-81a4-0e70ba752028\" target=\"_blank\" rel=\"noreferrer noopener\">RTL<\/a>-ovoj emisiji &#8220;Ve\u010dera za 5 na selu&#8221;, jedan je od umirovljenika koji radi na pola radnog vremena kao voza\u010d, uz zadr\u017eavanje mirovine. Naime, rije\u010d je o pravom penzionerskom junioru, budu\u0107i da se umirovio sa samo 42 godine.<\/p>\n\n\n\n<p>&#8220;Cijeli \u017eivot sam radio poslove gdje sam imao beneficirani radni sta\u017e. Prvo na \u017eeljeznici pa u vojsci, onda policija. Te ratne godine se ra\u010dunaju duplo. Imao sam 30 godina sta\u017ea i bilo mi je dosta policijskog posla. Stresan je to posao. To je razlog&#8221;, ispri\u010dao je ovaj Slavonac koji je u Rijeci zavr\u0161io zbog ljubavi.<\/p>\n\n\n\n<p>Ljudi, ka\u017ee, znaju biti bezobrazni no i na to se naviknuo. &#8220;Ne osje\u0107am se kao umirovljenik jer jo\u0161 uvijek radim, iako se ljudi \u010dude jer sam mlad. Ima zajedljivih komentara. Nekada mi bude neugodno \u0161to sam tako mlad u mirovini, ali to je bilo moje pravo koje sam iskoristio&#8221;, rekao je \u017deljko.<\/p><div id=\"mojev-3890114006\" class=\"mojev-u-tekstu mojev-entity-placement\" style=\"margin-left: auto;margin-right: auto;text-align: center;\"><div class=\"mojev-adlabel\">oglas<\/div><div style=\"height: 250px;\"><script async src=\"https:\/\/pagead2.googlesyndication.com\/pagead\/js\/adsbygoogle.js?client=ca-pub-8106111766207173\"\r\n     crossorigin=\"anonymous\"><\/script>\r\n<!-- Prikazni 1 u tekstu -->\r\n<ins class=\"adsbygoogle\"\r\n     style=\"display:block\"\r\n     data-ad-client=\"ca-pub-8106111766207173\"\r\n     data-ad-slot=\"8535551207\"\r\n     data-ad-format=\"auto\"\r\n     data-full-width-responsive=\"true\"><\/ins>\r\n<script>\r\n     (adsbygoogle = window.adsbygoogle || []).push({});\r\n<\/script><\/div><\/div><br style=\"clear: both; display: block; float: none;\"\/>\n\n\n\n<p>U Rijeci \u017eivi s djevojkom Ivanom, s kojom je u vezi pet godina. &#8220;Vikendima i kad god sam slobodan, volim oti\u0107i u \u0161etnju, na izlet, Ivana i ja se u tome malo kosimo &#8211; ona vi\u0161e voli more, a ja prirodu, \u0161umu tipa Fu\u017eine\u2026 Bajkovite su mi. Volim ja i more, ali ne toliko mo\u017eda, volim \u0161etati uz potok, rijeku, brati gljive, \u0161paroge. Jedino \u0161to imam strah od zmija. Ivana i moji prijatelji rekli bi vam da sam tvrdoglav, ali da sam uredan i po\u0161ten \u010dovjek. Po\u0161tenje mi je najva\u017enije&#8221;, ispri\u010dao je nekada\u0161nji policajac.<\/p>\n<div id=\"mojev-2495325183\" class=\"mojev-kraj-teksta mojev-entity-placement\" style=\"margin-bottom: 20px;margin-left: auto;margin-right: auto;text-align: center;\"><div class=\"mojev-adlabel\">oglas<\/div><div style=\"height: 250px;\"><script async src=\"https:\/\/pagead2.googlesyndication.com\/pagead\/js\/adsbygoogle.js?client=ca-pub-8106111766207173\"\r\n     crossorigin=\"anonymous\"><\/script>\r\n<!-- Display-1 -->\r\n<ins class=\"adsbygoogle\"\r\n     style=\"display:block\"\r\n     data-ad-client=\"ca-pub-8106111766207173\"\r\n     data-ad-slot=\"1465712950\"\r\n     data-ad-format=\"auto\"\r\n     data-full-width-responsive=\"true\"><\/ins>\r\n<script>\r\n     (adsbygoogle = window.adsbygoogle || []).push({});\r\n<\/script><\/div><\/div>","protected":false},"excerpt":{"rendered":"<p>Ljudi, ka\u017ee, znaju biti bezobrazni no i na to se naviknuo. \u010cudno im je da je tako mlad u mirovini.<\/p>\n","protected":false},"author":1,"featured_media":76780,"comment_status":"closed","ping_status":"closed","sticky":false,"template":"","format":"standard","meta":{"footnotes":""},"categories":[2],"tags":[1223,1342],"class_list":["post-76777","post","type-post","status-publish","format-standard","has-post-thumbnail","hentry","category-mozaik","tag-beneficirani-staz","tag-rad-uz-mirovinu"],"_links":{"self":[{"href":"https:\/\/www.mojevrijeme.hr\/magazin\/wp-json\/wp\/v2\/posts\/76777","targetHints":{"allow":["GET"]}}],"collection":[{"href":"https:\/\/www.mojevrijeme.hr\/magazin\/wp-json\/wp\/v2\/posts"}],"about":[{"href":"https:\/\/www.mojevrijeme.hr\/magazin\/wp-json\/wp\/v2\/types\/post"}],"author":[{"embeddable":true,"href":"https:\/\/www.mojevrijeme.hr\/magazin\/wp-json\/wp\/v2\/users\/1"}],"replies":[{"embeddable":true,"href":"https:\/\/www.mojevrijeme.hr\/magazin\/wp-json\/wp\/v2\/comments?post=76777"}],"version-history":[{"count":0,"href":"https:\/\/www.mojevrijeme.hr\/magazin\/wp-json\/wp\/v2\/posts\/76777\/revisions"}],"wp:featuredmedia":[{"embeddable":true,"href":"https:\/\/www.mojevrijeme.hr\/magazin\/wp-json\/wp\/v2\/media\/76780"}],"wp:attachment":[{"href":"https:\/\/www.mojevrijeme.hr\/magazin\/wp-json\/wp\/v2\/media?parent=76777"}],"wp:term":[{"taxonomy":"category","embeddable":true,"href":"https:\/\/www.mojevrijeme.hr\/magazin\/wp-json\/wp\/v2\/categories?post=76777"},{"taxonomy":"post_tag","embeddable":true,"href":"https:\/\/www.mojevrijeme.hr\/magazin\/wp-json\/wp\/v2\/tags?post=76777"}],"curies":[{"name":"wp","href":"https:\/\/api.w.org\/{rel}","templated":true}]}}