{"id":76829,"date":"2023-06-11T19:26:57","date_gmt":"2023-06-11T17:26:57","guid":{"rendered":"https:\/\/www.mojevrijeme.hr\/magazin\/?p=76829"},"modified":"2023-06-11T19:27:01","modified_gmt":"2023-06-11T17:27:01","slug":"lukas-56-nakon-razvoda-je-krenula-u-osvetnicki-pohod-spasio-sam-djecu","status":"publish","type":"post","link":"https:\/\/www.mojevrijeme.hr\/magazin\/2023\/06\/lukas-56-nakon-razvoda-je-krenula-u-osvetnicki-pohod-spasio-sam-djecu\/","title":{"rendered":"Lukas (56): Nakon razvoda je krenula u osvetni\u010dki pohod, spasio sam djecu"},"content":{"rendered":"\n<p>Gospodin <strong>Lukas <\/strong>u svojim se srednjim tridesetima, prije to\u010dno dva desetlje\u0107a, suo\u010dio sa zahtjevnim poslom u privatnom poduzetni\u0161tvu i brakom koji je srljao u propast. <\/p>\n\n\n\n<p>&#8220;Imao sam 35 godina, vodio svoj obrt u velikom gradu na obali koji je i tada nudio pregr\u0161t mogu\u0107nosti za dobar \u017eivot i podizanje obitelji. No, supruga je krenula neopravdano tro\u0161iti novac, izlaziti te izbivati iz na\u0161eg doma po nekoliko tjedana&#8221;, svjedo\u010di gospodin Lukas. Bili su to i razlozi zbog kojih se odlu\u010dio na razvod. Tu po\u010dinje njegova, kako tvrdi, najve\u0107a no\u0107na mora, jer je supruga odlu\u010dila osvetiti mu se i raniti ga tamo gdje najvi\u0161e boli, bez obzira na to \u0161to \u0107e cijenu platiti i mali\u0161ani. <\/p>\n\n\n\n<p>Nije rijedak primjer da se strana, koja se uslijed razvoda smatra isklju\u010divo o\u0161te\u0107enom, sveti preko djece, i ma koliko razum govori jedno, mr\u017enja je \u010desto ja\u010da od svake logike. A ako je za suditi prema rije\u010dima gospodina Lukasa, tako je bilo i u njegovom slu\u010daju jer njegova biv\u0161a supruga nije prezala ni pred \u010dim ne bi li mu zagor\u010dala \u017eivot. &nbsp;<\/p><div id=\"mojev-3318897222\" class=\"mojev-u-tekstu mojev-entity-placement\" style=\"margin-left: auto;margin-right: auto;text-align: center;\"><div class=\"mojev-adlabel\">oglas<\/div><div style=\"height: 250px;\"><script async src=\"https:\/\/pagead2.googlesyndication.com\/pagead\/js\/adsbygoogle.js?client=ca-pub-8106111766207173\"\r\n     crossorigin=\"anonymous\"><\/script>\r\n<!-- Prikazni 1 u tekstu -->\r\n<ins class=\"adsbygoogle\"\r\n     style=\"display:block\"\r\n     data-ad-client=\"ca-pub-8106111766207173\"\r\n     data-ad-slot=\"8535551207\"\r\n     data-ad-format=\"auto\"\r\n     data-full-width-responsive=\"true\"><\/ins>\r\n<script>\r\n     (adsbygoogle = window.adsbygoogle || []).push({});\r\n<\/script><\/div><\/div><br style=\"clear: both; display: block; float: none;\"\/>\n\n\n\n<p>&#8220;Nije to bila nimalo laka rastava, bilo je tu uklju\u010deno dvoje maloljetne djece. \u017dena je krenula u osvetni\u010dki pohod protiv mene i moje kompletne obitelji. Nakon rastave, skrivala je djecu i zabranjivala susrete sa mnom kao ocem na sve mogu\u0107e na\u010dine&#8221;, pi\u0161e nam u dugom pismu. <\/p>\n\n\n\n<p>Kako tuma\u010di, sve se odvijalo uz, imao je osje\u0107aj, blagoslov Centra za socijalnu skrb, pa je podigao tu\u017ebu i protiv biv\u0161e supruge, ali i Centra. &#8220;Supruga je na sud do\u0161la s prijedlogom da djecu smijem vi\u0111ati jednom mjese\u010dno na dva sata, i to samo uz nadzor Centra za socijalnu skrb! Na sud je dovela porotu od nekoliko \u017eena koje su lagale u njenu korist. Ne znam kako joj je to uspjelo. Cilj joj je bio zabraniti svaki moj kontakt s djecom&#8221;, povjerio nam je.<\/p>\n\n\n\n<h3 class=\"wp-block-heading\">Borba protiv sistema<\/h3>\n\n\n\n<p>Vidjev\u0161i da je na pomolu katastrofa, odlu\u010dio se boriti, kako se izrazio, &#8220;protiv tog ludog sistema&#8221;.<\/p>\n\n\n\n<p>&#8220;Uz pomo\u0107 pravnika i dr\u017eavnog odvjetni\u0161tva pisao sam tada pismo direktno na tada\u0161nje Ministarstvo zdravstva i socijalne skrbi. Sve sam im objasnio. \u010cekao sam dva mjeseca i napokon dobio rje\u0161enje. Odgovorio mi je ministar osobno, a u rje\u0161enju je pisalo da se izri\u010dito nare\u0111uje da sud i centar odmah poni\u0161te sve dotada\u0161nje odluke i radnje koje su bile usmjerene protiv mene&#8221;, obja\u0161njava proceduru i svjedo\u010di o tome da je pravda spora, ali dosti\u017ena.<\/p>\n\n\n\n<p>&#8220;To rje\u0161enje spasilo je moju djecu. Sud i centar donijeli su novu presudu od koje su najvi\u0161e koristi imala moja djeca. Presuda je glasila: Dopu\u0161ta se boravak djece kod oca i njegovih roditelja svaki vikend. Dopu\u0161teni su boravci kod oca tijekom svih ljetnih i zimskih praznika u trajanju od 20 dana&#8221;, citirao je gospodin Lukas. Sve je to na znanje dobila i njegova biv\u0161a supruga, koja je bila upozorena na pona\u0161anje i pritisak koji vr\u0161i preko maloljetne djece.<\/p>\n\n\n\n<h3 class=\"wp-block-heading\">Sna\u017ena poruka<\/h3>\n\n\n\n<p>Za kraj, gospodin Lukas svima koji se na\u0111u u situaciji sli\u010dnoj njegovoj, poru\u010duje neka ne odustaju od pravde \u2013 nikada! &#8220;Centar ponekad smatra da \u0107e se s nekim vremenskim odmakom sve rije\u0161iti samo od sebe, pa \u010deka. Ja pak smatram da bi svaka samohrana majka trebala dobiti psiholo\u0161ku pomo\u0107 i pro\u0107i terapiju u kojoj bi joj se objasnilo koliko koristi djeca imaju kad imaju podr\u0161ku cijele obitelji, s obje strane. Takva djeca su uspje\u0161nija i zdravija u \u017eivotu.&#8221;<\/p>\n\n\n\n<p>&#8220;I bake i djedovi, osim emocionalne pomo\u0107i, pru\u017eaju i financijsku pomo\u0107. Nama se zamalo dogodilo da ni baka i djed s moje strane nisu imali kontakt sa unucima, a sve zbog raznih izgovora majke koja je o\u010dito bila u osvetni\u010dkom pohodu. Idite na vi\u0161e instance, a u me\u0111uvremenu inzistirajte na kontakte s djecom makar uz nadzor Centra za socijalnu skrb. Ako se borite za pravdu, jednog dana \u0107e strana koja pravdu ometa shvatiti da je imala pogre\u0161an film u glavi&#8221;, zaklju\u010dio je svoje misli gospodin Lukas.<\/p>\n\n\n\n<div id=\"crveno\"><\/p>\n\n\n\n<h3 class=\"wp-block-heading\">Zanima nas va\u0161a pri\u010da<\/h3>\n\n\n\n<p>\u017delite li i vi, posve anonimno, podijeliti svoje iskustvo i vi\u0111enje ove teme s nama i na\u0161im \u010ditateljima, mo\u017eete to u\u010diniti putem web obrasca <a rel=\"noreferrer noopener\" href=\"https:\/\/www.mojevrijeme.hr\/magazin\/povjerljivo\/\" target=\"_blank\">Povjerljivo<\/a>. Napi\u0161ite svoju pri\u010du!<\/p>\n\n\n\n<p><\/div>\n<div id=\"mojev-3642292932\" class=\"mojev-kraj-teksta mojev-entity-placement\" style=\"margin-bottom: 20px;margin-left: auto;margin-right: auto;text-align: center;\"><div class=\"mojev-adlabel\">oglas<\/div><div style=\"height: 250px;\"><script async src=\"https:\/\/pagead2.googlesyndication.com\/pagead\/js\/adsbygoogle.js?client=ca-pub-8106111766207173\"\r\n     crossorigin=\"anonymous\"><\/script>\r\n<!-- Display-1 -->\r\n<ins class=\"adsbygoogle\"\r\n     style=\"display:block\"\r\n     data-ad-client=\"ca-pub-8106111766207173\"\r\n     data-ad-slot=\"1465712950\"\r\n     data-ad-format=\"auto\"\r\n     data-full-width-responsive=\"true\"><\/ins>\r\n<script>\r\n     (adsbygoogle = window.adsbygoogle || []).push({});\r\n<\/script><\/div><\/div>","protected":false},"excerpt":{"rendered":"<p>Duboko se u gospodina Lukasa (56) urezao brak i sve \u0161to je vodilo razvodu \u2013 ve\u0107 dvadeset godina ne mo\u017ee zaboraviti kroz \u0161to je sve pro\u0161ao u borbi za djecu. Kako svjedo\u010di u pismu koje je poslao na na\u0161u redakciju, osveta supruge bila je razaraju\u0107a i za njega i za mali\u0161ane. Borio se, opisuje, rukama i nogama, dopro do najvi\u0161ih dr\u017eavnih instanci i naposljetku uspio ostvariti pravo na vi\u0111anje djece.<\/p>\n","protected":false},"author":17,"featured_media":76987,"comment_status":"closed","ping_status":"closed","sticky":false,"template":"","format":"standard","meta":{"footnotes":""},"categories":[3552],"tags":[3437,252],"class_list":["post-76829","post","type-post","status-publish","format-standard","has-post-thumbnail","hentry","category-povjerljivo","tag-obiteljski-odnosi","tag-razvod"],"_links":{"self":[{"href":"https:\/\/www.mojevrijeme.hr\/magazin\/wp-json\/wp\/v2\/posts\/76829","targetHints":{"allow":["GET"]}}],"collection":[{"href":"https:\/\/www.mojevrijeme.hr\/magazin\/wp-json\/wp\/v2\/posts"}],"about":[{"href":"https:\/\/www.mojevrijeme.hr\/magazin\/wp-json\/wp\/v2\/types\/post"}],"author":[{"embeddable":true,"href":"https:\/\/www.mojevrijeme.hr\/magazin\/wp-json\/wp\/v2\/users\/17"}],"replies":[{"embeddable":true,"href":"https:\/\/www.mojevrijeme.hr\/magazin\/wp-json\/wp\/v2\/comments?post=76829"}],"version-history":[{"count":0,"href":"https:\/\/www.mojevrijeme.hr\/magazin\/wp-json\/wp\/v2\/posts\/76829\/revisions"}],"wp:featuredmedia":[{"embeddable":true,"href":"https:\/\/www.mojevrijeme.hr\/magazin\/wp-json\/wp\/v2\/media\/76987"}],"wp:attachment":[{"href":"https:\/\/www.mojevrijeme.hr\/magazin\/wp-json\/wp\/v2\/media?parent=76829"}],"wp:term":[{"taxonomy":"category","embeddable":true,"href":"https:\/\/www.mojevrijeme.hr\/magazin\/wp-json\/wp\/v2\/categories?post=76829"},{"taxonomy":"post_tag","embeddable":true,"href":"https:\/\/www.mojevrijeme.hr\/magazin\/wp-json\/wp\/v2\/tags?post=76829"}],"curies":[{"name":"wp","href":"https:\/\/api.w.org\/{rel}","templated":true}]}}