{"id":76858,"date":"2023-06-09T11:37:54","date_gmt":"2023-06-09T09:37:54","guid":{"rendered":"https:\/\/www.mojevrijeme.hr\/magazin\/?p=76858"},"modified":"2023-06-09T14:31:48","modified_gmt":"2023-06-09T12:31:48","slug":"vlada-mora-ukinuti-nepravednu-penalizaciju-umirovljenika-vrijeme-je","status":"publish","type":"post","link":"https:\/\/www.mojevrijeme.hr\/magazin\/2023\/06\/vlada-mora-ukinuti-nepravednu-penalizaciju-umirovljenika-vrijeme-je\/","title":{"rendered":"Vlada mora ukinuti nepravedno do\u017eivotno ka\u017enjavanje umirovljenika, vrijeme je"},"content":{"rendered":"\n<p>Znate li koliko ko\u0161ta godina radnog sta\u017ea 210.500 prijevremenih umirovljenika, koji su prosje\u010dno radili i pla\u0107ali doprinose vi\u0161e od 36 godina? Prosje\u010dna mirovina u travnju 2023. godine iznosi 422,65 eura, \u0161to zna\u010di da vrijedi samo 11,74 eura po godini! I to zato \u0161to im se do\u017eivotno oduzima tzv. penalizacija ranijeg odlaska u mirovinu, no i to ne svima isti postotak, ve\u0107 kako je kome i gdje pala sjekira, komentira za <a href=\"http:\/\/suh.hr\" target=\"_blank\" rel=\"noreferrer noopener\">Glas umirovljenika<\/a> predsjednica SUH-a <strong>Jasna A. Petrovi\u0107<\/strong>.<\/p>\n\n\n\n<p>Tzv. starosni umirovljenici kojih je danas 498.800 osoba, imaju prosje\u010dnu mirovinu od 437,43 eura, a stekli su je temeljem prosje\u010dne 32 godine radnog sta\u017ea. Njihova godina rada je \u201eskuplja\u201c, dobivaju 13,34 eura po godini, iako su kra\u0107e radili i uplatili manje doprinosa.<\/p>\n\n\n\n<p>Evo kako je to bilo. Do 1998. godine maksimalna penalizacija za pet godina ranijeg odlaska u mirovinu iznosila je 6,65 posto. Od 1. sije\u010dnja 1999. u po\u010detku 18 posto, od 2001. \u010dak 20,4%. Zatim je 1.1.2008. pala na maksimalnih 9 posto, da bi je u vrijeme ekonomske krize, od 1.1.2011. premijerka Kosor vratila na 20,4 posto. Kona\u010dno sada, zahvaljuju\u0107i sindikalnom referendumu &#8220;67 je previ\u0161e&#8221; iznosi 12 posto. Tako su i obra\u010dunavane prijevremene mirovine, kako je tko morao oti\u0107i u mirovinu, u razli\u010ditim postocima, \u0161to je tako\u0111er nepravedno.<\/p><div id=\"mojev-3508253895\" class=\"mojev-u-tekstu mojev-entity-placement\" style=\"margin-left: auto;margin-right: auto;text-align: center;\"><div class=\"mojev-adlabel\">oglas<\/div><div style=\"height: 250px;\"><script async src=\"https:\/\/pagead2.googlesyndication.com\/pagead\/js\/adsbygoogle.js?client=ca-pub-8106111766207173\"\r\n     crossorigin=\"anonymous\"><\/script>\r\n<!-- Prikazni 1 u tekstu -->\r\n<ins class=\"adsbygoogle\"\r\n     style=\"display:block\"\r\n     data-ad-client=\"ca-pub-8106111766207173\"\r\n     data-ad-slot=\"8535551207\"\r\n     data-ad-format=\"auto\"\r\n     data-full-width-responsive=\"true\"><\/ins>\r\n<script>\r\n     (adsbygoogle = window.adsbygoogle || []).push({});\r\n<\/script><\/div><\/div><br style=\"clear: both; display: block; float: none;\"\/>\n\n\n\n<h3 class=\"wp-block-heading\">Pamtimo kad kazna nije bila do\u017eivotna<\/h3>\n\n\n\n<p>Najnepravednije je, me\u0111utim, \u0161to je do 1998. penalizacija bila ne samo niska, ve\u0107 se automatski ukidala s navr\u0161avanjem potrebne \u017eivotne dobi koja je bila uvjet za &#8220;punu&#8221; starosnu mirovinu, tj. 60 godina za mu\u0161karce, a 55 godina za \u017eene, da bi od 1.1.1999. godine Hrvatski sabor ukinuo takvo poravnanje, te je vra\u0107ena do\u017eivotna penalizacija. <strong>Do\u017eivotna kazna!<\/strong><\/p>\n\n\n\n<p>Nepravedno! Prvo, to je jo\u0161 vrijeme masovne privatizacije, nerijetko &#8220;po kunu&#8221;, a novi vlasnici dru\u0161tvenih poduze\u0107a postajali su masovno politi\u010dki uglednici i njihovi prijatelji ili, pak, neki muljatori. Odjednom su biv\u0161i direktori upisani kao ve\u0107inski vlasnici &#8220;svojih&#8221; poduze\u0107a, kako bi rasprodali vrijedne nekretnine i podijelili na tisu\u0107e otkaza. Radnici su slani na burzu, gdje su neko kratko vrijeme dobivali naknadu, da bi sa stjecanjem prvog uvjeta za prijevremenu mirovinu bili otjerani i sa Zavoda za zapo\u0161ljavanje. <strong>Mar\u0161 u mirovinu!<\/strong><\/p>\n\n\n\n<p>Na Facebook stranici Pokret protiv siroma\u0161tva starijih osoba, Sindikat umirovljenika je objavio inicijativu za ponovno uvo\u0111enje automatskog ukidanja penalizacije kad se ostvari uvjete za tzv. punu starosnu mirovinu, a post je pro\u010ditalo vi\u0161e od deset tisu\u0107a umirovljenika, od \u010dega ih je 140 ostavilo svoje komentare, i to poglavito tu\u017ene osobne pri\u010de.<\/p>\n\n\n\n<h3 class=\"wp-block-heading\">U mirovinu ne svojom voljom<\/h3>\n\n\n\n<p>Tako Bla\u017eenka Kakanj iz Vinkovaca kazuje: &#8220;Otjerani smo u mirovinu ne svojom voljom i to u godinama u kojima nas nitko nije htio zaposliti. Uz sve te nevolje jo\u0161 smo i ka\u017enjeni. Imala sam 37 godina i 6 mjeseci sta\u017ea, a do\u017eivotno sam ka\u017enjena jer sam cijeli \u017eivot radila&#8221;. Seka \u0160ubi\u0107 iz Zagreba kratko komentira: &#8220;Mi smo prevareni, obespravljeni, izdani i podcijenjeni.&#8221; Mo\u017eda je slu\u010daj Fabijana Karali\u0107a najbolja ilustracija nepravde do\u017eivotne penalizacije: &#8220;U prijevremenu starosnu mirovinu oti\u0161ao sam 2010. godine \u2013 ne svojom voljom, ve\u0107 zato \u0161to je tvrtka oti\u0161la u ste\u010daj. Imao sam 43 godine radnog sta\u017ea i 63 godine \u017eivota. Nadao sam se da \u0107u nakon \u0161to navr\u0161im 65 godina \u017eivota ostvariti punu starosnu mirovinu. Me\u0111utim sada imam 76, ali i dalje mi se oduzima dio mirovine.&#8221;<\/p>\n\n\n\n\n\n<p><\/p>\n\n\n\n<p>Sindikat umirovljenika i Matica umirovljenika Hrvatske u vi\u0161e navrata su zatra\u017eili da se penalizacija ukine s navr\u0161avanjem dobi od 65 godina, a neke su umirovljeni\u010dke stranke predlo\u017eile ukidanje sa 70 godina \u017eivota. Isti se zahtjev sada ponovio i na sjednici Nacionalnog vije\u0107a za umirovljenike i starije osobe od 12. lipnja 2023., ali jo\u0161 nema pozitivnih reakcija od strane Vlade.<\/p>\n\n\n\n<h3 class=\"wp-block-heading\">Tko vi\u0161e cijeni rad i umirovljenika?<\/h3>\n\n\n\n<p>S druge strane granice, Savez samostalnih sindikata Srbije je ovih dana podr\u017eao umirovljeni\u010dke udruge i sindikate koji su zatra\u017eili ukidanje penalizacije od \u010dak 20,4 posto za pet godina ranijeg umirovljenja. Iako su u Srbiji mirovine posljednjih godina do\u0161le na 46,5 posto udjela u tamo\u0161njoj prosje\u010dnoj pla\u0107i, s tendencijom daljnjeg rasta, u Hrvatskoj smo spali na samo 35,1 posto udjela u prosje\u010dnoj pla\u0107i. Treba li nam bolji dokaz o tome koliko koja dr\u017eava cijeni rad i voli svoje umirovljenike? U Sloveniji je taj udjel 57 posto, a u Makedoniji 53 posto.<\/p>\n\n\n\n<p>Pa sad se mi mo\u017eemo praviti va\u017eni velikim uspjesima hrvatske Vlade i Hrvatske. A istodobno radnici jo\u0161 donekle kotiraju, dok su umirovljenici na margini dru\u0161tvenog interesa. Pa ako nam je tako porastao BDP, pa svi \u017eivimo u medu i mlijeku, nisu li se stekli uvjeti da se onima koji su najvi\u0161e radili i pridonosili mirovinskom fondu kona\u010dno ukinu \u201ekazneni bodovi\u201c. Samo je potrebna politi\u010dka spremnost i volja, ali i mudrost u promicanju podr\u0161ke pravim vrijednostima, kao \u0161to je rad.<\/p>\n\n\n\n<h3 class=\"wp-block-heading\">Za\u0161to se ubija srednja klasa?<\/h3>\n\n\n\n<p>No, mi toga nemamo, ve\u0107 imamo novog ministra financija koji smatra da u Hrvatskoj treba s mirovina temeljem doprinosa prije\u0107i na dr\u017eavno financiranje mirovina, ali u formi da se potpomogne rast pla\u0107a na ra\u010dun dr\u017eave. Imamo tog istog ministra koji misli da ne treba podizati osobni odbitak pri oporezivanju dohotka na vi\u0161e od 560 eura, a dok je prosje\u010dna pla\u0107a 1.130 eura, a 50 posto radnika prima mjese\u010dno manje od 946 eura. Prosje\u010dna mirovina je pak samo 412 eura, dok je medijalna 384 eura. Bravo, ministre, Va\u0161a mjera za srednju klasu je doista sramotno niska, jer valjda su Vam svi s pla\u0107om ili mirovinom vi\u0161om od 560 eura \u2013 bogati!<\/p>\n\n\n\n<p>Imamo puno zahtjeva za pobolj\u0161anje mirovina, prvo \u2013 to je rast svih mirovina, pa uskla\u0111ivanje mirovina prema 100 posto povoljnijeg indeksa rasta cijena ili pla\u0107a, pa uvo\u0111enje 13. mirovine, a ne samo nekakvih jednokratnih dodataka, priznanje dodanog sta\u017ea svim majkama neovisno kad su umirovljene\u2026 Ima toga jo\u0161 puno. No, po\u010dnimo barem s ovako o\u010ditim nepravdama poput do\u017eivotne penalizacije za one koje vi\u0161e rade. <\/p>\n\n\n\n<p>Hvala. Bit \u0107e prilike za ocjenjivanje va\u0161e dobre volje sljede\u0107e godine na izborima.<\/p>\n<div id=\"mojev-294173167\" class=\"mojev-kraj-teksta mojev-entity-placement\" style=\"margin-bottom: 20px;margin-left: auto;margin-right: auto;text-align: center;\"><div class=\"mojev-adlabel\">oglas<\/div><div style=\"height: 250px;\"><script async src=\"https:\/\/pagead2.googlesyndication.com\/pagead\/js\/adsbygoogle.js?client=ca-pub-8106111766207173\"\r\n     crossorigin=\"anonymous\"><\/script>\r\n<!-- Display-1 -->\r\n<ins class=\"adsbygoogle\"\r\n     style=\"display:block\"\r\n     data-ad-client=\"ca-pub-8106111766207173\"\r\n     data-ad-slot=\"1465712950\"\r\n     data-ad-format=\"auto\"\r\n     data-full-width-responsive=\"true\"><\/ins>\r\n<script>\r\n     (adsbygoogle = window.adsbygoogle || []).push({});\r\n<\/script><\/div><\/div>","protected":false},"excerpt":{"rendered":"<p>Odjednom su biv\u0161i direktori upisani kao ve\u0107inski vlasnici &#8216;svojih&#8217; poduze\u0107a, kako bi rasprodali vrijedne nekretnine i podijelili na tisu\u0107e otkaza. Radnici su slani na burzu, gdje su neko kratko vrijeme dobivali naknadu, da bi sa stjecanjem prvog uvjeta za prijevremenu mirovinu bili otjerani i sa Zavoda za zapo\u0161ljavanje. <\/p>\n","protected":false},"author":1,"featured_media":69690,"comment_status":"closed","ping_status":"closed","sticky":false,"template":"","format":"standard","meta":{"footnotes":""},"categories":[9],"tags":[684,3498,3000],"class_list":["post-76858","post","type-post","status-publish","format-standard","has-post-thumbnail","hentry","category-vijesti","tag-jasna-petrovic","tag-penalizacija","tag-prijevremena-mirovina"],"_links":{"self":[{"href":"https:\/\/www.mojevrijeme.hr\/magazin\/wp-json\/wp\/v2\/posts\/76858","targetHints":{"allow":["GET"]}}],"collection":[{"href":"https:\/\/www.mojevrijeme.hr\/magazin\/wp-json\/wp\/v2\/posts"}],"about":[{"href":"https:\/\/www.mojevrijeme.hr\/magazin\/wp-json\/wp\/v2\/types\/post"}],"author":[{"embeddable":true,"href":"https:\/\/www.mojevrijeme.hr\/magazin\/wp-json\/wp\/v2\/users\/1"}],"replies":[{"embeddable":true,"href":"https:\/\/www.mojevrijeme.hr\/magazin\/wp-json\/wp\/v2\/comments?post=76858"}],"version-history":[{"count":0,"href":"https:\/\/www.mojevrijeme.hr\/magazin\/wp-json\/wp\/v2\/posts\/76858\/revisions"}],"wp:featuredmedia":[{"embeddable":true,"href":"https:\/\/www.mojevrijeme.hr\/magazin\/wp-json\/wp\/v2\/media\/69690"}],"wp:attachment":[{"href":"https:\/\/www.mojevrijeme.hr\/magazin\/wp-json\/wp\/v2\/media?parent=76858"}],"wp:term":[{"taxonomy":"category","embeddable":true,"href":"https:\/\/www.mojevrijeme.hr\/magazin\/wp-json\/wp\/v2\/categories?post=76858"},{"taxonomy":"post_tag","embeddable":true,"href":"https:\/\/www.mojevrijeme.hr\/magazin\/wp-json\/wp\/v2\/tags?post=76858"}],"curies":[{"name":"wp","href":"https:\/\/api.w.org\/{rel}","templated":true}]}}