{"id":76867,"date":"2023-06-10T08:18:03","date_gmt":"2023-06-10T06:18:03","guid":{"rendered":"https:\/\/www.mojevrijeme.hr\/magazin\/?p=76867"},"modified":"2023-06-10T09:27:10","modified_gmt":"2023-06-10T07:27:10","slug":"baka-ruza-86-nema-mi-goreg-nego-kad-me-pitaju-kud-se-vucem-s-tim-stapom","status":"publish","type":"post","link":"https:\/\/www.mojevrijeme.hr\/magazin\/2023\/06\/baka-ruza-86-nema-mi-goreg-nego-kad-me-pitaju-kud-se-vucem-s-tim-stapom\/","title":{"rendered":"&#8216;Nema mi goreg nego kad me pitaju kud se vu\u010dem s tim \u0161tapom&#8217;"},"content":{"rendered":"\n<p>U \u010detiri desetlje\u0107a koliko gospo\u0111a Ru\u017ea \u017eivi u tom istom malom stanu u Novom Zagrebu, svi su se stanari, pri\u010da nam, izmijenili. &#8220;Prije sam imala prijateljice, posu\u0111ivale smo \u0161e\u0107er, sol, jaja, kako bi kojoj \u0161to prifalilo. Sada su mi ili pomrle, ili su kod djece, ili u stara\u010dkom domu. Evo na svom katu vi\u0161e nikog ne poznajem, a ovi novi \u0161to do\u0111u samo gledaju svoja posla, nitko vi\u0161e nikoga i ne pogleda&#8221;, po\u017ealila nam se.<\/p>\n\n\n\n<p>Zato se i ona nekako povukla u sebe. Ne povede vi\u0161e nikakav razgovor sa stanarima, tek s pekaricom i prodava\u010dicom svaki dan razmijeni nekoliko rije\u010di.<\/p>\n\n\n\n<h3 class=\"wp-block-heading\">Samo\u0107a je te\u0161ka<\/h3>\n\n\n\n<p>&#8220;K\u0107i i unuk do\u0111u mi jednom, rijetko dvaput tjedno, naj\u010de\u0161\u0107e subotom ili nedjeljom, donesu mi ru\u010dak, pomognu i po\u010distiti, popri\u010damo pa odu. Onda morate razumjeti da je moj tjedan dug i koliko mi zna\u010di onih nekoliko srda\u010dnih rije\u010di prodava\u010dica kad do\u0111em po kruh u pekaru, i poslije u du\u0107an. Pa ja vam za svaku od njih znam koliko je dugo s mu\u017eem, koliko djece imaju, kako \u017eive. Kao da su moje&#8221;, govori gospo\u0111a Ru\u017ea.<\/p><div id=\"mojev-1553394943\" class=\"mojev-u-tekstu mojev-entity-placement\" style=\"margin-left: auto;margin-right: auto;text-align: center;\"><div class=\"mojev-adlabel\">oglas<\/div><div style=\"height: 250px;\"><script async src=\"https:\/\/pagead2.googlesyndication.com\/pagead\/js\/adsbygoogle.js?client=ca-pub-8106111766207173\"\r\n     crossorigin=\"anonymous\"><\/script>\r\n<!-- Prikazni 1 u tekstu -->\r\n<ins class=\"adsbygoogle\"\r\n     style=\"display:block\"\r\n     data-ad-client=\"ca-pub-8106111766207173\"\r\n     data-ad-slot=\"8535551207\"\r\n     data-ad-format=\"auto\"\r\n     data-full-width-responsive=\"true\"><\/ins>\r\n<script>\r\n     (adsbygoogle = window.adsbygoogle || []).push({});\r\n<\/script><\/div><\/div><br style=\"clear: both; display: block; float: none;\"\/>\n\n\n\n<p>Kolko puta pomislimo da na\u0161i stariji, koje svakodnevno susre\u0107emo, sigurno imaju svakodnevnu podr\u0161ku obitelji i prijatelja i da se ne treba gurati gdje nam nije mjesto. A upravo je gospo\u0111a Ru\u017ea dobar primjer  kako lijepa ljudska rije\u010d i ljubazan osmijeh na\u0161im starijim sugra\u0111anima mogu razvedriti dan.<\/p>\n\n\n\n<p>Dok ovo pi\u0161em, pomislim \u0161to bih danas u\u010dinila da se mogu vratiti u dan kad sam prije nekoliko godina, vidjev\u0161i da jedna starija susjeda ve\u0107 \u010deka lift, \u0161mugnula natrag u stan da je ne sretnem. Bila je stra\u0161no naporna, a danas shva\u0107am da je bila u u\u017easnoj boli i samo\u0107i jer je nad\u017eivjela ne samo supruga, ve\u0107 i k\u0107i jedinicu.<\/p>\n\n\n\n<p>Zato me ba\u0161 zaboljelo kad mi je gospo\u0111a Ru\u017ea u razgovoru rekla da ju okolina zna povrijediti jer joj ljudi \u010dak otvoreno daju do znanja da misle kako u ovom zdravstvenom stanju ne bi trebala hodati po vani.<\/p>\n\n\n\n<p>&#8220;Svjesna sam ja da te\u0161ko i sa \u0161tapom hodam, da sam pogrbljena, da je to nekome mo\u017eda i te\u0161ko gledati, a nekoga i iznervira. Ali je \u010dudno da danas starog \u010dovjeka vi\u0161e nitko ne pita kako je, nego za\u0161to hoda po vani. Mene&nbsp;znaju pitati zar mi nitko ne mo\u017ee donijeti iz du\u0107ana \u0161to trebam. Vi\u0161e mi je ljudi odbrusilo da kud se vu\u010dem s tim \u0161tapom. To mi je najgore od svega. A \u010dula sam od par njih i da im je \u017eao mene ovakve jadne. Ne zna \u010dovjek \u0161to bi im rekao, pitam se gdje je nestala empatija, gdje su vedra lica i malo humora u ovom svijetu&#8221;, ka\u017ee gospo\u0111a Ru\u017ea.<\/p>\n\n\n\n<h3 class=\"wp-block-heading\">Obe\u0107ala si je da \u0107e svaki dan iza\u0107i<\/h3>\n\n\n\n<p>Objasnila je potom da si je obe\u0107ala svaki dan iza\u0107i. &#8220;Kad mi je umro suprug prije deset godina, to je i mene skoro u grob otjeralo. Htjela je k\u0107i da do\u0111em kod nje, ali nisam im htjela smetati, starom \u010dovjeku je njegova ku\u0107ica njegova slobodica, pa makar to bio i sama\u010dki stan na 11 katu. Ali ja sam sama jako patila, povukla se od svijeta, plakala i uzdisala, tablete sam pila. U po\u010detku si nisam htjela ni kuhati, sva sam bila potonula.&#8221;<\/p>\n\n\n\n<p>&#8220;Jedno jutro sam uvidjela da ovako dalje ne\u0107e i\u0107i, da se moram malo sabrati. Moji su mi govorili da po\u010dnem malo izlaziti van, tada su me i noge jo\u0161 dobro slu\u017eile. Po\u010dela sam si kuhati i upisala sam se na vje\u017ebe za umirovljenike. To me preporodilo. Sada mi se pogor\u0161alo s kukom i koljenima, kri\u017ea me bole, ali moram se dizati i kretati dok god ide. Ja sam si obe\u0107ala da \u0107u se di\u0107i iz kreveta i iza\u0107i i napraviti tih par koraka dok god bude u mojoj mo\u0107i. Imam boljih dana i dana kad me sve boli, ali ja idem. Napravim tu krug do pekare i do du\u0107ana, uzmem koliko mogu nositi, ostalo mi k\u0107i donese.&#8221;<\/p>\n\n\n\n<p>&#8220;Puno mi zna\u010di i ako na klupici zateknem nekoga mojih godina, pa popri\u010damo. Jer sjediti u stanu je depresija, ovako ipak \u010dovjek malo razbije dan&#8221;, rekla je dok smo se pozdravljale.<\/p>\n\n\n\n<div id=\"crveno\"><\/p>\n\n\n\n<h3 class=\"wp-block-heading\">Zanima nas va\u0161a pri\u010da<\/h3>\n\n\n\n<p>\u017delite li i vi, posve anonimno, podijeliti svoje iskustvo i vi\u0111enje ove teme s nama i na\u0161im \u010ditateljima, mo\u017eete to u\u010diniti putem web obrasca <a rel=\"noreferrer noopener\" href=\"https:\/\/www.mojevrijeme.hr\/magazin\/povjerljivo\/\" target=\"_blank\">Povjerljivo<\/a>. Napi\u0161ite svoju pri\u010du!<\/p>\n\n\n\n<p><\/div>\n<div id=\"mojev-566925305\" class=\"mojev-kraj-teksta mojev-entity-placement\" style=\"margin-bottom: 20px;margin-left: auto;margin-right: auto;text-align: center;\"><div class=\"mojev-adlabel\">oglas<\/div><div style=\"height: 250px;\"><script async src=\"https:\/\/pagead2.googlesyndication.com\/pagead\/js\/adsbygoogle.js?client=ca-pub-8106111766207173\"\r\n     crossorigin=\"anonymous\"><\/script>\r\n<!-- Display-1 -->\r\n<ins class=\"adsbygoogle\"\r\n     style=\"display:block\"\r\n     data-ad-client=\"ca-pub-8106111766207173\"\r\n     data-ad-slot=\"1465712950\"\r\n     data-ad-format=\"auto\"\r\n     data-full-width-responsive=\"true\"><\/ins>\r\n<script>\r\n     (adsbygoogle = window.adsbygoogle || []).push({});\r\n<\/script><\/div><\/div>","protected":false},"excerpt":{"rendered":"<p>Gospo\u0111a Ru\u017ea (86) \u017eivi na 11 katu zagreba\u010dkog nebodera. Lift ju povezuje s ljudima i ono malo prirode \u0161to okru\u017euje njezinu zgradu ispred koje je, u hladu, i klupica na kojoj rado sjedi. Svaki dan se prisili, kako ka\u017ee, &#8216;spustiti na zemlju&#8217;, da ne zakr\u017elja duhom i tijelom.<\/p>\n","protected":false},"author":17,"featured_media":57467,"comment_status":"closed","ping_status":"closed","sticky":false,"template":"","format":"standard","meta":{"footnotes":""},"categories":[3552],"tags":[423],"class_list":["post-76867","post","type-post","status-publish","format-standard","has-post-thumbnail","hentry","category-povjerljivo","tag-usamljenost"],"_links":{"self":[{"href":"https:\/\/www.mojevrijeme.hr\/magazin\/wp-json\/wp\/v2\/posts\/76867","targetHints":{"allow":["GET"]}}],"collection":[{"href":"https:\/\/www.mojevrijeme.hr\/magazin\/wp-json\/wp\/v2\/posts"}],"about":[{"href":"https:\/\/www.mojevrijeme.hr\/magazin\/wp-json\/wp\/v2\/types\/post"}],"author":[{"embeddable":true,"href":"https:\/\/www.mojevrijeme.hr\/magazin\/wp-json\/wp\/v2\/users\/17"}],"replies":[{"embeddable":true,"href":"https:\/\/www.mojevrijeme.hr\/magazin\/wp-json\/wp\/v2\/comments?post=76867"}],"version-history":[{"count":0,"href":"https:\/\/www.mojevrijeme.hr\/magazin\/wp-json\/wp\/v2\/posts\/76867\/revisions"}],"wp:featuredmedia":[{"embeddable":true,"href":"https:\/\/www.mojevrijeme.hr\/magazin\/wp-json\/wp\/v2\/media\/57467"}],"wp:attachment":[{"href":"https:\/\/www.mojevrijeme.hr\/magazin\/wp-json\/wp\/v2\/media?parent=76867"}],"wp:term":[{"taxonomy":"category","embeddable":true,"href":"https:\/\/www.mojevrijeme.hr\/magazin\/wp-json\/wp\/v2\/categories?post=76867"},{"taxonomy":"post_tag","embeddable":true,"href":"https:\/\/www.mojevrijeme.hr\/magazin\/wp-json\/wp\/v2\/tags?post=76867"}],"curies":[{"name":"wp","href":"https:\/\/api.w.org\/{rel}","templated":true}]}}