{"id":76976,"date":"2023-06-11T11:41:35","date_gmt":"2023-06-11T09:41:35","guid":{"rendered":"https:\/\/www.mojevrijeme.hr\/magazin\/?p=76976"},"modified":"2023-06-11T11:42:34","modified_gmt":"2023-06-11T09:42:34","slug":"umirovljenici-izlaze-na-ceste-previse-smo-dali-da-bi-danas-moljakali","status":"publish","type":"post","link":"https:\/\/www.mojevrijeme.hr\/magazin\/2023\/06\/umirovljenici-izlaze-na-ceste-previse-smo-dali-da-bi-danas-moljakali\/","title":{"rendered":"Umirovljenici izlaze na ceste? &#8216;Previ\u0161e smo dali da bi danas moljakali&#8217;"},"content":{"rendered":"\n<p>Politi\u010dka platforma Umirovljenici zajedno zatra\u017eila je od vlasti ukidanje do\u017eivotne penalizacije prijevremene mirovine te pove\u0107anje udjela mirovine u hrvatskom BDP-u na prosjek EU-a, pri \u010demu su zaprijetili pozivanjem umirovljenika na prosvjede.<\/p>\n\n\n\n<p>Umirovljenici zajedno poru\u010dili su da ih skupine koje su se izborile proteklih tjedana za ve\u0107a materijalna prava, prijete\u0107i \u0161trajkom ili ga i provode\u0107i, navode na razmi\u0161ljanje o pozivanju umirovljenika na prosvjede za rje\u0161avanje problema standarda \u017eivota.<\/p>\n\n\n\n<p>Umirovljenici su previ\u0161e dali dru\u0161tvu da bi se nekome stalno moljakali, da bi bili stalno zapostavljani u pobolj\u0161anju svog materijalnog statusa i drugih prava, poru\u010dila je ta platforma koja okuplja Stranku umirovljenika, Blok umirovljenici zajedno i Demokratsku stranku umirovljenika.<\/p><div id=\"mojev-1504309711\" class=\"mojev-u-tekstu mojev-entity-placement\" style=\"margin-left: auto;margin-right: auto;text-align: center;\"><div class=\"mojev-adlabel\">oglas<\/div><div style=\"height: 250px;\"><script async src=\"https:\/\/pagead2.googlesyndication.com\/pagead\/js\/adsbygoogle.js?client=ca-pub-8106111766207173\"\r\n     crossorigin=\"anonymous\"><\/script>\r\n<!-- Prikazni 1 u tekstu -->\r\n<ins class=\"adsbygoogle\"\r\n     style=\"display:block\"\r\n     data-ad-client=\"ca-pub-8106111766207173\"\r\n     data-ad-slot=\"8535551207\"\r\n     data-ad-format=\"auto\"\r\n     data-full-width-responsive=\"true\"><\/ins>\r\n<script>\r\n     (adsbygoogle = window.adsbygoogle || []).push({});\r\n<\/script><\/div><\/div><br style=\"clear: both; display: block; float: none;\"\/>\n\n\n\n<p>Upozorili su da je strpljenje umirovljenika pri kraju, \u0161to bi po njihovim rije\u010dima moglo pokrenuti lavinu s nepredvidivim posljedicama za sve politi\u010dke aktere. Smatraju kako bi prosvjedom Vladu prisilili na \u017eurno rje\u0161avanje goru\u0107eg problema standarda gra\u0111ana, posebno umirovljenika.<\/p>\n\n\n\n<p>S obzirom na to da su u svibnju Sindikat umirovljenika Hrvatske i Matica umirovljenika Hrvatske najavili mogu\u0107nost prosvjeda, smatraju da je sve izvjesnije da bi se uz zajedni\u010dki dogovor umirovljeni\u010dkih udruga i stranaka Platforme u vrlo skoro vrijeme mogao dogoditi javni bunt umirovljenika, me\u0111u kojima oko pola milijuna prima mirovine ispod linije siroma\u0161tva.<\/p>\n\n\n\n<p>Umirovljenici zajedno tra\u017ee da se ukine do\u017eivotna penalizacija jer oni koji su oti\u0161li u prijevremenu mirovinu imaju u prosjeku ne\u0161to vi\u0161e od 36 godina radnog sta\u017ea, odnosno pet godina vi\u0161e od onih koji su ostvarili punu starosnu mirovinu bez ikakve penalizacije.<\/p>\n\n\n\n<p>Tra\u017ee i da udio mirovine u hrvatskom BDP-u bude u prosjeku EU, oko 12,5 posto umjesto 10,2 posto \u010dime bi se odmah smanjilo siroma\u0161tvo umirovljenika te institut javnog pravobranitelja za umirovljenike, ali i bo\u017ei\u0107nice i uskrsnice svim umirovljenicima, 13. mirovinu, bolju medicinsku skrb, vi\u0161e domova za umirovljenike, ve\u0107u zastupljenost u informativnim programima HRT-a.<\/p>\n\n\n\n<p>&#8220;Nema nikakve dvojbe da su svi dosada\u0161nji vladini paketi mjera umirovljenicima bili dobro do\u0161la pomo\u0107, ali to jednostavno nije rje\u0161enje koje zadovoljava umirovljenike. Na Vladi je odgovor na pitanje ho\u0107e li se s umirovljenicima dogovarati i rje\u0161avati probleme za stolom ili \u0107e umirovljenici prethodno morati dokazivati svoju snagu na trgovima&#8221;, isti\u010du Umirovljenici zajedno.<\/p>\n\n\n\n<p><a href=\"https:\/\/vijesti.hrt.hr\/hrvatska\/milivoj-spika-10829339\"><\/a><\/p>\n<div id=\"mojev-4223378857\" class=\"mojev-kraj-teksta mojev-entity-placement\" style=\"margin-bottom: 20px;margin-left: auto;margin-right: auto;text-align: center;\"><div class=\"mojev-adlabel\">oglas<\/div><div style=\"height: 250px;\"><script async src=\"https:\/\/pagead2.googlesyndication.com\/pagead\/js\/adsbygoogle.js?client=ca-pub-8106111766207173\"\r\n     crossorigin=\"anonymous\"><\/script>\r\n<!-- Display-1 -->\r\n<ins class=\"adsbygoogle\"\r\n     style=\"display:block\"\r\n     data-ad-client=\"ca-pub-8106111766207173\"\r\n     data-ad-slot=\"1465712950\"\r\n     data-ad-format=\"auto\"\r\n     data-full-width-responsive=\"true\"><\/ins>\r\n<script>\r\n     (adsbygoogle = window.adsbygoogle || []).push({});\r\n<\/script><\/div><\/div>","protected":false},"excerpt":{"rendered":"<p>Nema nikakve dvojbe da su svi dosada\u0161nji vladini paketi mjera umirovljenicima bili dobro do\u0161la pomo\u0107, ali to jednostavno nije rje\u0161enje koje zadovoljava umirovljenike. <\/p>\n","protected":false},"author":1,"featured_media":76977,"comment_status":"closed","ping_status":"closed","sticky":false,"template":"","format":"standard","meta":{"footnotes":""},"categories":[9],"tags":[3498,687,3306],"class_list":["post-76976","post","type-post","status-publish","format-standard","has-post-thumbnail","hentry","category-vijesti","tag-penalizacija","tag-prosvjedi","tag-umirovljenici-zajedno"],"_links":{"self":[{"href":"https:\/\/www.mojevrijeme.hr\/magazin\/wp-json\/wp\/v2\/posts\/76976","targetHints":{"allow":["GET"]}}],"collection":[{"href":"https:\/\/www.mojevrijeme.hr\/magazin\/wp-json\/wp\/v2\/posts"}],"about":[{"href":"https:\/\/www.mojevrijeme.hr\/magazin\/wp-json\/wp\/v2\/types\/post"}],"author":[{"embeddable":true,"href":"https:\/\/www.mojevrijeme.hr\/magazin\/wp-json\/wp\/v2\/users\/1"}],"replies":[{"embeddable":true,"href":"https:\/\/www.mojevrijeme.hr\/magazin\/wp-json\/wp\/v2\/comments?post=76976"}],"version-history":[{"count":0,"href":"https:\/\/www.mojevrijeme.hr\/magazin\/wp-json\/wp\/v2\/posts\/76976\/revisions"}],"wp:featuredmedia":[{"embeddable":true,"href":"https:\/\/www.mojevrijeme.hr\/magazin\/wp-json\/wp\/v2\/media\/76977"}],"wp:attachment":[{"href":"https:\/\/www.mojevrijeme.hr\/magazin\/wp-json\/wp\/v2\/media?parent=76976"}],"wp:term":[{"taxonomy":"category","embeddable":true,"href":"https:\/\/www.mojevrijeme.hr\/magazin\/wp-json\/wp\/v2\/categories?post=76976"},{"taxonomy":"post_tag","embeddable":true,"href":"https:\/\/www.mojevrijeme.hr\/magazin\/wp-json\/wp\/v2\/tags?post=76976"}],"curies":[{"name":"wp","href":"https:\/\/api.w.org\/{rel}","templated":true}]}}