{"id":76998,"date":"2023-06-12T06:52:44","date_gmt":"2023-06-12T04:52:44","guid":{"rendered":"https:\/\/www.mojevrijeme.hr\/magazin\/?p=76998"},"modified":"2023-06-12T06:53:13","modified_gmt":"2023-06-12T04:53:13","slug":"umirovljenici-gladni-smo-hrelja-nije-humano-prosvjedovati-ljeti-i-zimi","status":"publish","type":"post","link":"https:\/\/www.mojevrijeme.hr\/magazin\/2023\/06\/umirovljenici-gladni-smo-hrelja-nije-humano-prosvjedovati-ljeti-i-zimi\/","title":{"rendered":"Umirovljenici: Gladni smo! Hrelja: Nije humano prosvjedovati ljeti i zimi!"},"content":{"rendered":"\n<p>Politi\u010dka platforma &#8220;Umirovljenici zajedno&#8221; Vladi je zaprijetila prosvjedom. Upozoravaju na\u00a0nehumane uvjete\u00a0u kojima \u017eivi velik dio gra\u0111ana tre\u0107e dobi.<\/p>\n\n\n\n<p>Pola milijuna ih prima mirovinu\u00a0<strong>ispod linije siroma\u0161tva\u00a0<\/strong>pa tra\u017ee da se udio mirovine u BDP-u pove\u0107a na europski prosjek. \u017dele i institut javnog pravobranitelja za umirovljeni\u010dku populaciju, 13. mirovinu, jeftinije lijekove, vi\u0161e domova i bolju medicinsku skrb, javlja <a rel=\"noreferrer noopener\" href=\"https:\/\/dnevnik.hr\/vijesti\/hrvatska\/politicka-platforma-umirovljenici-zajedno-vladi-zaprijetila-prosvjedom---786284.html\" target=\"_blank\">Nova TV<\/a>.<\/p>\n\n\n\n<p>Iz vladaju\u0107e stranke zasad se ne ogla\u0161avaju. Koalicijski partner\u00a0<strong>Silvano Hrelja<\/strong>\u00a0pak ka\u017ee da postoji niz problema koje treba rije\u0161iti u mirovinskom sustavu: &#8220;Mo\u017eemo sigurno pokrenuti odre\u0111ene inicijative, a ni zima ni ljeto nije humano forsirati umirovljenike na bilo kakve prosvjede.&#8221;<\/p><div id=\"mojev-1597973090\" class=\"mojev-u-tekstu mojev-entity-placement\" style=\"margin-left: auto;margin-right: auto;text-align: center;\"><div class=\"mojev-adlabel\">oglas<\/div><div style=\"height: 250px;\"><script async src=\"https:\/\/pagead2.googlesyndication.com\/pagead\/js\/adsbygoogle.js?client=ca-pub-8106111766207173\"\r\n     crossorigin=\"anonymous\"><\/script>\r\n<!-- Prikazni 1 u tekstu -->\r\n<ins class=\"adsbygoogle\"\r\n     style=\"display:block\"\r\n     data-ad-client=\"ca-pub-8106111766207173\"\r\n     data-ad-slot=\"8535551207\"\r\n     data-ad-format=\"auto\"\r\n     data-full-width-responsive=\"true\"><\/ins>\r\n<script>\r\n     (adsbygoogle = window.adsbygoogle || []).push({});\r\n<\/script><\/div><\/div><br style=\"clear: both; display: block; float: none;\"\/>\n\n\n\n<p>&#8220;Bih, sigurno. Apsolutno da&#8221;, odgovorila je Ivanka na pitanje bi li\u00a0podr\u017eala prosvjed, a na pitanje kako je biti u mirovini u Hrvatskoj odgovorila je: &#8220;Jadno, jadno, nemate za kruh&#8221;. &#8220;Na\u0161u Vladu nije briga za nas. Niti najmanje. Kako se sna\u0111emo, sna\u0111emo se. To vam je tako na\u017ealost&#8221;, poru\u010dio je\u00a0<strong>Drago Petrovi\u0107<\/strong>, umirovljenik. &#8220;Da nema tih fla\u0161a plasti\u010dnih, pitala bih ljude kako bi hodali ti umirovljenici. Gladni su, znate, imam par prijatelja i prijateljica\u00a0<strong>koji su gladni<\/strong>&#8220;, napomenula je Biserka, umirovljenica.<\/p>\n<div id=\"mojev-154052386\" class=\"mojev-kraj-teksta mojev-entity-placement\" style=\"margin-bottom: 20px;margin-left: auto;margin-right: auto;text-align: center;\"><div class=\"mojev-adlabel\">oglas<\/div><div style=\"height: 250px;\"><script async src=\"https:\/\/pagead2.googlesyndication.com\/pagead\/js\/adsbygoogle.js?client=ca-pub-8106111766207173\"\r\n     crossorigin=\"anonymous\"><\/script>\r\n<!-- Display-1 -->\r\n<ins class=\"adsbygoogle\"\r\n     style=\"display:block\"\r\n     data-ad-client=\"ca-pub-8106111766207173\"\r\n     data-ad-slot=\"1465712950\"\r\n     data-ad-format=\"auto\"\r\n     data-full-width-responsive=\"true\"><\/ins>\r\n<script>\r\n     (adsbygoogle = window.adsbygoogle || []).push({});\r\n<\/script><\/div><\/div>","protected":false},"excerpt":{"rendered":"<p>Podaci platforme koja prosvjed inicira pokazuju da oko pola milijuna umirovljenika \u017eivi ispod granice siroma\u0161tva. Njihove su \u017eelje skromne pa tako Ivanka ka\u017ee da ne pije ni sok jer je preskup, a Drago bi \u017eelio oti\u0107i na more.<\/p>\n","protected":false},"author":1,"featured_media":26248,"comment_status":"closed","ping_status":"closed","sticky":false,"template":"","format":"standard","meta":{"footnotes":""},"categories":[9],"tags":[687,553,237,236,77],"class_list":["post-76998","post","type-post","status-publish","format-standard","has-post-thumbnail","hentry","category-vijesti","tag-prosvjedi","tag-silvano-hrelja","tag-siromastvo","tag-standard","tag-umirovljenici"],"_links":{"self":[{"href":"https:\/\/www.mojevrijeme.hr\/magazin\/wp-json\/wp\/v2\/posts\/76998","targetHints":{"allow":["GET"]}}],"collection":[{"href":"https:\/\/www.mojevrijeme.hr\/magazin\/wp-json\/wp\/v2\/posts"}],"about":[{"href":"https:\/\/www.mojevrijeme.hr\/magazin\/wp-json\/wp\/v2\/types\/post"}],"author":[{"embeddable":true,"href":"https:\/\/www.mojevrijeme.hr\/magazin\/wp-json\/wp\/v2\/users\/1"}],"replies":[{"embeddable":true,"href":"https:\/\/www.mojevrijeme.hr\/magazin\/wp-json\/wp\/v2\/comments?post=76998"}],"version-history":[{"count":0,"href":"https:\/\/www.mojevrijeme.hr\/magazin\/wp-json\/wp\/v2\/posts\/76998\/revisions"}],"wp:featuredmedia":[{"embeddable":true,"href":"https:\/\/www.mojevrijeme.hr\/magazin\/wp-json\/wp\/v2\/media\/26248"}],"wp:attachment":[{"href":"https:\/\/www.mojevrijeme.hr\/magazin\/wp-json\/wp\/v2\/media?parent=76998"}],"wp:term":[{"taxonomy":"category","embeddable":true,"href":"https:\/\/www.mojevrijeme.hr\/magazin\/wp-json\/wp\/v2\/categories?post=76998"},{"taxonomy":"post_tag","embeddable":true,"href":"https:\/\/www.mojevrijeme.hr\/magazin\/wp-json\/wp\/v2\/tags?post=76998"}],"curies":[{"name":"wp","href":"https:\/\/api.w.org\/{rel}","templated":true}]}}