{"id":77061,"date":"2023-06-12T21:24:57","date_gmt":"2023-06-12T19:24:57","guid":{"rendered":"https:\/\/www.mojevrijeme.hr\/magazin\/?p=77061"},"modified":"2023-06-12T21:25:01","modified_gmt":"2023-06-12T19:25:01","slug":"cacic-u-igri-vlade-i-sindikata-gube-najsiromasniji-a-to-su-umirovljenici","status":"publish","type":"post","link":"https:\/\/www.mojevrijeme.hr\/magazin\/2023\/06\/cacic-u-igri-vlade-i-sindikata-gube-najsiromasniji-a-to-su-umirovljenici\/","title":{"rendered":"\u010ca\u010di\u0107: U igri Vlade i sindikata gube najsiroma\u0161niji, a to su umirovljenici"},"content":{"rendered":"\n<p>Predsjednik Narodne stranke &#8211; Reformisti i biv\u0161i ministar gospodarstva Radimir \u010ca\u010di\u0107 za <a rel=\"noreferrer noopener\" href=\"https:\/\/n1info.hr\/vijesti\/cacic-o-strajkovima-gledamo-lovice-vlada-bjezi-a-sindikati-love\/\" target=\"_blank\">N1<\/a> je komentirao politi\u010dke aktualnosti. Izme\u0111u ostalog, nekoliko je puta spomenuo i umirovljenike.<\/p>\n\n\n\n<p>O povi\u0161icama koje je Vlada najavila javnim slu\u017ebenicima i namje\u0161tenicima, \u010ca\u010di\u0107 ka\u017ee: &#8220;Mo\u017ee se, naravno. I mora. To nije sporno ni tema, ali to vam je jedna utrka lovice. Vlada bje\u017ei, a sindikati to &#8216;love&#8217;. Imaju neki instrument pa mogu nekako ucijeniti vladaju\u0107e, za razliku od umirovljenika. I koliko god dugo Vlada bje\u017ei, prora\u010dun se eksplozivno puni i lak\u0161e je dati. Poku\u0161ali su re\u0107i da to ide od 1. sije\u010dnja, ali nisu sindikati potpuno od ju\u010der. Njihovi \u0161efovi su jedini vje\u010dni, koliko pamtim, a pamtim dugo.&#8221;<\/p>\n\n\n\n<p>&#8220;Znaju, izborna je godina, sad je trenutak, imaju sve argumente. Slu\u017ebena procjena HNB-a za ovu godinu bilo je da \u0107e inflacija iznositi 7,5 posto, prosje\u010dna pla\u0107a je ne\u0161to ve\u0107a od tisu\u0107u eura i kad se to pomno\u017ei kroz 12 mjeseci, to je 900 eura. Toliko se izgubi u jednoj godini i ako na kraju te godine pove\u0107aju pla\u0107e od 60 do 100, na polovici godine slu\u017ebenici \u0107e zapravo dobiti pola od onoga \u0161to je uzeto kroz inflaciju i preliveno u prora\u010dun. Sve je to igra u kojoj gube najsiroma\u0161niji, a to su umirovljenici.&#8221;<\/p><div id=\"mojev-2632733684\" class=\"mojev-u-tekstu mojev-entity-placement\" style=\"margin-left: auto;margin-right: auto;text-align: center;\"><div class=\"mojev-adlabel\">oglas<\/div><div style=\"height: 250px;\"><script async src=\"https:\/\/pagead2.googlesyndication.com\/pagead\/js\/adsbygoogle.js?client=ca-pub-8106111766207173\"\r\n     crossorigin=\"anonymous\"><\/script>\r\n<!-- Prikazni 1 u tekstu -->\r\n<ins class=\"adsbygoogle\"\r\n     style=\"display:block\"\r\n     data-ad-client=\"ca-pub-8106111766207173\"\r\n     data-ad-slot=\"8535551207\"\r\n     data-ad-format=\"auto\"\r\n     data-full-width-responsive=\"true\"><\/ins>\r\n<script>\r\n     (adsbygoogle = window.adsbygoogle || []).push({});\r\n<\/script><\/div><\/div><br style=\"clear: both; display: block; float: none;\"\/>\n\n\n\n<p>Ukratko, \u010ca\u010di\u0107 tvrdi da si Vlada sve to mo\u017ee priu\u0161titi. \u201cIzbori su pred vratima, a oni to mogu i moraju ispuniti. Naime, inflacija je za svaku vladu predivan mehanizam jer kad se malo odmakne, drugdje se slijeva\u201d, istaknuo je \u010ca\u010di\u0107 za N1.<\/p>\n\n\n\n<p>Ho\u0107e li Zakon o pla\u0107ama i\u0161ta rije\u0161iti? &#8220;Naravno, on to ne\u0107e rije\u0161iti, ali dobro je da se napravi bilo kakav red. Sve je bolje od potpune anarhije, koju sad u glavnom imamo. Da \u0107emo rije\u0161iti pitanje mogu\u0107nosti eliminacije onih koji su lo\u0161i, to sa svim sigurno nije rje\u0161enje koje tra\u017ei novi zakon jer je to i dalje mogu\u0107e. Samo, to je proces koji traje maksimalno devet mjeseci&#8221;, zaklju\u010dio je \u010ca\u010di\u0107. <\/p>\n<div id=\"mojev-2168587709\" class=\"mojev-kraj-teksta mojev-entity-placement\" style=\"margin-bottom: 20px;margin-left: auto;margin-right: auto;text-align: center;\"><div class=\"mojev-adlabel\">oglas<\/div><div style=\"height: 250px;\"><script async src=\"https:\/\/pagead2.googlesyndication.com\/pagead\/js\/adsbygoogle.js?client=ca-pub-8106111766207173\"\r\n     crossorigin=\"anonymous\"><\/script>\r\n<!-- Display-1 -->\r\n<ins class=\"adsbygoogle\"\r\n     style=\"display:block\"\r\n     data-ad-client=\"ca-pub-8106111766207173\"\r\n     data-ad-slot=\"1465712950\"\r\n     data-ad-format=\"auto\"\r\n     data-full-width-responsive=\"true\"><\/ins>\r\n<script>\r\n     (adsbygoogle = window.adsbygoogle || []).push({});\r\n<\/script><\/div><\/div>","protected":false},"excerpt":{"rendered":"<p>Izbori su pred vratima, a oni to mogu i moraju ispuniti. Naime, inflacija je za svaku vladu predivan mehanizam jer kad se malo odmakne, drugdje se slijeva, ka\u017ee \u010ca\u010di\u0107.<\/p>\n","protected":false},"author":1,"featured_media":77062,"comment_status":"closed","ping_status":"closed","sticky":false,"template":"","format":"standard","meta":{"footnotes":""},"categories":[9],"tags":[18,3564,1852],"class_list":["post-77061","post","type-post","status-publish","format-standard","has-post-thumbnail","hentry","category-vijesti","tag-mirovine","tag-radimir-cacic","tag-strajk"],"_links":{"self":[{"href":"https:\/\/www.mojevrijeme.hr\/magazin\/wp-json\/wp\/v2\/posts\/77061","targetHints":{"allow":["GET"]}}],"collection":[{"href":"https:\/\/www.mojevrijeme.hr\/magazin\/wp-json\/wp\/v2\/posts"}],"about":[{"href":"https:\/\/www.mojevrijeme.hr\/magazin\/wp-json\/wp\/v2\/types\/post"}],"author":[{"embeddable":true,"href":"https:\/\/www.mojevrijeme.hr\/magazin\/wp-json\/wp\/v2\/users\/1"}],"replies":[{"embeddable":true,"href":"https:\/\/www.mojevrijeme.hr\/magazin\/wp-json\/wp\/v2\/comments?post=77061"}],"version-history":[{"count":0,"href":"https:\/\/www.mojevrijeme.hr\/magazin\/wp-json\/wp\/v2\/posts\/77061\/revisions"}],"wp:featuredmedia":[{"embeddable":true,"href":"https:\/\/www.mojevrijeme.hr\/magazin\/wp-json\/wp\/v2\/media\/77062"}],"wp:attachment":[{"href":"https:\/\/www.mojevrijeme.hr\/magazin\/wp-json\/wp\/v2\/media?parent=77061"}],"wp:term":[{"taxonomy":"category","embeddable":true,"href":"https:\/\/www.mojevrijeme.hr\/magazin\/wp-json\/wp\/v2\/categories?post=77061"},{"taxonomy":"post_tag","embeddable":true,"href":"https:\/\/www.mojevrijeme.hr\/magazin\/wp-json\/wp\/v2\/tags?post=77061"}],"curies":[{"name":"wp","href":"https:\/\/api.w.org\/{rel}","templated":true}]}}