{"id":77119,"date":"2023-06-14T08:35:34","date_gmt":"2023-06-14T06:35:34","guid":{"rendered":"https:\/\/www.mojevrijeme.hr\/magazin\/?p=77119"},"modified":"2023-06-14T11:06:46","modified_gmt":"2023-06-14T09:06:46","slug":"za-39-godina-staza-370-eura-mirovine-mogao-sam-jos-raditi-ali-zivci-su-mi-popustili","status":"publish","type":"post","link":"https:\/\/www.mojevrijeme.hr\/magazin\/2023\/06\/za-39-godina-staza-370-eura-mirovine-mogao-sam-jos-raditi-ali-zivci-su-mi-popustili\/","title":{"rendered":"&#8216;Za 39 godina sta\u017ea, 370 eura mirovine: Mogao sam jo\u0161 raditi, ali \u017eivci su mi popustili&#8217;"},"content":{"rendered":"\n<p>Gospodin Marko od 39 godina neprekidnog sta\u017ea, koliko ih je mukotrpno nakupio, u posljednjih trideset godina na radnom mjestu niti jednom nije bio na bolovanju. Niti jedan jedini dan nije izostao s posla! A danas ne mo\u017ee normalno \u017eivjeti s mirovinom.<\/p>\n\n\n\n<p>&#8220;Radio sam poslove sa srednjom stru\u010dnom spremom. Od 39 godina radnog sta\u017ea, 29 godina sam proveo u dr\u017eavnom sektoru. Djelatnici koju su radili po raznim kancelarijama i na vi\u0161im polo\u017eajima sebi su mogli namjestiti koeficijente za dobre pla\u0107e, a mi sa srednjom nismo mogli imati niti ono \u0161to se zove normalna pla\u0107a. Drugim rije\u010dima, na\u0161 je koeficijent bio nerealan&#8221;, pi\u0161e nam na\u0161 \u010ditatelj. Ta ga je nepravda silno mu\u010dila, do te mjere da je bio spreman na penalizaciju zbog odlaska u prijevremenu mirovinu.<\/p>\n\n\n\n<h3 class=\"wp-block-heading\"><strong>Borba s vjetrenja\u010dama<\/strong><\/h3>\n\n\n\n<p>&#8220;Da je bilo sve kako treba i po\u0161teno, radio bih sigurno do svoje 65. godine \u017eivota. Ali ja jednostavno vi\u0161e nisam mogao trpjeti tu nepravdu pa sam u mirovinu oti\u0161ao ve\u0107 sa 60 godina.&nbsp;Posljednjih godina na poslu nisam imao niti regres, niti sam primao uskrsnicu, a bo\u017ei\u0107nicu sam dobio jako malu&#8221;, povjerio nam je u pismu gospodin Marko.<\/p><div id=\"mojev-3504412315\" class=\"mojev-u-tekstu mojev-entity-placement\" style=\"margin-left: auto;margin-right: auto;text-align: center;\"><div class=\"mojev-adlabel\">oglas<\/div><div style=\"height: 250px;\"><script async src=\"https:\/\/pagead2.googlesyndication.com\/pagead\/js\/adsbygoogle.js?client=ca-pub-8106111766207173\"\r\n     crossorigin=\"anonymous\"><\/script>\r\n<!-- Prikazni 1 u tekstu -->\r\n<ins class=\"adsbygoogle\"\r\n     style=\"display:block\"\r\n     data-ad-client=\"ca-pub-8106111766207173\"\r\n     data-ad-slot=\"8535551207\"\r\n     data-ad-format=\"auto\"\r\n     data-full-width-responsive=\"true\"><\/ins>\r\n<script>\r\n     (adsbygoogle = window.adsbygoogle || []).push({});\r\n<\/script><\/div><\/div><br style=\"clear: both; display: block; float: none;\"\/>\n\n\n\n<p>Borio se, tvrdi nadalje, za kolektivni ugovor prema kojem bi mogao ostvariti neka svoja prava, ali gotovo nitko ga nije podr\u017eao \u2013 jednostavno nije bilo dovoljno zainteresiranih. Sve ga je to pomalo obeshrabrivalo u nadi za bolju budu\u0107nost. No, nije posustajao, pa je kucao i na vrata nadle\u017enih, no i tada je dobio samo \u2013 pljusku.<\/p>\n\n\n\n<h3 class=\"wp-block-heading\"><strong>Direktor ga izbacivao iz ureda<\/strong><\/h3>\n\n\n\n<p>&#8220;Bio sam u vi\u0161e navrata maltretiran od strane direktora, pa \u010dak i izbacivan iz njegovog ureda. To se dogodilo svaki put kad bih nastojao tra\u017eiti neka svoja prava i prava za sve djelatnike. U jednom sam trenutku uvidio da ovako sam ne mogu u\u010diniti ni\u0161ta protiv sustava ovakvog kakav je, pa sam odlu\u010dio oti\u0107i u prijevremenu mirovinu&#8221;, pi\u0161e na\u0161 duboko razo\u010darani \u010ditatelj.<\/p>\n\n\n\n<p>Shvatio je, naime, poput mnogih radnika koji se osje\u0107aju iskori\u0161tavanima i ugnjetavanima, da se s rogatima ne isplati bosti i da je za njihovo psihi\u010dko zdravlje bolje da se na vrijeme povuku.<\/p>\n\n\n\n\n\n<p><\/p>\n\n\n\n<p>&#8220;Kad sa sve sagledao, razmi\u0161ljao sam na na\u010din da je bolje imati i manju mirovinu, a sa\u010duvati zdravlje i \u017eivce, nego uzalud tjerati pravdu. \u0160to je tu je. Ne znam, \u010dini se da mnogi ljudi, kad se uspinju na neku vi\u0161u funkciju, \u010dine se u redu, trebaju te, a kad zauzmu fotelju, onda te odbace. Za kraj, lijep pozdrav svim dobrim ljudima&#8221;, rije\u010di su kojima je svoje pismo zaklju\u010dio gospodin Marko.<\/p>\n\n\n\n<div id=\"sivo\"><\/p>\n\n\n\n<h3 class=\"wp-block-heading\">Penalizacija<\/h3>\n\n\n\n<p><strong>Polazni faktor za odre\u0111ivanje prijevremene starosne mirovine trajno se smanjuje za 0,2%&nbsp;<\/strong>za svaki mjesec ranijeg ostvarivanja prava na mirovinu prije navr\u0161enih godina \u017eivota osiguranika propisanih za stjecanje prava na starosnu mirovinu, neovisno o du\u017eini mirovinskog sta\u017ea.<\/p>\n\n\n\n<p><\/div>\n\n\n\n<div id=\"crveno\"><\/p>\n\n\n\n<h3 class=\"wp-block-heading\">Zanima nas va\u0161a pri\u010da<\/h3>\n\n\n\n<p>\u017delite li i vi, posve anonimno, podijeliti svoje iskustvo i vi\u0111enje ove teme s nama i na\u0161im \u010ditateljima, mo\u017eete to u\u010diniti putem web obrasca <a rel=\"noreferrer noopener\" href=\"https:\/\/www.mojevrijeme.hr\/magazin\/povjerljivo\/\" target=\"_blank\">Povjerljivo<\/a>. Napi\u0161ite svoju pri\u010du!<\/p>\n\n\n\n<p><\/div>\n<div id=\"mojev-4155564764\" class=\"mojev-kraj-teksta mojev-entity-placement\" style=\"margin-bottom: 20px;margin-left: auto;margin-right: auto;text-align: center;\"><div class=\"mojev-adlabel\">oglas<\/div><div style=\"height: 250px;\"><script async src=\"https:\/\/pagead2.googlesyndication.com\/pagead\/js\/adsbygoogle.js?client=ca-pub-8106111766207173\"\r\n     crossorigin=\"anonymous\"><\/script>\r\n<!-- Display-1 -->\r\n<ins class=\"adsbygoogle\"\r\n     style=\"display:block\"\r\n     data-ad-client=\"ca-pub-8106111766207173\"\r\n     data-ad-slot=\"1465712950\"\r\n     data-ad-format=\"auto\"\r\n     data-full-width-responsive=\"true\"><\/ins>\r\n<script>\r\n     (adsbygoogle = window.adsbygoogle || []).push({});\r\n<\/script><\/div><\/div>","protected":false},"excerpt":{"rendered":"<p>Na\u0161 \u010ditatelj Marko svjedo\u010di da je za 39 godina sta\u017ea, od toga 29 godina u dr\u017eavnom sektoru, dobio 370 eura mirovine. S time danas jako te\u0161ko \u017eivi. Kako? Znaju samo oni \u010diji nov\u010danik nije deblji od toga.<\/p>\n","protected":false},"author":17,"featured_media":77162,"comment_status":"closed","ping_status":"closed","sticky":false,"template":"","format":"standard","meta":{"footnotes":""},"categories":[3552],"tags":[18,3498],"class_list":["post-77119","post","type-post","status-publish","format-standard","has-post-thumbnail","hentry","category-povjerljivo","tag-mirovine","tag-penalizacija"],"_links":{"self":[{"href":"https:\/\/www.mojevrijeme.hr\/magazin\/wp-json\/wp\/v2\/posts\/77119","targetHints":{"allow":["GET"]}}],"collection":[{"href":"https:\/\/www.mojevrijeme.hr\/magazin\/wp-json\/wp\/v2\/posts"}],"about":[{"href":"https:\/\/www.mojevrijeme.hr\/magazin\/wp-json\/wp\/v2\/types\/post"}],"author":[{"embeddable":true,"href":"https:\/\/www.mojevrijeme.hr\/magazin\/wp-json\/wp\/v2\/users\/17"}],"replies":[{"embeddable":true,"href":"https:\/\/www.mojevrijeme.hr\/magazin\/wp-json\/wp\/v2\/comments?post=77119"}],"version-history":[{"count":0,"href":"https:\/\/www.mojevrijeme.hr\/magazin\/wp-json\/wp\/v2\/posts\/77119\/revisions"}],"wp:featuredmedia":[{"embeddable":true,"href":"https:\/\/www.mojevrijeme.hr\/magazin\/wp-json\/wp\/v2\/media\/77162"}],"wp:attachment":[{"href":"https:\/\/www.mojevrijeme.hr\/magazin\/wp-json\/wp\/v2\/media?parent=77119"}],"wp:term":[{"taxonomy":"category","embeddable":true,"href":"https:\/\/www.mojevrijeme.hr\/magazin\/wp-json\/wp\/v2\/categories?post=77119"},{"taxonomy":"post_tag","embeddable":true,"href":"https:\/\/www.mojevrijeme.hr\/magazin\/wp-json\/wp\/v2\/tags?post=77119"}],"curies":[{"name":"wp","href":"https:\/\/api.w.org\/{rel}","templated":true}]}}