{"id":77165,"date":"2023-06-14T08:57:16","date_gmt":"2023-06-14T06:57:16","guid":{"rendered":"https:\/\/www.mojevrijeme.hr\/magazin\/?p=77165"},"modified":"2023-06-14T08:59:12","modified_gmt":"2023-06-14T06:59:12","slug":"puno-je-spornih-situacija-mirovina-u-bih-ponekad-se-ceka-godinama","status":"publish","type":"post","link":"https:\/\/www.mojevrijeme.hr\/magazin\/2023\/06\/puno-je-spornih-situacija-mirovina-u-bih-ponekad-se-ceka-godinama\/","title":{"rendered":"Puno je spornih situacija: Mirovina u BiH ponekad se \u010deka godinama"},"content":{"rendered":"\n<p>Zakonski rok za dobivanje mirovine u Federaciji BiH je od 30 do 60 dana, ve\u0107ina umirovljenika to pravo i ostvari u tom roku, me\u0111utim, veliki broj osiguranika na prvu mirovinu \u010deka mnogo dulje, nerijetko po pola godine, a ponekad i godinama, pi\u0161e&nbsp;<a rel=\"noreferrer noopener\" href=\"http:\/\/vecernji.ba\" target=\"_blank\">Ve\u010dernji list BiH<\/a>.<\/p>\n\n\n\n<p>Razlozi za prolongiranje su brojni te Federalni zavod MIO na njih ne mo\u017ee utjecati. Neupla\u0107eni doprinosi za mirovinsko i invalidsko osiguranje od poslodavaca za razna razdoblja osiguranja; ostvareni sta\u017e kod inozemnih nositelja osiguranja; pribavljanje nalaza, ocjena i mi\u0161ljenja od Instituta za medicinsko vje\u0161ta\u010denja zdravstvenog osiguranja u predmetima ostvarivanja prava po osnovi invalidnosti osiguranika; dokazivanje sta\u017ea ostvarenog kod inozemnih nositelja osiguranja, odnosno pribavljanja potvrda o sta\u017eu od nositelja osiguranja u skladu s me\u0111unarodnim ugovorima; dokazivanje stra\u017ea osiguranja koji nije evidentiran u bazi mati\u010dne evidencije ovog Zavoda u skladu s \u010dlankom 99. Zakona o MIO; pogre\u0161no evidentirani podaci o sta\u017eu osiguranja od poslodavaca, kao i nedostavljanje potrebne dokumentacije od osiguranika naj\u010de\u0161\u0107i su razlozi zbog kojih osobe koje su ispunile zakonske uvjete na mirovinu \u010dekaju i po nekoliko mjeseci.<\/p>\n\n\n\n<p>Na jednoj od proteklih sjednica Zastupni\u010dkog doma FBiH postavljeno je pitanje za\u0161to se ne po\u0161tuje zakonski rok za rje\u0161avanje zahtjeva za mirovine. Iz Zavoda su objasnili kako nadle\u017ene slu\u017ebe u postupku dono\u0161enja odluka vrlo \u010desto nailaze na sporne situacije koje nisu u nadle\u017enosti Zavoda, a bez \u010dijeg prethodnog rje\u0161avanja nije mogu\u0107e odlu\u010diti o ostvarivanju prava iz mirovinskog i invalidskog osiguranja.<\/p><div id=\"mojev-3414208011\" class=\"mojev-u-tekstu mojev-entity-placement\" style=\"margin-left: auto;margin-right: auto;text-align: center;\"><div class=\"mojev-adlabel\">oglas<\/div><div style=\"height: 250px;\"><script async src=\"https:\/\/pagead2.googlesyndication.com\/pagead\/js\/adsbygoogle.js?client=ca-pub-8106111766207173\"\r\n     crossorigin=\"anonymous\"><\/script>\r\n<!-- Prikazni 1 u tekstu -->\r\n<ins class=\"adsbygoogle\"\r\n     style=\"display:block\"\r\n     data-ad-client=\"ca-pub-8106111766207173\"\r\n     data-ad-slot=\"8535551207\"\r\n     data-ad-format=\"auto\"\r\n     data-full-width-responsive=\"true\"><\/ins>\r\n<script>\r\n     (adsbygoogle = window.adsbygoogle || []).push({});\r\n<\/script><\/div><\/div><br style=\"clear: both; display: block; float: none;\"\/>\n\n\n\n<p>Obrazla\u017eu\u0107i navedeno, istaknuli su ranije iznesene razloge koji naj\u010de\u0161\u0107e prolongiraju dono\u0161enje odluka, a time i isplatu mirovine. Navode i kako u tim situacijama slu\u017ebenici Zavoda koji zaprimaju zahtjeve osiguranika, kao i voditelji upravnog postupka odmah obavje\u0161tavaju podnositelja zahtjeva o potrebi poduzimanja aktivnosti kako bi se zakonske obveze izmirile (nedostaju\u0107i doprinosi za mirovinsko i invalidsko osiguranje) te kako bi se nu\u017eni podaci uredno i pravilno evidentirali u bazi podataka Zavoda. Objasnili su kako je poznato da tisu\u0107ama osiguranika nisu u potpunosti upla\u0107eni doprinosi za mirovinsko i invalidsko osiguranje te da osiguranici vode sudske sporove kako s trenuta\u010dnim poslodavcima tako i s poslodavcima kod kojih su ranije bili prijavljeni na obvezno osiguranje. U takvim situacijama nadle\u017ena slu\u017eba Zavoda ne mo\u017ee donijeti odluku u zakonom propisanom roku dok se ne rije\u0161i prethodno pitanje, koje nije u nadle\u017enosti Federalnog zavoda za mirovinsko i invalidsko osiguranje.<\/p>\n\n\n\n<p>&#8220;U predmetima u kojima su osiguranici, uz mirovinski sta\u017e ostvaren u BiH, ostvarili i sta\u017e u drugim dr\u017eavama, potrebno je, u skladu s me\u0111unarodnim ugovorima, pribaviti sve podatke i dokumentaciju od inozemnih nositelja osiguranja, a \u0161to utje\u010de na trajanje postupka. U takvoj situaciji nalaze se na tisu\u0107e podnositelja zahtjeva te postupci po njihovima zahtjevima iz navedenih razloga traju mjesecima, a u nekim slu\u010dajevima i godinama&#8221;, objasnili su iz Zavoda.<\/p>\n\n\n\n<p>Va\u017eno je naglasiti kako se pravo na mirovinu ra\u010duna od datuma ispunjenja uvjeta pod uvjetom da je zahtjev podnesen najkasnije tri mjeseca od trenutka ispunjenja uvjeta. Ako je pro\u0161lo vi\u0161e od tri mjeseca od ispunjenja uvjeta, datum ostvarivanja prava ra\u010duna se tri mjeseca unatrag od podno\u0161enja zahtjeva. \u0160to zna\u010di da \u0107e svi oni koji \u010dekaju dobiti zaostatke.<a href=\"https:\/\/www.poslovni.hr\/kompanije\/ove-dvije-kompanije-imaju-samo-17-zaposlenih-a-usle-su-na-top-10-listu-s-najvecim-prihodima-u-hrvatskoj-4394123?utm_source=Vecernji&amp;utm_medium=below_article\" target=\"_blank\" rel=\"noreferrer noopener\"><\/a><\/p>\n<div id=\"mojev-286015392\" class=\"mojev-kraj-teksta mojev-entity-placement\" style=\"margin-bottom: 20px;margin-left: auto;margin-right: auto;text-align: center;\"><div class=\"mojev-adlabel\">oglas<\/div><div style=\"height: 250px;\"><script async src=\"https:\/\/pagead2.googlesyndication.com\/pagead\/js\/adsbygoogle.js?client=ca-pub-8106111766207173\"\r\n     crossorigin=\"anonymous\"><\/script>\r\n<!-- Display-1 -->\r\n<ins class=\"adsbygoogle\"\r\n     style=\"display:block\"\r\n     data-ad-client=\"ca-pub-8106111766207173\"\r\n     data-ad-slot=\"1465712950\"\r\n     data-ad-format=\"auto\"\r\n     data-full-width-responsive=\"true\"><\/ins>\r\n<script>\r\n     (adsbygoogle = window.adsbygoogle || []).push({});\r\n<\/script><\/div><\/div>","protected":false},"excerpt":{"rendered":"<p>Iz Zavoda su objasnili kako nadle\u017ene slu\u017ebe u postupku dono\u0161enja odluka vrlo \u010desto nailaze na sporne situacije koje nisu u nadle\u017enosti Zavoda, a bez \u010dijeg prethodnog rje\u0161avanja nije mogu\u0107e odlu\u010diti o ostvarivanju prava iz mirovinskog i invalidskog osiguranja.<\/p>\n","protected":false},"author":1,"featured_media":71299,"comment_status":"closed","ping_status":"closed","sticky":false,"template":"","format":"standard","meta":{"footnotes":""},"categories":[9],"tags":[1011,18],"class_list":["post-77165","post","type-post","status-publish","format-standard","has-post-thumbnail","hentry","category-vijesti","tag-bih","tag-mirovine"],"_links":{"self":[{"href":"https:\/\/www.mojevrijeme.hr\/magazin\/wp-json\/wp\/v2\/posts\/77165","targetHints":{"allow":["GET"]}}],"collection":[{"href":"https:\/\/www.mojevrijeme.hr\/magazin\/wp-json\/wp\/v2\/posts"}],"about":[{"href":"https:\/\/www.mojevrijeme.hr\/magazin\/wp-json\/wp\/v2\/types\/post"}],"author":[{"embeddable":true,"href":"https:\/\/www.mojevrijeme.hr\/magazin\/wp-json\/wp\/v2\/users\/1"}],"replies":[{"embeddable":true,"href":"https:\/\/www.mojevrijeme.hr\/magazin\/wp-json\/wp\/v2\/comments?post=77165"}],"version-history":[{"count":0,"href":"https:\/\/www.mojevrijeme.hr\/magazin\/wp-json\/wp\/v2\/posts\/77165\/revisions"}],"wp:featuredmedia":[{"embeddable":true,"href":"https:\/\/www.mojevrijeme.hr\/magazin\/wp-json\/wp\/v2\/media\/71299"}],"wp:attachment":[{"href":"https:\/\/www.mojevrijeme.hr\/magazin\/wp-json\/wp\/v2\/media?parent=77165"}],"wp:term":[{"taxonomy":"category","embeddable":true,"href":"https:\/\/www.mojevrijeme.hr\/magazin\/wp-json\/wp\/v2\/categories?post=77165"},{"taxonomy":"post_tag","embeddable":true,"href":"https:\/\/www.mojevrijeme.hr\/magazin\/wp-json\/wp\/v2\/tags?post=77165"}],"curies":[{"name":"wp","href":"https:\/\/api.w.org\/{rel}","templated":true}]}}