{"id":77170,"date":"2023-06-15T17:50:49","date_gmt":"2023-06-15T15:50:49","guid":{"rendered":"https:\/\/www.mojevrijeme.hr\/magazin\/?p=77170"},"modified":"2023-06-15T17:50:52","modified_gmt":"2023-06-15T15:50:52","slug":"branka-60-selo-mi-se-smije-sin-je-otisao-s-najboljom-snahinom-prijateljicom","status":"publish","type":"post","link":"https:\/\/www.mojevrijeme.hr\/magazin\/2023\/06\/branka-60-selo-mi-se-smije-sin-je-otisao-s-najboljom-snahinom-prijateljicom\/","title":{"rendered":"Branka (60): Selo mi se smije, sin je oti\u0161ao s najboljom snahinom prijateljicom"},"content":{"rendered":"\n<p>Za gospo\u0111u Branku razvod braka je grijeh, tako je odgojena i tako ju u\u010di Sveto pismo. Njezin \u0161ok kad je saznala za razvod sina bio je ravan najve\u0107oj tragediji. &#8220;Ja sam samo jaukala, ponavljala sam \u0161to me je to sna\u0161lo. Danima sam se sabirala, zvala jednog, pa drugog&#8221;, govori i danas s ubrzanim otkucajima srca.<\/p>\n\n\n\n<p>&#8220;Sin je samo rekao da je to tako, da on odlazi od prve \u017eene i da tu ne mogu ni\u0161ta promijeniti, ali nije ulazio u dublje razgovore sa mnom. A i nema mi \u0161to puno govoriti \u0161to i kako je bilo, ta \u017eena, njena prijateljica, dolazila je k njima, i ja sam je tamo jednom, dvaput vidjela. Mo\u017eda su se njih dvoje jo\u0161 negdje sretali, malo smo mjesto. Tu se ne\u0161to razvilo, kako i kada sada nije ni va\u017eno&#8221;, govori uzrujano gospo\u0111a Branka.<\/p>\n\n\n\n<h3 class=\"wp-block-heading\">&#8220;Snaha za sve optu\u017euje mene&#8221;<\/h3>\n\n\n\n<p>Kad je vidjela da tu nema pomo\u0107i i da bi joj sin mogao okrenuti le\u0111a ako nastavi pani\u010dariti, prisila se stati na loptu. &#8220;Rekla sam im da mi dovedu unu\u010dicu dok sve ne rije\u0161e, ali je onda snaha rekla da malena ide k njezinima, da smo svi mi najgori ljudi na svijetu. Tu ja nju razumijem, vjerojatno bi i sama u ljutnji i bijesu i ljubomori tako razmi\u0161ljala. Voljela bi da se i ona poslo\u017ei, jer sada ima otrovan jezik. Mene \u0107e ovo dotu\u0107i, a moram se praviti jaka, ne \u017eelim izgubiti sina i unuku&#8221;, rekla je.<\/p><div id=\"mojev-1470256194\" class=\"mojev-u-tekstu mojev-entity-placement\" style=\"margin-left: auto;margin-right: auto;text-align: center;\"><div class=\"mojev-adlabel\">oglas<\/div><div style=\"height: 250px;\"><script async src=\"https:\/\/pagead2.googlesyndication.com\/pagead\/js\/adsbygoogle.js?client=ca-pub-8106111766207173\"\r\n     crossorigin=\"anonymous\"><\/script>\r\n<!-- Prikazni 1 u tekstu -->\r\n<ins class=\"adsbygoogle\"\r\n     style=\"display:block\"\r\n     data-ad-client=\"ca-pub-8106111766207173\"\r\n     data-ad-slot=\"8535551207\"\r\n     data-ad-format=\"auto\"\r\n     data-full-width-responsive=\"true\"><\/ins>\r\n<script>\r\n     (adsbygoogle = window.adsbygoogle || []).push({});\r\n<\/script><\/div><\/div><br style=\"clear: both; display: block; float: none;\"\/>\n\n\n\n<p>Najte\u017ee joj pada \u0161to ju je snaha, koju je voljela, nazvala i rekla joj da je ona za sve kriva, da ga je u svemu uvijek branila, da nju nikad nije podr\u017eala kad joj se na bilo \u0161to oko njega po\u017ealila. <\/p>\n\n\n\n<p>&#8220;Ona se \u017ealila jedino na to da on ni\u0161ta po ku\u0107i ne radi, da je sve na njoj, da kako on ne vidi ni pra\u0161inu, ni prljave podove, ni ve\u0161 u ko\u0161ari. Znam da je rijetko i kuhao, i na to se \u017ealila, da ni\u0161ta ne preuzme doma, a da oboje rade. Ja sam ga branila, govorila joj da nije ba\u0161 tako da ne\u0107e ba\u0161 ni\u0161ta, ipak se puno i oko k\u0107eri davao, razvozio, vodio, igrao se s njom, ne znam, meni se \u010dinilo da je svojoj \u017eeni dobar. Ali evo \u0161to se na kraju dogodilo&#8221;, govori dalje.<\/p>\n\n\n\n<p>Potom je naglasila da nema istine u tome da bi ona bila kriva za raspad tog braka. &#8220;To nije istina, meni se ona vi\u0161e svi\u0111a kao osoba od ove nove sinovljeve \u017eene, ja nju i nakon dosta mjeseci ne mogu i vjerojatno i ne\u0107u pre\u017ealiti. Rekla sam joj to, ali ne \u017eeli \u010duti. Pa ljudi dragi ja sam njega na koljenima molila da se predomisli. Ali to je sada predaleko oti\u0161lo, on se, vidim, ne\u0107e vratiti u taj brak, krenuo je sa \u017eivotom, a i u snahi je previ\u0161e prkosa i gor\u010dine&#8221;, ispri\u010dala je na\u0161a sugovornica.<\/p>\n\n\n\n<h3 class=\"wp-block-heading\">Zli jezici peku<\/h3>\n\n\n\n<p>\u0160to i kako \u0107e se dogovoriti oko k\u0107eri, odnosno njezine unuke, ka\u017ee, ne mo\u017ee govoriti dok ne vidi papirnato rje\u0161enje. Svoga sina poznaje toliko da zna da \u0107e tra\u017eiti redovno vrijeme sa svojom k\u0107eri jedinicom. &#8220;Nadam se da biv\u0161a snaha s njezine strane ne\u0107e ko\u010diti vi\u0111anje male s ocem, to bi ipak na\u0161kodilo djetetu. Ja je malo vidim, i patim toliko da vam ne mogu opisati koliko patim. To \u0107e na\u0161u obitelj zauvijek pratiti, a ja sada mogu jedino sjesti i plakati, ili mogu svaki dan moliti da Bog sve okrene na dobro.&#8221;<\/p>\n\n\n\n<p>&#8220;Znam i da nas cijelo mjesto ogovara, zamislite vi koja je to drama oti\u0107i s prijateljicom od \u017eene\u2026 ali te jezike \u0107u nekako podnijeti. Samo da mi se obitelj vrati u kakvu takvu normalu&#8221;, rekla je za kraj gospo\u0111a Branka.<\/p>\n\n\n\n<div id=\"crveno\"><\/p>\n\n\n\n<h3 class=\"wp-block-heading\">Zanima nas va\u0161a pri\u010da<\/h3>\n\n\n\n<p>\u017delite li i vi, posve anonimno, podijeliti svoje iskustvo i vi\u0111enje ove teme s nama i na\u0161im \u010ditateljima, mo\u017eete to u\u010diniti putem web obrasca <a rel=\"noreferrer noopener\" href=\"https:\/\/www.mojevrijeme.hr\/magazin\/povjerljivo\/\" target=\"_blank\">Povjerljivo<\/a>. Napi\u0161ite svoju pri\u010du!<\/p>\n\n\n\n<p><\/div>\n<div id=\"mojev-560240610\" class=\"mojev-kraj-teksta mojev-entity-placement\" style=\"margin-bottom: 20px;margin-left: auto;margin-right: auto;text-align: center;\"><div class=\"mojev-adlabel\">oglas<\/div><div style=\"height: 250px;\"><script async src=\"https:\/\/pagead2.googlesyndication.com\/pagead\/js\/adsbygoogle.js?client=ca-pub-8106111766207173\"\r\n     crossorigin=\"anonymous\"><\/script>\r\n<!-- Display-1 -->\r\n<ins class=\"adsbygoogle\"\r\n     style=\"display:block\"\r\n     data-ad-client=\"ca-pub-8106111766207173\"\r\n     data-ad-slot=\"1465712950\"\r\n     data-ad-format=\"auto\"\r\n     data-full-width-responsive=\"true\"><\/ins>\r\n<script>\r\n     (adsbygoogle = window.adsbygoogle || []).push({});\r\n<\/script><\/div><\/div>","protected":false},"excerpt":{"rendered":"<p>Gospo\u0111a Branka (60) iz Dalmacije mislila je da njezin sin ima dobar brak, a sa snahom se izvrsno slagala. \u017divjela je blizu njih i \u010desto bi k njima navra\u0107ala, jer je povremeno \u010duvala unu\u010dicu. Kad je \u010dula da se razvode primila se, ka\u017ee, za glavu, a kad je saznala tko je tre\u0107a osoba, zamalo se onesvijestila.<\/p>\n","protected":false},"author":17,"featured_media":77294,"comment_status":"closed","ping_status":"closed","sticky":false,"template":"","format":"standard","meta":{"footnotes":""},"categories":[3552],"tags":[3437,1436,358,252,3550],"class_list":["post-77170","post","type-post","status-publish","format-standard","has-post-thumbnail","hentry","category-povjerljivo","tag-obiteljski-odnosi","tag-povjerljivo","tag-preljub","tag-razvod","tag-svekrve-i-snahe"],"_links":{"self":[{"href":"https:\/\/www.mojevrijeme.hr\/magazin\/wp-json\/wp\/v2\/posts\/77170","targetHints":{"allow":["GET"]}}],"collection":[{"href":"https:\/\/www.mojevrijeme.hr\/magazin\/wp-json\/wp\/v2\/posts"}],"about":[{"href":"https:\/\/www.mojevrijeme.hr\/magazin\/wp-json\/wp\/v2\/types\/post"}],"author":[{"embeddable":true,"href":"https:\/\/www.mojevrijeme.hr\/magazin\/wp-json\/wp\/v2\/users\/17"}],"replies":[{"embeddable":true,"href":"https:\/\/www.mojevrijeme.hr\/magazin\/wp-json\/wp\/v2\/comments?post=77170"}],"version-history":[{"count":0,"href":"https:\/\/www.mojevrijeme.hr\/magazin\/wp-json\/wp\/v2\/posts\/77170\/revisions"}],"wp:featuredmedia":[{"embeddable":true,"href":"https:\/\/www.mojevrijeme.hr\/magazin\/wp-json\/wp\/v2\/media\/77294"}],"wp:attachment":[{"href":"https:\/\/www.mojevrijeme.hr\/magazin\/wp-json\/wp\/v2\/media?parent=77170"}],"wp:term":[{"taxonomy":"category","embeddable":true,"href":"https:\/\/www.mojevrijeme.hr\/magazin\/wp-json\/wp\/v2\/categories?post=77170"},{"taxonomy":"post_tag","embeddable":true,"href":"https:\/\/www.mojevrijeme.hr\/magazin\/wp-json\/wp\/v2\/tags?post=77170"}],"curies":[{"name":"wp","href":"https:\/\/api.w.org\/{rel}","templated":true}]}}