{"id":77192,"date":"2023-06-15T08:36:12","date_gmt":"2023-06-15T06:36:12","guid":{"rendered":"https:\/\/www.mojevrijeme.hr\/magazin\/?p=77192"},"modified":"2023-06-15T08:37:58","modified_gmt":"2023-06-15T06:37:58","slug":"zaboraviti-ce-kako-izgledaju-vec-cetiri-i-pol-godine-baka-i-djed-iz-istre-ne-smiju-vidjeti-unuke","status":"publish","type":"post","link":"https:\/\/www.mojevrijeme.hr\/magazin\/2023\/06\/zaboraviti-ce-kako-izgledaju-vec-cetiri-i-pol-godine-baka-i-djed-iz-istre-ne-smiju-vidjeti-unuke\/","title":{"rendered":"Zaboraviti \u0107e kako izgledaju! Baka i djed iz Istre ne smiju vidjeti unuke"},"content":{"rendered":"\n<p>O tome koliko pati on sam, a ni\u0161ta manje ni njegovi roditelji koji su potpuno li\u0161eni svoje uloge bake i djeda, u pismu nam je na\u0161iroko opisao duboko razo\u010darani otac troje djece iz Istre, kojega \u0107emo, po\u0161tuju\u0107i njegovu privatnost, nazvati <strong>Mladen<\/strong>.<\/p>\n\n\n\n<p>Gospodin Mladen (52) nije se nadao da \u0107e na pragu petog desetlje\u0107a \u017eivota pro\u017eivljavati najve\u0107u no\u0107nu moru u svom \u017eivotu. \u201dNa\u017ealost, pi\u0161em vam jednu tu\u017enu, ali istinitu pri\u010du. Naslovio sam pismo sa \u201dPripadnik mu\u0161kog spola &#8211; za hrvatsko pravosu\u0111e nitko i ni\u0161ta\u201d, jer to tako do\u017eivljavam. &nbsp;Naime, ve\u0107 \u010detiri i pol godine nadle\u017ene institucije i biv\u0161a supruga zabranjuju meni i mojim roditeljima vi\u0111anje mojih troje djece. Razo\u010daran sam Centrom za socijalnu skrb i hrvatskim pravosu\u0111em koje je potpisnik me\u0111unarodne Konvencije o pravima djeteta&#8221;, zapo\u010dinje svoje pismo gospodin Mladen.<\/p>\n\n\n\n<h3 class=\"wp-block-heading\">Vje\u0161ta\u010denja u prilog ocu<\/h3>\n\n\n\n<p>Kako ka\u017ee, dugih \u010detiri i pol godine djecu on, baka ni djed uop\u0107e nisu vidjeli, a kako tvrdi, sve zbog la\u017enih iskaza njegove biv\u0161e \u017eene. &#8220;Biv\u0161a supruga prepri\u010dala je na sudu neistinit doga\u0111aj. Pravosu\u0111e je po zakonu svaka dva mjeseca du\u017eno preispitati i sazvati sjednicu o produljenju ili prekidu mjera vi\u0111anja djece. Ali na\u0161e pravosu\u0111e to napravi svake druge godine, s tim da i tada reagiraju na \u017ealbu vi\u0161eg suda. Onda mi opet po\u0161alju negativno rje\u0161enje, bez obzira na to \u0161to imaju mi\u0161ljenje Centra za socijalnu skrb da otac smije vidjeti djecu&#8221;, tvrdi gospodin Mladen. Posljedi\u010dno, to se odnosi i na njegove roditelje, odnosno baku i djeda.<\/p><div id=\"mojev-2293810486\" class=\"mojev-u-tekstu mojev-entity-placement\" style=\"margin-left: auto;margin-right: auto;text-align: center;\"><div class=\"mojev-adlabel\">oglas<\/div><div style=\"height: 250px;\"><script async src=\"https:\/\/pagead2.googlesyndication.com\/pagead\/js\/adsbygoogle.js?client=ca-pub-8106111766207173\"\r\n     crossorigin=\"anonymous\"><\/script>\r\n<!-- Prikazni 1 u tekstu -->\r\n<ins class=\"adsbygoogle\"\r\n     style=\"display:block\"\r\n     data-ad-client=\"ca-pub-8106111766207173\"\r\n     data-ad-slot=\"8535551207\"\r\n     data-ad-format=\"auto\"\r\n     data-full-width-responsive=\"true\"><\/ins>\r\n<script>\r\n     (adsbygoogle = window.adsbygoogle || []).push({});\r\n<\/script><\/div><\/div><br style=\"clear: both; display: block; float: none;\"\/>\n\n\n\n<p>Kako nadalje tvrdi na\u0161 \u010ditatelj, kombinirano vje\u0161ta\u010denje psihologa i psihijatra tako\u0111er idu njemu u prilog i njihovo izvje\u0161\u0107e navodi da se ocu smije odobriti vi\u0111anje djece. &#8220;Sud je i nakon toga donio negativnu odluku. Sada \u010dekam odgovor na \u017ealbu koja je kod tog istog suca. Da je pravna dr\u017eava tog suca bi se na neki na\u010din sankcioniralo&#8221;, tvrdi.<\/p>\n\n\n\n<h3 class=\"wp-block-heading\">Bezbroj molbi za vi\u0111anje djece <\/h3>\n\n\n\n<p>Izri\u010dito tvrdi da na\u0161e pravosu\u0111e uva\u017eava la\u017ei majki. &#8220;\u017dalosno je kako \u017eena mo\u017ee uni\u0161titi obitelj i \u017eivote djece. Djeca su zbog toga traumatizirana, a ona za to ne odgovara. Kada je moja biv\u0161a supruga s djecom oti\u0161la iz na\u0161e obiteljske ku\u0107e, najmla\u0111e je imalo samo dvije godine. To je bilo prije to\u010dno \u010detiri godine i nekih pet mjeseci. Do sada ja i moji roditelji nismo vidjeli djecu bez obzira na milijun molbi koje smo uputili prema Centru za socijalnu skrb i hrvatskom pravosu\u0111u. Imam jo\u0161 puno toga za re\u0107i, no ovo je dovoljno da se \u010duje vapaj jednog tate i spozna kako smo rangirani u borbi za djecu kad je u pitanju na\u0161e pravosu\u0111e. Smatram da se dje\u010dja prava se ne po\u0161tuju&#8221;, zaklju\u010dio je svoje pismo gospodin Mladen.<\/p>\n\n\n\n<h3 class=\"wp-block-heading\">Bake i djedovi su nezamjenjivi<\/h3>\n\n\n\n<p>Osim oba roditelja, za razvoj djeteta izuzetno su va\u017ene bake i djedovi. Istra\u017eivanja pokazuju kako je emocionalna privr\u017eenost djece prema bakama i djedovima najsna\u017enija emocionalna veza koju djeca razvijaju, nakon one prema roditeljima. Posebno je osjetljivo razdoblje u vrijeme adolescencije kada djeca s roditeljima \u010desto ne nalaze zajedni\u010dki jezik te u obiteljskom okru\u017eenju dolazi do nerazumijevanja i sukoba. Tada djetetu boravak kod bake i djeda mo\u017ee poslu\u017eiti kao privremeni odmak od napetosti i &#8220;mjesto gdje ih se razumije&#8221;. Djeca prilikom zajedni\u010dkih aktivnosti s djedom i bakom dobivaju uvid u proces starenja i promjene koje se u toj \u017eivotnoj dobi doga\u0111aju, stoga takvim odnosom u\u010de po\u0161tivati starije osobe. Djedovi i bake svojim primjerom pozitivnih vrijednosti, ideala i vjerovanja djeci prenose osnovne \u017eivotne vrijednosti. Vi\u0161e o ulozi baka i djedova <a href=\"https:\/\/www.mojevrijeme.hr\/magazin\/2021\/08\/bake-i-djedovi-cvrst-su-temelj-obitelji-ovo-je-njihova-uloga\/\" target=\"_blank\" rel=\"noreferrer noopener\">pro\u010ditajte ovdje<\/a>. <\/p>\n\n\n\n<h3 class=\"wp-block-heading\">Zakon jam\u010di bakama i djedovima vi\u0111anje unuka<\/h3>\n\n\n\n<p>Poglavlje &#8220;Ostvarivanje osobnih odnosa djeteta sa srodnicima i drugim osobama&#8221; Obiteljskog zakona ka\u017ee u 120. \u010dlanku: &#8220;Pravo na ostvarivanje osobnih odnosa imaju obostrano: dijete, bra\u0107a, sestre, polubra\u0107a, polusestre te bake i djedovi.&#8221;<\/p>\n\n\n\n<p>Osim toga, &#8220;roditelji i druge osobe koje stanuju s djetetom i skrbe se o djetetu du\u017ene su djetetu omogu\u0107iti ostvarivanje osobnih odnosa sa srodnicima i drugim osobama koje imaju na to pravo te se suzdr\u017eavati od svakog pona\u0161anja koje bi ote\u017eavalo ostvarivanje osobnih odnosa s djetetom.&#8221;<\/p>\n\n\n\n<p>Pravo na osobne odnose mo\u017ee se ukinuti, ka\u017ee Zakon, samo u slu\u010dajevima kada su ti odnosi u suprotnosti s dobrobiti djeteta.<\/p>\n\n\n\n<h3 class=\"wp-block-heading\">\u0160to Obiteljski zakon definira kao osobne odnose?<\/h3>\n\n\n\n<p>121. \u010dlanak ka\u017ee da se &#8220;osobni odnosi s djetetom mogu se ostvarivati izravno u kra\u0107im ili duljim razdobljima u obliku susreta i dru\u017eenja ili boravkom djeteta kod osobe koja ima pravo ostvarivati osobne odnose s djetetom&#8221;. Tako\u0111er, navodi Zakon, bake i djedovi imaju pravo djetetu slati darove, pisma, a mogu ga kontaktirati i sredstvima komunikacije.<\/p>\n\n\n\n<div id=\"crveno\"><\/p>\n\n\n\n<h3 class=\"wp-block-heading\">Zanima nas va\u0161a pri\u010da<\/h3>\n\n\n\n<p>\u017delite li i vi, posve anonimno, podijeliti svoje iskustvo i vi\u0111enje ove teme s nama i na\u0161im \u010ditateljima, mo\u017eete to u\u010diniti putem web obrasca <a rel=\"noreferrer noopener\" href=\"https:\/\/www.mojevrijeme.hr\/magazin\/povjerljivo\/\" target=\"_blank\">Povjerljivo<\/a>. Napi\u0161ite svoju pri\u010du!<\/p>\n\n\n\n<p><\/div>\n<div id=\"mojev-1441989726\" class=\"mojev-kraj-teksta mojev-entity-placement\" style=\"margin-bottom: 20px;margin-left: auto;margin-right: auto;text-align: center;\"><div class=\"mojev-adlabel\">oglas<\/div><div style=\"height: 250px;\"><script async src=\"https:\/\/pagead2.googlesyndication.com\/pagead\/js\/adsbygoogle.js?client=ca-pub-8106111766207173\"\r\n     crossorigin=\"anonymous\"><\/script>\r\n<!-- Display-1 -->\r\n<ins class=\"adsbygoogle\"\r\n     style=\"display:block\"\r\n     data-ad-client=\"ca-pub-8106111766207173\"\r\n     data-ad-slot=\"1465712950\"\r\n     data-ad-format=\"auto\"\r\n     data-full-width-responsive=\"true\"><\/ins>\r\n<script>\r\n     (adsbygoogle = window.adsbygoogle || []).push({});\r\n<\/script><\/div><\/div>","protected":false},"excerpt":{"rendered":"<p>Tu\u017eno je saznanje da negdje pokraj nas \u017eive djedovi i bake kojima je zabranjeno vi\u0111ati unuke. \u017drtve su kompliciranih razvoda svoje djece i unato\u010d Obiteljskom zakonu koji jasno definira njihova prava, ponekad ih godinama ne mogu ostvariti.<\/p>\n","protected":false},"author":17,"featured_media":77266,"comment_status":"closed","ping_status":"closed","sticky":false,"template":"","format":"standard","meta":{"footnotes":""},"categories":[3552],"tags":[3295,3437,252,318],"class_list":["post-77192","post","type-post","status-publish","format-standard","has-post-thumbnail","hentry","category-povjerljivo","tag-bake-i-djedovi","tag-obiteljski-odnosi","tag-razvod","tag-unuci"],"_links":{"self":[{"href":"https:\/\/www.mojevrijeme.hr\/magazin\/wp-json\/wp\/v2\/posts\/77192","targetHints":{"allow":["GET"]}}],"collection":[{"href":"https:\/\/www.mojevrijeme.hr\/magazin\/wp-json\/wp\/v2\/posts"}],"about":[{"href":"https:\/\/www.mojevrijeme.hr\/magazin\/wp-json\/wp\/v2\/types\/post"}],"author":[{"embeddable":true,"href":"https:\/\/www.mojevrijeme.hr\/magazin\/wp-json\/wp\/v2\/users\/17"}],"replies":[{"embeddable":true,"href":"https:\/\/www.mojevrijeme.hr\/magazin\/wp-json\/wp\/v2\/comments?post=77192"}],"version-history":[{"count":0,"href":"https:\/\/www.mojevrijeme.hr\/magazin\/wp-json\/wp\/v2\/posts\/77192\/revisions"}],"wp:featuredmedia":[{"embeddable":true,"href":"https:\/\/www.mojevrijeme.hr\/magazin\/wp-json\/wp\/v2\/media\/77266"}],"wp:attachment":[{"href":"https:\/\/www.mojevrijeme.hr\/magazin\/wp-json\/wp\/v2\/media?parent=77192"}],"wp:term":[{"taxonomy":"category","embeddable":true,"href":"https:\/\/www.mojevrijeme.hr\/magazin\/wp-json\/wp\/v2\/categories?post=77192"},{"taxonomy":"post_tag","embeddable":true,"href":"https:\/\/www.mojevrijeme.hr\/magazin\/wp-json\/wp\/v2\/tags?post=77192"}],"curies":[{"name":"wp","href":"https:\/\/api.w.org\/{rel}","templated":true}]}}