{"id":77272,"date":"2023-06-17T07:35:59","date_gmt":"2023-06-17T05:35:59","guid":{"rendered":"https:\/\/www.mojevrijeme.hr\/magazin\/?p=77272"},"modified":"2023-06-17T08:23:00","modified_gmt":"2023-06-17T06:23:00","slug":"mirovina-ode-na-podstanarstvo-da-mi-nema-djece-prosila-bi-po-ulici","status":"publish","type":"post","link":"https:\/\/www.mojevrijeme.hr\/magazin\/2023\/06\/mirovina-ode-na-podstanarstvo-da-mi-nema-djece-prosila-bi-po-ulici\/","title":{"rendered":"Mirovina ode na podstanarstvo: Da mi nema djece, prosila bih po ulici"},"content":{"rendered":"\n<p>Mnogi su stariji gra\u0111ani jo\u0161 u vrijeme biv\u0161e dr\u017eave stekli pravo stanovanja u dru\u0161tvenim nekretninama. Nakon osamostaljenja Hrvatske, na temelju tog prava, simboli\u010dnim su otkupom stekli i vlasni\u0161tvo nad tom nekretninom. Druga su skupina oni koji su stan ili ku\u0107u kupili na kredit i naj\u010de\u0161\u0107e pazili da im se zadnja rata kredita poklopi sa danom ulaska u mirovinu. Tre\u0107i su, dakako, oni koji su nekretninu, na bilo koji na\u010din (darovnim ugovorom, ugovorom o skrbni\u0161tvu itd.), naslijedili.<\/p>\n\n\n\n<p>Nisu svi bili te sre\u0107e da do mirovine imaju vlastiti krov nad glavom. U najbogatijim zemljama poput \u0160vicarske i Njema\u010dke, ni pola gra\u0111ana nema vlastitu nekretninu, pa ne\u0107emo ni mi ulaziti u to za\u0161to je netko u Hrvatskoj cijeli \u017eivot podstanar. Trebalo bi to biti sasvim normalno, samo na \u017ealost, nije. Nije normalno ne zbog krivnje ljudi (naj\u010de\u0161\u0107e), nego zbog previsokih cijena stanarina u odnosu na pla\u0107e, te naposljetku, mizerne mirovine. <\/p>\n\n\n\n<p>Od \u010dega da, primjerice, \u017eivi na\u0161a \u010ditateljica koja nam je u pismu povjerila da prima mirovinu od 450 eura, stan pla\u0107a 270 eura, a tome valja pribrojiti i re\u017eije za koje znamo kolike su, osobito zimi?!? Problematika je ovo koja ti\u0161ti mnoge umirovljene Hrvate, a mnogo je i onih koje problem sa stanovanjem u mirovini uskoro \u010deka, pa strepe. <\/p><div id=\"mojev-4285537041\" class=\"mojev-u-tekstu mojev-entity-placement\" style=\"margin-left: auto;margin-right: auto;text-align: center;\"><div class=\"mojev-adlabel\">oglas<\/div><div style=\"height: 250px;\"><script async src=\"https:\/\/pagead2.googlesyndication.com\/pagead\/js\/adsbygoogle.js?client=ca-pub-8106111766207173\"\r\n     crossorigin=\"anonymous\"><\/script>\r\n<!-- Prikazni 1 u tekstu -->\r\n<ins class=\"adsbygoogle\"\r\n     style=\"display:block\"\r\n     data-ad-client=\"ca-pub-8106111766207173\"\r\n     data-ad-slot=\"8535551207\"\r\n     data-ad-format=\"auto\"\r\n     data-full-width-responsive=\"true\"><\/ins>\r\n<script>\r\n     (adsbygoogle = window.adsbygoogle || []).push({});\r\n<\/script><\/div><\/div><br style=\"clear: both; display: block; float: none;\"\/>\n\n\n\n<p>Na\u0161a \u010ditateljica, podstanarka Luce (67) iz Splita, nije bila neradnica. Opisala nam je svoju nezavidnu situaciju u kojoj se na\u0161la i nakon \u0161to je uredno odradila 41 godinu i \u010detiri mjeseca neprekidnog sta\u017ea.<\/p>\n\n\n\n<h3 class=\"wp-block-heading\">Mjesec dana joj nedostajalo do pune mirovine<\/h3>\n\n\n\n<p>Gospo\u0111a Luce u mirovinu je oti\u0161la s prvim danom 2014. godine. Ro\u0111ena je u Zagori gdje su je roditelji u osnovnu \u0161kolu poslali s nepunih \u0161est godina. Srednju je \u0161kolu zavr\u0161ila u Splitu, gdje se odmah po \u0161kolovanju i zaposlila. &#8220;Punih 17 godina radila sam u jednom poduze\u0107u koje je naposljetku oti\u0161lo u ste\u010daj, no imala sam sre\u0107e \u0161to sam prije toga na\u0161la posao u dr\u017eavnoj firmi. Kad sam odlu\u010dila oti\u0107i u mirovinu imala sam 41 godinu i skoro \u010detiri mjeseca radnog sta\u017ea&#8221;, pi\u0161e nam gospo\u0111a Luce. &nbsp;<\/p>\n\n\n\n<p>Njezina je situacija zbilja bila nezahvalna. &#8220;Do pune mirovine nedostajalo mi je svega mjesec dana. Tu zadnju godinu izgubila sam volju dolaziti na posao, a nisam osoba od bolovanja. Zasiti se \u010dovjek svega, nepravde, odnosa i samo ti pukne da ode\u0161&#8221;, objasnila nam je razloge svog naglog umirovljenja.<\/p>\n\n\n\n<p>Za cijeli radni vijek neprekidnog sta\u017ea, dodijeljena joj je, uz penalizaciju od 1,2 posto, mirovina od 450 eura. \u010cetiri godine joj nisu priznate. &#8220;\u010cetiri godine nisu u\u0161le u izra\u010dun mirovine jer ste\u010dajnom upravitelju papiri nisu bili ispod kreveta. Eto, to je bio njegov odgovor&#8221;, svjedo\u010di gospo\u0111a Luce.<\/p>\n\n\n\n<h3 class=\"wp-block-heading\">Nije imala sre\u0107e s dodjelom stana<\/h3>\n\n\n\n<p>&#8220;Kad mi je trebao biti dodijeljen stan \u2013 a bila sam na listi &#8211; ona su ukinuli dodjelu, bez obzira \u0161to sam odvajala od pla\u0107e kao i svi ostali. Sada sam tu gdje jesam, podstanarka sam koja nema za osnovni \u017eivot&#8221;, nastavlja.<\/p>\n\n\n\n<p>&#8220;Kad misli\u0161 da \u0107e\u0161 u\u017eivati plodove rada, dogodi ti se jo\u0161 i te\u0161ka bolest. Od 450 eura mirovine, kad platim stan spadnem na 180 eura, a s njima prvo platim re\u017eije. Da nije moje djece, mogla bih prositi po ulici. \u017dalosno, ali istinito. Kad pogledam na vijestima zastupnike u Saboru, muka mi do\u0111e. Stra\u0161no je tko nam odre\u0111uje iznose mirovina. Samo \u0107u jo\u0161 jednom napisati: \u017ealosno&#8221;, zaklju\u010dila je splitska umirovljenica Luce.<\/p>\n\n\n\n<div id=\"crveno\"><\/p>\n\n\n\n<h3 class=\"wp-block-heading\">Zanima nas va\u0161a pri\u010da<\/h3>\n\n\n\n<p>\u017delite li i vi, posve anonimno, podijeliti svoje iskustvo i vi\u0111enje ove teme s nama i na\u0161im \u010ditateljima, mo\u017eete to u\u010diniti putem web obrasca <a rel=\"noreferrer noopener\" href=\"https:\/\/www.mojevrijeme.hr\/magazin\/povjerljivo\/\" target=\"_blank\">Povjerljivo<\/a>. Napi\u0161ite svoju pri\u010du!<\/p>\n\n\n\n<p><\/div>\n<div id=\"mojev-1153109564\" class=\"mojev-kraj-teksta mojev-entity-placement\" style=\"margin-bottom: 20px;margin-left: auto;margin-right: auto;text-align: center;\"><div class=\"mojev-adlabel\">oglas<\/div><div style=\"height: 250px;\"><script async src=\"https:\/\/pagead2.googlesyndication.com\/pagead\/js\/adsbygoogle.js?client=ca-pub-8106111766207173\"\r\n     crossorigin=\"anonymous\"><\/script>\r\n<!-- Display-1 -->\r\n<ins class=\"adsbygoogle\"\r\n     style=\"display:block\"\r\n     data-ad-client=\"ca-pub-8106111766207173\"\r\n     data-ad-slot=\"1465712950\"\r\n     data-ad-format=\"auto\"\r\n     data-full-width-responsive=\"true\"><\/ins>\r\n<script>\r\n     (adsbygoogle = window.adsbygoogle || []).push({});\r\n<\/script><\/div><\/div>","protected":false},"excerpt":{"rendered":"<p>Iako znamo da 89,9 posto Hrvata u vlasni\u0161tvu ima nekretninu u kojoj \u017eivi, pri \u010demu smo gotovo rekorderi u Europskoj uniji, osvijestimo ipak da postoje i oni manje sretni koji su cijeli \u017eivot podstanari. Najve\u0107i problem za njih nastaje kad odu u mirovinu \u2013 prihod im toliko padne da postane upitan i sam njihov opstanak. Ba\u0161 kao \u0161to je ugro\u017een i opstanak na\u0161oj umirovljenoj \u010ditateljici Luci iz Splita koja pre\u017eivljava, povjerila nam je, samo zahvaljuju\u0107i svojoj djeci koja ju financijski poma\u017eu.<\/p>\n","protected":false},"author":17,"featured_media":77417,"comment_status":"closed","ping_status":"closed","sticky":false,"template":"","format":"standard","meta":{"footnotes":""},"categories":[3552],"tags":[1731,237,236],"class_list":["post-77272","post","type-post","status-publish","format-standard","has-post-thumbnail","hentry","category-povjerljivo","tag-podstanari","tag-siromastvo","tag-standard"],"_links":{"self":[{"href":"https:\/\/www.mojevrijeme.hr\/magazin\/wp-json\/wp\/v2\/posts\/77272","targetHints":{"allow":["GET"]}}],"collection":[{"href":"https:\/\/www.mojevrijeme.hr\/magazin\/wp-json\/wp\/v2\/posts"}],"about":[{"href":"https:\/\/www.mojevrijeme.hr\/magazin\/wp-json\/wp\/v2\/types\/post"}],"author":[{"embeddable":true,"href":"https:\/\/www.mojevrijeme.hr\/magazin\/wp-json\/wp\/v2\/users\/17"}],"replies":[{"embeddable":true,"href":"https:\/\/www.mojevrijeme.hr\/magazin\/wp-json\/wp\/v2\/comments?post=77272"}],"version-history":[{"count":0,"href":"https:\/\/www.mojevrijeme.hr\/magazin\/wp-json\/wp\/v2\/posts\/77272\/revisions"}],"wp:featuredmedia":[{"embeddable":true,"href":"https:\/\/www.mojevrijeme.hr\/magazin\/wp-json\/wp\/v2\/media\/77417"}],"wp:attachment":[{"href":"https:\/\/www.mojevrijeme.hr\/magazin\/wp-json\/wp\/v2\/media?parent=77272"}],"wp:term":[{"taxonomy":"category","embeddable":true,"href":"https:\/\/www.mojevrijeme.hr\/magazin\/wp-json\/wp\/v2\/categories?post=77272"},{"taxonomy":"post_tag","embeddable":true,"href":"https:\/\/www.mojevrijeme.hr\/magazin\/wp-json\/wp\/v2\/tags?post=77272"}],"curies":[{"name":"wp","href":"https:\/\/api.w.org\/{rel}","templated":true}]}}