{"id":77282,"date":"2023-06-16T09:19:14","date_gmt":"2023-06-16T07:19:14","guid":{"rendered":"https:\/\/www.mojevrijeme.hr\/magazin\/?p=77282"},"modified":"2023-06-16T09:19:34","modified_gmt":"2023-06-16T07:19:34","slug":"marija-69-susjeda-nije-radila-ali-se-dobro-udala-i-ima-vecu-penziju-od-mene","status":"publish","type":"post","link":"https:\/\/www.mojevrijeme.hr\/magazin\/2023\/06\/marija-69-susjeda-nije-radila-ali-se-dobro-udala-i-ima-vecu-penziju-od-mene\/","title":{"rendered":"Marija (69): Susjeda nije radila, ali se dobro udala i ima ve\u0107u penziju od mene"},"content":{"rendered":"\n<p>Na\u0161a \u010ditateljica iz Slavonije u mirovinu je oti\u0161la 2016. godine, i to onu starosnu, iako se i ona, poput <a rel=\"noreferrer noopener\" href=\"https:\/\/www.mojevrijeme.hr\/magazin\/2023\/06\/za-39-godina-staza-370-eura-mirovine-mogao-sam-jos-raditi-ali-zivci-su-mi-popustili\/\" target=\"_blank\">gospodina Marka<\/a>, osje\u0107ala sposobnom raditi do 65 godina \u017eivota. I nju, osim male mirovine, mu\u010de nesretne okolnosti koje su je pratile ususret umirovljenju, a mu\u010di je i nepravda \u0161to neke \u017eene, koje su se dobro udale, a nisu radile, danas primaju ve\u0107e mirovine od nje koja je \u017eivot i zdravlje dala poslu.<\/p>\n\n\n\n<p>&#8220;Kad sam pro\u010ditala Markovo pismo, vidjela sam u njegovoj sudbini sebe. Mirovina mi je mala jer se Sindikat nije borio za nas u vrijeme kad je premijer bio Zoran Milanovi\u0107 koji nam je pla\u0107e snizio za 6 posto. Jadranka Kosor tako\u0111er. Sve se to odrazilo na mirovine nas koji smo bili pred umirovljenjem. Svi su \u0161utjeli, nije bilo \u0161trajkova&#8221;, pi\u0161e nam \u010ditateljica Marija koja ima srednju stru\u010dnu spremu.<\/p>\n\n\n\n<p>Cijeli radni vijek radila je, obja\u0161njava, u dr\u017eavnoj slu\u017ebi. Posljednjih 26 godina imala je istog predstojnika. &#8220;Nas &#8216;stare&#8217; radnike ignorirao je i maltretirao. Nismo se imali kome \u017ealiti jer se u Zagrebu, gdje nam je sredi\u0161nja slu\u017eba, prikazivao kao fin i kulturan \u010dovjek&#8221;, napisala je<strong>.<\/strong><\/p><div id=\"mojev-2163831600\" class=\"mojev-u-tekstu mojev-entity-placement\" style=\"margin-left: auto;margin-right: auto;text-align: center;\"><div class=\"mojev-adlabel\">oglas<\/div><div style=\"height: 250px;\"><script async src=\"https:\/\/pagead2.googlesyndication.com\/pagead\/js\/adsbygoogle.js?client=ca-pub-8106111766207173\"\r\n     crossorigin=\"anonymous\"><\/script>\r\n<!-- Prikazni 1 u tekstu -->\r\n<ins class=\"adsbygoogle\"\r\n     style=\"display:block\"\r\n     data-ad-client=\"ca-pub-8106111766207173\"\r\n     data-ad-slot=\"8535551207\"\r\n     data-ad-format=\"auto\"\r\n     data-full-width-responsive=\"true\"><\/ins>\r\n<script>\r\n     (adsbygoogle = window.adsbygoogle || []).push({});\r\n<\/script><\/div><\/div><br style=\"clear: both; display: block; float: none;\"\/>\n\n\n\n<h3 class=\"wp-block-heading\"><strong>Zdravstveni problemi zbog stresa<\/strong><\/h3>\n\n\n\n<p>Oti\u0161la je, obja\u0161njava dalje, u mirovinu, iako je bez problema mogla raditi jo\u0161 nekoliko godina. &#8220;Nisam vi\u0161e mogla izdr\u017eati sve \u0161to sam do\u017eivljavala na poslu, bolio me \u017eeludac. Neki kolege su mi govorili neka probam izdr\u017eati jo\u0161 godinu dana, kad predstojnik puni 65 godina i odlazi u mirovinu. Ja to nisam mogla!&#8221; opisuje.<\/p>\n\n\n\n<p>Mala mirovina koju danas prima joj je, dodaje, hvala \u0161to je cijeli rat radila, bez dana bolovanja. &#8220;Iskoristila sam jedino porodiljni dopust u trajanju od \u0161est mjeseci &#8211; to sam morala koristiti. Radila sam do zadnjeg dana &#8211; danas bila na poslu, sutra ujutro rodila! Nisam \u010dak koristila ni ono pravo na bolovanje prije poroda. Sad vidim koliko sam bila jadna&#8221;, pi\u0161e ogor\u010deno.<\/p>\n\n\n\n<h3 class=\"wp-block-heading\">Bogati mu\u017e &#8211; dobra penzija<\/h3>\n\n\n\n<p>Osvrnula se i na mirovine svojih znanaca i osvijestila nepravedan mirovinski sustav. Kako tvrdi, &nbsp;poznaje \u017eenu koja nikad nije radila, ali se udala za starijeg \u010dovjeka zbog dobre mirovine koju danas i u\u017eiva.<\/p>\n\n\n\n<p>&#8220;Ona ima ve\u0107u mirovinu od mene i jo\u0161 prima povi\u0161icu od 10 posto i jo\u0161 povi\u0161icu kod redovnog uskla\u0111ivanja kao mi koji smo radili. Eto, mislim da smo najvi\u0161e o\u0161te\u0107eni mi koji smo mirovinu zaradili svojim mukotrpnim radom. Zato sam ogor\u010dena, \u017eao mi je \u0161to se i za nas nije \u0161trajkalo, kao \u0161to se danas di\u017ee glas. Pitam za kraj, kada \u0107e se povisiti samo na\u0161e radni\u010dke, krvavo zara\u0111ene mirovine?&#8221; vapaj je umirovljenice iz Slavonskog Broda.<\/p>\n\n\n\n<div id=\"crveno\"><\/p>\n\n\n\n<h3 class=\"wp-block-heading\">Zanima nas va\u0161a pri\u010da<\/h3>\n\n\n\n<p>\u017delite li i vi, posve anonimno, podijeliti svoje iskustvo i vi\u0111enje ove teme s nama i na\u0161im \u010ditateljima, mo\u017eete to u\u010diniti putem web obrasca <a rel=\"noreferrer noopener\" href=\"https:\/\/www.mojevrijeme.hr\/magazin\/povjerljivo\/\" target=\"_blank\">Povjerljivo<\/a>. Napi\u0161ite svoju pri\u010du!<\/p>\n\n\n\n<p><\/div>\n<div id=\"mojev-2051043728\" class=\"mojev-kraj-teksta mojev-entity-placement\" style=\"margin-bottom: 20px;margin-left: auto;margin-right: auto;text-align: center;\"><div class=\"mojev-adlabel\">oglas<\/div><div style=\"height: 250px;\"><script async src=\"https:\/\/pagead2.googlesyndication.com\/pagead\/js\/adsbygoogle.js?client=ca-pub-8106111766207173\"\r\n     crossorigin=\"anonymous\"><\/script>\r\n<!-- Display-1 -->\r\n<ins class=\"adsbygoogle\"\r\n     style=\"display:block\"\r\n     data-ad-client=\"ca-pub-8106111766207173\"\r\n     data-ad-slot=\"1465712950\"\r\n     data-ad-format=\"auto\"\r\n     data-full-width-responsive=\"true\"><\/ins>\r\n<script>\r\n     (adsbygoogle = window.adsbygoogle || []).push({});\r\n<\/script><\/div><\/div>","protected":false},"excerpt":{"rendered":"<p>Gospo\u0111a Marija iz Slavonskog Broda jedna je od mnogih koji su sebe prepoznali u sudbini gospodina Marka, o kojem smo nedavno pisali, a koji za 39 godina sta\u017ea prima 370 eura mirovine. Ni njezina nije puno bolja, a krvavo je radila od kraja srednje \u0161kole do ispunjenja uvjeta za starosnu mirovinu.<\/p>\n","protected":false},"author":17,"featured_media":77318,"comment_status":"closed","ping_status":"closed","sticky":false,"template":"","format":"standard","meta":{"footnotes":""},"categories":[3552],"tags":[18,3572,1010,1436,800],"class_list":["post-77282","post","type-post","status-publish","format-standard","has-post-thumbnail","hentry","category-povjerljivo","tag-mirovine","tag-mobing","tag-obiteske-mirovine","tag-povjerljivo","tag-udovice"],"_links":{"self":[{"href":"https:\/\/www.mojevrijeme.hr\/magazin\/wp-json\/wp\/v2\/posts\/77282","targetHints":{"allow":["GET"]}}],"collection":[{"href":"https:\/\/www.mojevrijeme.hr\/magazin\/wp-json\/wp\/v2\/posts"}],"about":[{"href":"https:\/\/www.mojevrijeme.hr\/magazin\/wp-json\/wp\/v2\/types\/post"}],"author":[{"embeddable":true,"href":"https:\/\/www.mojevrijeme.hr\/magazin\/wp-json\/wp\/v2\/users\/17"}],"replies":[{"embeddable":true,"href":"https:\/\/www.mojevrijeme.hr\/magazin\/wp-json\/wp\/v2\/comments?post=77282"}],"version-history":[{"count":0,"href":"https:\/\/www.mojevrijeme.hr\/magazin\/wp-json\/wp\/v2\/posts\/77282\/revisions"}],"wp:featuredmedia":[{"embeddable":true,"href":"https:\/\/www.mojevrijeme.hr\/magazin\/wp-json\/wp\/v2\/media\/77318"}],"wp:attachment":[{"href":"https:\/\/www.mojevrijeme.hr\/magazin\/wp-json\/wp\/v2\/media?parent=77282"}],"wp:term":[{"taxonomy":"category","embeddable":true,"href":"https:\/\/www.mojevrijeme.hr\/magazin\/wp-json\/wp\/v2\/categories?post=77282"},{"taxonomy":"post_tag","embeddable":true,"href":"https:\/\/www.mojevrijeme.hr\/magazin\/wp-json\/wp\/v2\/tags?post=77282"}],"curies":[{"name":"wp","href":"https:\/\/api.w.org\/{rel}","templated":true}]}}