{"id":77303,"date":"2023-06-15T20:20:32","date_gmt":"2023-06-15T18:20:32","guid":{"rendered":"https:\/\/www.mojevrijeme.hr\/magazin\/?p=77303"},"modified":"2023-06-15T20:21:13","modified_gmt":"2023-06-15T18:21:13","slug":"umirovljenici-dizu-glas-protiv-drzavnog-ekonomskog-nasilja-borit-cemo-se","status":"publish","type":"post","link":"https:\/\/www.mojevrijeme.hr\/magazin\/2023\/06\/umirovljenici-dizu-glas-protiv-drzavnog-ekonomskog-nasilja-borit-cemo-se\/","title":{"rendered":"Umirovljenici protiv dr\u017eavnog ekonomskog nasilja: Borit \u0107emo se!"},"content":{"rendered":"\n<p>&#8220;Nad dvoje od troje svih umirovljenika, dakle nad preko 866.000 svih onih koji \u017eive ispod linije siroma\u0161tva, provodi se sustavno ekonomske nasilje&#8221;, objavila je danas platforma Umirovljenici zajedno. <\/p>\n\n\n\n<p>&#8220;\u0160to je to ako nije nasilje nad starijima ako tek mali broj umirovljenika mo\u017ee svojom mirovinom pla\u0107ati smje\u0161taj u domu za starije osobe? \u0160to je to ako nije nasilje nad starijim osobama ako im mirovina ne omogu\u0107ava putovati? \u0160to je to ako nije nasilje nad starijima koji moraju masovno kopati po kontejnerima tra\u017ee\u0107i plasti\u010dne boce ili neki drugi korisni materijal koji mogu prodati i tako barem minimalno popraviti svoju materijalnu situaciju?&#8221; stoji u priop\u0107enju objavljenom povodom dana\u0161njeg Me\u0111unarodnog dana borbe protiv nasilja nad starijim osobama.<\/p>\n\n\n\n<p>&#8220;Platforma Umirovljenici zajedno je ve\u0107 najavila da \u0107e u borbi protiv siroma\u0161tva starijih osoba, odnosno umirovljenika, zajedno sa umirovljeni\u010dkim udrugama koristiti sva raspolo\u017eiva politi\u010dka, ali i sva druga Zakonom dopu\u0161tena sredstva&#8221;, stoji u zaklju\u010dku ove objave. <\/p><div id=\"mojev-4261402345\" class=\"mojev-u-tekstu mojev-entity-placement\" style=\"margin-left: auto;margin-right: auto;text-align: center;\"><div class=\"mojev-adlabel\">oglas<\/div><div style=\"height: 250px;\"><script async src=\"https:\/\/pagead2.googlesyndication.com\/pagead\/js\/adsbygoogle.js?client=ca-pub-8106111766207173\"\r\n     crossorigin=\"anonymous\"><\/script>\r\n<!-- Prikazni 1 u tekstu -->\r\n<ins class=\"adsbygoogle\"\r\n     style=\"display:block\"\r\n     data-ad-client=\"ca-pub-8106111766207173\"\r\n     data-ad-slot=\"8535551207\"\r\n     data-ad-format=\"auto\"\r\n     data-full-width-responsive=\"true\"><\/ins>\r\n<script>\r\n     (adsbygoogle = window.adsbygoogle || []).push({});\r\n<\/script><\/div><\/div><br style=\"clear: both; display: block; float: none;\"\/>\n\n\n\n<p>Podsjetimo, <strong>Milivoj \u0160pika<\/strong> iz Bloka umirovljenika zajedno ranije je za N1 televiziju komentirao mogu\u0107i izlazak umirovljenika u prosvjede. &#8220;U ovom trenutku bi bilo bedasto da sazivamo prosvjed na +35 no \u010dini nam se zgodan trenutak 1. listopada. To je Me\u0111unarodni dan umirovljenika i nedjelja je. Vidjet \u0107emo ho\u0107e li to biti proslava ili prosvjed. \u010cinimo tre\u0107inu populacije u Hrvatskoj i u najve\u0107oj mjeri izlazimo na izbore. Svake godine imamo realni pad mirovina. Zato treba mijenjati na\u010din obra\u010duna za mirovine. Svakoj vlasti umirovljenici osiguravaju ve\u0107inu, ali mogu i mijenjati vlast\u201d, zaklju\u010dio je \u0160pika!<\/p>\n\n\n\n<p>U platformi sudjeluju Stranka umirovljenika, Blok umirovljenici zajedno i Demokratska stranka umirovljenika. <\/p>\n<div id=\"mojev-1857404498\" class=\"mojev-kraj-teksta mojev-entity-placement\" style=\"margin-bottom: 20px;margin-left: auto;margin-right: auto;text-align: center;\"><div class=\"mojev-adlabel\">oglas<\/div><div style=\"height: 250px;\"><script async src=\"https:\/\/pagead2.googlesyndication.com\/pagead\/js\/adsbygoogle.js?client=ca-pub-8106111766207173\"\r\n     crossorigin=\"anonymous\"><\/script>\r\n<!-- Display-1 -->\r\n<ins class=\"adsbygoogle\"\r\n     style=\"display:block\"\r\n     data-ad-client=\"ca-pub-8106111766207173\"\r\n     data-ad-slot=\"1465712950\"\r\n     data-ad-format=\"auto\"\r\n     data-full-width-responsive=\"true\"><\/ins>\r\n<script>\r\n     (adsbygoogle = window.adsbygoogle || []).push({});\r\n<\/script><\/div><\/div>","protected":false},"excerpt":{"rendered":"<p>Platforma najavljuje borbu protiv siroma\u0161tva uz kori\u0161tenje svih politi\u010dkih i zakonskih sredstava. Nisu isklju\u010deni ni prosvjedi umirovljenika na jesen.<\/p>\n","protected":false},"author":1,"featured_media":69688,"comment_status":"closed","ping_status":"closed","sticky":false,"template":"","format":"standard","meta":{"footnotes":""},"categories":[9],"tags":[],"class_list":["post-77303","post","type-post","status-publish","format-standard","has-post-thumbnail","hentry","category-vijesti"],"_links":{"self":[{"href":"https:\/\/www.mojevrijeme.hr\/magazin\/wp-json\/wp\/v2\/posts\/77303","targetHints":{"allow":["GET"]}}],"collection":[{"href":"https:\/\/www.mojevrijeme.hr\/magazin\/wp-json\/wp\/v2\/posts"}],"about":[{"href":"https:\/\/www.mojevrijeme.hr\/magazin\/wp-json\/wp\/v2\/types\/post"}],"author":[{"embeddable":true,"href":"https:\/\/www.mojevrijeme.hr\/magazin\/wp-json\/wp\/v2\/users\/1"}],"replies":[{"embeddable":true,"href":"https:\/\/www.mojevrijeme.hr\/magazin\/wp-json\/wp\/v2\/comments?post=77303"}],"version-history":[{"count":0,"href":"https:\/\/www.mojevrijeme.hr\/magazin\/wp-json\/wp\/v2\/posts\/77303\/revisions"}],"wp:featuredmedia":[{"embeddable":true,"href":"https:\/\/www.mojevrijeme.hr\/magazin\/wp-json\/wp\/v2\/media\/69688"}],"wp:attachment":[{"href":"https:\/\/www.mojevrijeme.hr\/magazin\/wp-json\/wp\/v2\/media?parent=77303"}],"wp:term":[{"taxonomy":"category","embeddable":true,"href":"https:\/\/www.mojevrijeme.hr\/magazin\/wp-json\/wp\/v2\/categories?post=77303"},{"taxonomy":"post_tag","embeddable":true,"href":"https:\/\/www.mojevrijeme.hr\/magazin\/wp-json\/wp\/v2\/tags?post=77303"}],"curies":[{"name":"wp","href":"https:\/\/api.w.org\/{rel}","templated":true}]}}